{"id":4316,"date":"2010-08-20T16:06:33","date_gmt":"2010-08-20T14:06:33","guid":{"rendered":"http:\/\/terragina.de\/blog\/2010\/08\/20\/paket-inhalt\/"},"modified":"2011-07-09T10:05:21","modified_gmt":"2011-07-09T08:05:21","slug":"paket-inhalt","status":"publish","type":"post","link":"https:\/\/terragina.de\/blog\/2010\/08\/20\/paket-inhalt\/","title":{"rendered":"Paket-Inhalt"},"content":{"rendered":"<p>Leute, die mich kennen, wissen, dass ich unheimlich gerne Musik von meinem i*Phone h\u00c3\u00b6re. Zu WM-Zeiten hatte mir der Hobbykoch eine neue kleine i*Phone-taugliche Mini-Anlage geschenkt, die seither morgens als allererstes in der K\u00c3\u00bcche eingeschaltet wird. Gerne h\u00c3\u00b6rten wir auch die WM-Songs auf der Terrasse, aber jedesmal, wenn wir sie raus trugen, mussten wir wegen dem Kabel auf die Arbeitsplatte klettern oder erst einen Stuhl holen. Doof &#8211; das! Die benachbarte Feuerwehr, wo wir die Spiele immer schauten, wollte gerne an der Musik teilhaben. Leider gibt die kleine s\u00c3\u00bc\u00c3\u0178e Anlage die seinerzeit gew\u00c3\u00bcnschte Lautst\u00c3\u00a4rke nicht her &#8211; f\u00c3\u00bcr die K\u00c3\u00bcche und das morgendliche Radio-H\u00c3\u00b6ren ist sie aber ideal.<\/p>\n<p>Schon l\u00c3\u00a4ngere Zeit lieb\u00c3\u00a4ugelte ich mit einem i*Phone-Verst\u00c3\u00a4rker und machte mich schon seit Tagen im Web schlau &#8211; auch bei Media*Markt schaute ich mir ein paar Ger\u00c3\u00a4te an. Aber nur gucken, denn dieser Laden hat einfach stolze Preise.<\/p>\n<p>Vor drei Tagen am Abend schaute ich dann nochmal gemeinsam mit dem Hobbykoch und las ein paar Erfahrungsberichte. Eigentlich wollte ich ca. 30-50 Euro weniger f\u00c3\u00bcr ein kleineres Modell ausgeben. Aber \u00c3\u00bcberzeugt wurde ich durch die guten Kritiken und die Akku-Ladefunktion (auch im abgeschalteten Zustand) &#8211; also handelt es sich bei diesem Ger\u00c3\u00a4t um eine vollwertige Docking-Station. Und das Beste: 40 Euronen g\u00c3\u00bcnstiger als bei MM.<\/p>\n<p><a href=\"http:\/\/terragina.de\/blog\/2010\/08\/20\/freitags-fueller-73\/\" title=\"Freitags-F\u00c3\u00bcller #73\">Hier<\/a> habe ich ja schon geschrieben, dass ich ein Paket erwarte &#8211; und vor ca. 2 Stunden traf es bei mir ein. Schnell aufgebaut und i*Phone reingesteckt. Huch &#8211; naja, so besonders ist der Klang ja doch nicht und die Fernbedienung funktionierte auch nicht&#8230;.<\/p>\n<p>Tja &#8211; man sollte vielleicht das Ger\u00c3\u00a4t auch auf der R\u00c3\u00bcckseite erstmal einschalten. :blush: Und dann war er da &#8211; der \u00c3\u00bcberzeugende Party-Sound, der locker auch die n\u00c3\u00a4chste Terrassenfete unterhalten wird und ruck-zuck aufgebaut ist. Es ist wirklich kaum f\u00c3\u00bcr m\u00c3\u00b6glich zu halten, dass aus diesem kleinen Ding so ein toller Sound raus kommt. Unser Fazit: Absolut empfehlenswert &#8211; sucht Ihr noch einen Soundverst\u00c3\u00a4rker f\u00c3\u00bcr i*Phone, i*Pod &amp; Co. Sehr sch\u00c3\u00b6n auch: Adapter sind f\u00c3\u00bcr alle Ger\u00c3\u00a4te dabei &#8211; auch f\u00c3\u00bcr`s neue i*Phone4. :dance:<\/p>\n<p>Die Party kann beginnen &#8211; let\u00c2\u00b4s ROCK!<\/p>\n<div style=\"text-align: center;\">\n  <img loading=\"lazy\" decoding=\"async\" src=\"http:\/\/terragina.de\/blog\/wp-content\/uploads\/2010\/08\/klangwunder.jpg\" width=\"580\" height=\"435\" alt=\"klangwunder.jpg\" \/>\n<\/div>\n<div style=\"text-align: center;\">\n  \n<\/div>\n","protected":false},"excerpt":{"rendered":"<p>Leute, die mich kennen, wissen, dass ich unheimlich gerne Musik von meinem i*Phone h\u00c3\u00b6re. Zu WM-Zeiten hatte mir der Hobbykoch eine neue kleine i*Phone-taugliche Mini-Anlage geschenkt, die seither morgens als allererstes in der K\u00c3\u00bcche eingeschaltet wird. Gerne h\u00c3\u00b6rten wir auch die WM-Songs auf der Terrasse, aber jedesmal, wenn wir sie raus trugen, mussten wir wegen dem Kabel auf die Arbeitsplatte klettern oder erst einen Stuhl holen. Doof &#8211; das! Die benachbarte Feuerwehr, wo wir die Spiele immer schauten, wollte gerne an der Musik teilhaben. Leider gibt die kleine s\u00c3\u00bc\u00c3\u0178e Anlage die seinerzeit gew\u00c3\u00bcnschte Lautst\u00c3\u00a4rke nicht her &#8211; f\u00c3\u00bcr die K\u00c3\u00bcche und das morgendliche Radio-H\u00c3\u00b6ren ist sie aber ideal. Schon l\u00c3\u00a4ngere Zeit lieb\u00c3\u00a4ugelte ich mit einem i*Phone-Verst\u00c3\u00a4rker und machte mich schon seit Tagen im Web schlau &#8211; auch bei Media*Markt schaute ich mir ein paar Ger\u00c3\u00a4te an. Aber nur gucken, denn dieser Laden hat einfach stolze Preise. Vor drei Tagen am Abend schaute ich dann nochmal gemeinsam mit dem Hobbykoch und las ein paar Erfahrungsberichte. Eigentlich wollte ich ca. 30-50 Euro weniger f\u00c3\u00bcr ein kleineres Modell &hellip;<\/p>\n","protected":false},"author":1,"featured_media":0,"comment_status":"open","ping_status":"open","sticky":false,"template":"","format":"standard","meta":{"_jetpack_newsletter_access":"","_jetpack_dont_email_post_to_subs":false,"_jetpack_newsletter_tier_id":0,"_jetpack_memberships_contains_paywalled_content":false,"_jetpack_memberships_contains_paid_content":false,"footnotes":""},"categories":[104,113],"tags":[],"class_list":["post-4316","post","type-post","status-publish","format-standard","hentry","category-iphone_ipad","category-musik"],"jetpack_sharing_enabled":true,"jetpack_shortlink":"https:\/\/wp.me\/pq7aY-17C","jetpack_likes_enabled":true,"jetpack-related-posts":[],"jetpack_featured_media_url":"","_links":{"self":[{"href":"https:\/\/terragina.de\/blog\/wp-json\/wp\/v2\/posts\/4316","targetHints":{"allow":["GET"]}}],"collection":[{"href":"https:\/\/terragina.de\/blog\/wp-json\/wp\/v2\/posts"}],"about":[{"href":"https:\/\/terragina.de\/blog\/wp-json\/wp\/v2\/types\/post"}],"author":[{"embeddable":true,"href":"https:\/\/terragina.de\/blog\/wp-json\/wp\/v2\/users\/1"}],"replies":[{"embeddable":true,"href":"https:\/\/terragina.de\/blog\/wp-json\/wp\/v2\/comments?post=4316"}],"version-history":[{"count":0,"href":"https:\/\/terragina.de\/blog\/wp-json\/wp\/v2\/posts\/4316\/revisions"}],"wp:attachment":[{"href":"https:\/\/terragina.de\/blog\/wp-json\/wp\/v2\/media?parent=4316"}],"wp:term":[{"taxonomy":"category","embeddable":true,"href":"https:\/\/terragina.de\/blog\/wp-json\/wp\/v2\/categories?post=4316"},{"taxonomy":"post_tag","embeddable":true,"href":"https:\/\/terragina.de\/blog\/wp-json\/wp\/v2\/tags?post=4316"}],"curies":[{"name":"wp","href":"https:\/\/api.w.org\/{rel}","templated":true}]}}