{"id":4330,"date":"2010-08-24T18:03:47","date_gmt":"2010-08-24T16:03:47","guid":{"rendered":"http:\/\/terragina.de\/blog\/2010\/08\/24\/bilder-des-tages\/"},"modified":"2011-07-09T10:05:15","modified_gmt":"2011-07-09T08:05:15","slug":"bilder-des-tages","status":"publish","type":"post","link":"https:\/\/terragina.de\/blog\/2010\/08\/24\/bilder-des-tages\/","title":{"rendered":"Bilder des Tages"},"content":{"rendered":"<p>Wenn man alleine ist, dann bleibt doch ein wenig mehr Arbeit an einem selber h\u00c3\u00a4ngen und man merkt es erst, wenn der Tag fast vorbei ist. Nun ist es schon wieder bald Abendessen-Zeit und ich erwarte die Kids in einer 3\/4 bzw. in 1 1\/2 Stunden.<\/p>\n<p>Kurz Zeit, um einen weiteren Tag Revue passieren zu lassen &#8211; heute aber wenigstens mit iPhone-Fotos. Ich wei\u00c3\u0178, irgendwo auf der anderen Seite der Erdkugel sitzt ein Hobbykoch und freut sich, die Geschehnisse des Tages zu lesen. Ich hoffe, meine anderen Leser langweilen sich nicht.<\/p>\n<p>Freunde und Bekannte und auch der\/die ein oder andere Blogleser\/in wei\u00c3\u0178, dass ich Mo-Di-Mi-Do vormittags arbeite. Dass ich in aller Herrgottsfr\u00c3\u00bche aufstehe und mein Arbeitstag meist noch vor 6 Uhr beginnt. Mit dem Reinigen der Kaffeemaschine und dem Kochen einer gro\u00c3\u0178en Kanne Tee.<\/p>\n<p>Zu gerne h\u00c3\u00a4tte ich heute morgen aus dem Auto den Vollmond fotografiert &#8211; aber das ist ein wenig doof beim Fahren. Also mu\u00c3\u0178 ich diesen Eindruck irgendwie anders in meinem Ged\u00c3\u00a4chtnis behalten.<\/p>\n<p>Der Vormittag ging recht schnell rum &#8211; komplikationslos. Nur m\u00c3\u00bcde war ich heute. Kurz, bevor ich Feierabend machen konnte, habe ich aus der 4. Etage des Geb\u00c3\u00a4udes, in dem ich besch\u00c3\u00a4ftigt bin, ein Foto gemacht, weil ich die Wolken so klasse fand. Das habe ich heute meiner Leserschaft &#8211; und mir selber &#8211; mitgebracht:<\/p>\n<p><\/p>\n<div style=\"text-align: center;\">\n  <img loading=\"lazy\" decoding=\"async\" src=\"http:\/\/terragina.de\/blog\/wp-content\/uploads\/2010\/08\/arbeitsplatz.jpg\" width=\"435\" height=\"580\" alt=\"arbeitsplatz.jpg\" \/>\n<\/div>\n<p><\/p>\n<p>Schaut schon ganz nett aus, wenn die Sonne scheint, oder? Industrie eben. ;)<\/p>\n<p>Einen mir bislang unbekannten Weg bin ich dann vom B\u00c3\u00bcro aus zu meinem Fitness-Studio gefahren. Ich war ca. 7 Minuten schneller und staunte, wie schnell es eigentlich ging. So werde ich jetzt immer fahren.<\/p>\n<p>Heute auf dem Programm:<\/p>\n<ol>\n<li>27 Minuten Crosstrainer<\/li>\n<li>Abduktion<\/li>\n<li>Adduktion<\/li>\n<li>R\u00c3\u00bcckenzug<\/li>\n<li>Dips<\/li>\n<li>Bauchmuskelmaschine<\/li>\n<li>35 Minuten Laufband<\/li>\n<\/ol>\n<p>Ich bin sehr zufrieden mit mir &#8211; habe ich doch heute auf Crosstrainer und Laufband &#8211; so die Anzeige stimmt &#8211; <b>5,8 km<\/b> zur\u00c3\u00bcckgelegt und dabei knapp <b>450 kcal<\/b> verbrannt. Ist das gut? Darf ich ein klitzekleines bisschen stolz auf mich sein? Ich habe keine Ahnung, wei\u00c3\u0178 aber, dass ich mich schon bissel gesteigert habe. Dazu noch die Kraftger\u00c3\u00a4te &#8211; Terragina wird fit! :dance:<\/p>\n<p>Nach ca. 1 3\/4 Stunden musste ich dann die Fenster meiner Rennsemmel erstmal aufreissen &#8211; es war doch ganz sch\u00c3\u00b6n hei\u00c3\u0178 da drinnen. Zeit f\u00c3\u00bcr ein weiteres i*Phone-Foto:<\/p>\n<p><\/p>\n<div style=\"text-align: center;\">\n  <img loading=\"lazy\" decoding=\"async\" src=\"http:\/\/terragina.de\/blog\/wp-content\/uploads\/2010\/08\/fit7eleven.jpg\" width=\"435\" height=\"580\" alt=\"fit7eleven.jpg\" \/>\n<\/div>\n<p><\/p>\n<p>Ich mag ja so grafische Fotos sehr gerne und \u00c3\u00bcbrigens &#8211; die Foto-Qualit\u00c3\u00a4t des neuen i*Phones kann sich wirklich schon deutlich eher sehen lassen. Ich bin zufrieden und habe am Knipsen sehr viel Spa\u00c3\u0178.<\/p>\n<p>Heim &#8211; Duschen &#8211; Vorbereitungen f\u00c3\u00bcr`s Abendessen treffen (Heute auf dem Speisezettel: Pellkartoffeln mit Quark) &#8211; W\u00c3\u00a4sche waschen und aufh\u00c3\u00a4ngen &#8211; Katzenklos machen &#8211; Miezen versorgen.<\/p>\n<p>Ach ja, und vorhin habe ich kurz noch mein erstes Blog-Rezept bei Cookiza eingetragen &#8211; mal sehen, ob sie es annehmen. ;)<\/p>\n<p>Und schon mu\u00c3\u0178 ich wieder weg, weil die Kartoffeln sich zwar fast von alleine Kochen, aber doch ein wenig \u00c3\u0153berwachung bed\u00c3\u00bcrfen. Und den Quark mu\u00c3\u0178 ich auch noch zusammen r\u00c3\u00bchren:<\/p>\n<p>Zwiebelchen und Schnittlauch aus dem Garten sind schon geschnitten, dazu 20%iger Quark, etwas Milch und Sprudelwasser zum glatt r\u00c3\u00bchren, ein bisschen Senf, Salz, Pfeffer, Essig und Zitronensaft &#8211; fertig ist ein Lieblingsessen meiner Kinder.<\/p>\n<p><i>Ich bin dann mal wieder in der K\u00c3\u00bcche&#8230;.<\/i><\/p>\n<p><span style=\"font-size: 10px;\">Sorry, dass im Moment nicht mehr von mir kommt und ich auch nicht so fleissig mit Kommentieren bin&#8230; ich schaff`s einfach nicht, alles unter einen Hut zu bringen. Aber: Ich habe ja eine verst\u00c3\u00a4ndnisvolle, \u00c3\u00a4u\u00c3\u0178erst nette Leserschaft.<\/span> :yes1:<\/p>\n<p><\/p>\n","protected":false},"excerpt":{"rendered":"<p>Wenn man alleine ist, dann bleibt doch ein wenig mehr Arbeit an einem selber h\u00c3\u00a4ngen und man merkt es erst, wenn der Tag fast vorbei ist. Nun ist es schon wieder bald Abendessen-Zeit und ich erwarte die Kids in einer 3\/4 bzw. in 1 1\/2 Stunden. Kurz Zeit, um einen weiteren Tag Revue passieren zu lassen &#8211; heute aber wenigstens mit iPhone-Fotos. Ich wei\u00c3\u0178, irgendwo auf der anderen Seite der Erdkugel sitzt ein Hobbykoch und freut sich, die Geschehnisse des Tages zu lesen. Ich hoffe, meine anderen Leser langweilen sich nicht. Freunde und Bekannte und auch der\/die ein oder andere Blogleser\/in wei\u00c3\u0178, dass ich Mo-Di-Mi-Do vormittags arbeite. Dass ich in aller Herrgottsfr\u00c3\u00bche aufstehe und mein Arbeitstag meist noch vor 6 Uhr beginnt. Mit dem Reinigen der Kaffeemaschine und dem Kochen einer gro\u00c3\u0178en Kanne Tee. Zu gerne h\u00c3\u00a4tte ich heute morgen aus dem Auto den Vollmond fotografiert &#8211; aber das ist ein wenig doof beim Fahren. Also mu\u00c3\u0178 ich diesen Eindruck irgendwie anders in meinem Ged\u00c3\u00a4chtnis behalten. Der Vormittag ging recht schnell rum &#8211; komplikationslos. Nur &hellip;<\/p>\n","protected":false},"author":1,"featured_media":0,"comment_status":"open","ping_status":"open","sticky":false,"template":"","format":"standard","meta":{"_jetpack_newsletter_access":"","_jetpack_dont_email_post_to_subs":false,"_jetpack_newsletter_tier_id":0,"_jetpack_memberships_contains_paywalled_content":false,"_jetpack_memberships_contains_paid_content":false,"footnotes":""},"categories":[114],"tags":[973],"class_list":["post-4330","post","type-post","status-publish","format-standard","hentry","category-plauderecke","tag-plauderecke"],"jetpack_sharing_enabled":true,"jetpack_shortlink":"https:\/\/wp.me\/pq7aY-17Q","jetpack_likes_enabled":true,"jetpack-related-posts":[],"jetpack_featured_media_url":"","_links":{"self":[{"href":"https:\/\/terragina.de\/blog\/wp-json\/wp\/v2\/posts\/4330","targetHints":{"allow":["GET"]}}],"collection":[{"href":"https:\/\/terragina.de\/blog\/wp-json\/wp\/v2\/posts"}],"about":[{"href":"https:\/\/terragina.de\/blog\/wp-json\/wp\/v2\/types\/post"}],"author":[{"embeddable":true,"href":"https:\/\/terragina.de\/blog\/wp-json\/wp\/v2\/users\/1"}],"replies":[{"embeddable":true,"href":"https:\/\/terragina.de\/blog\/wp-json\/wp\/v2\/comments?post=4330"}],"version-history":[{"count":0,"href":"https:\/\/terragina.de\/blog\/wp-json\/wp\/v2\/posts\/4330\/revisions"}],"wp:attachment":[{"href":"https:\/\/terragina.de\/blog\/wp-json\/wp\/v2\/media?parent=4330"}],"wp:term":[{"taxonomy":"category","embeddable":true,"href":"https:\/\/terragina.de\/blog\/wp-json\/wp\/v2\/categories?post=4330"},{"taxonomy":"post_tag","embeddable":true,"href":"https:\/\/terragina.de\/blog\/wp-json\/wp\/v2\/tags?post=4330"}],"curies":[{"name":"wp","href":"https:\/\/api.w.org\/{rel}","templated":true}]}}