{"id":4345,"date":"2010-08-29T16:55:38","date_gmt":"2010-08-29T14:55:38","guid":{"rendered":"http:\/\/terragina.de\/blog\/2010\/08\/29\/apfel-allergie\/"},"modified":"2011-07-09T10:05:07","modified_gmt":"2011-07-09T08:05:07","slug":"apfel-allergie","status":"publish","type":"post","link":"https:\/\/terragina.de\/blog\/2010\/08\/29\/apfel-allergie\/","title":{"rendered":"Apfel-Allergie?"},"content":{"rendered":"<p>Eine eigentlich sehr liebe Person hat mir vor einiger Zeit mal in einen Kommentar geschrieben, man\/frau k\u00c3\u00b6nne uns nicht besuchen kommen, wenn man eine Apfel-Allergie h\u00c3\u00a4tte. Ich wei\u00c3\u0178 noch sehr genau, welche sehr liebe Person es war, aber ich bin jetzt zu faul, den Kommentar heraus zu suchen, deswegen gibt`s jetzt keinen Link. Aber ich m\u00c3\u00b6chte Euch eine kleine Geschichte erz\u00c3\u00a4hlen, hole aber noch ein wenig aus, denn gestern war ein sch\u00c3\u00b6ner Tag und irgendwie so gar keine Zeit zum Bloggen. ;)<\/p>\n<p>Ich hatte ja im letzten <a href=\"http:\/\/terragina.de\/blog\/2010\/08\/27\/freitags-fueller-74\/\" title=\"Zum letzten Freitags-F\u00c3\u00bcller\">Freitags-F\u00c3\u00bcller<\/a> bereits erw\u00c3\u00a4hnt, dass f\u00c3\u00bcr morgen &#8211; also heute &#8211; der Besuch des Frankfurter <a href=\"http:\/\/www.museumsuferfest-frankfurt.de\/\" title=\"Museumsuferfest\">Museumsuferfestes<\/a> geplant war. Das Tochterkind hatte mit ihrer Hip-Hop-Tanzgruppe dort einen Auftritt und ich bin jetzt noch ein wenig angegnatzt, dass es ausgerechnet in dieser halben Stunde, wo die M\u00c3\u00a4dels dran kamen, sch\u00c3\u00bctten musste wie aus Eimern. Doofer Wettermann&#8230; :angry:<\/p>\n<p>Das Tochterkind war schon fr\u00c3\u00bcher losgefahren, aber auch der Sohnemann und ich fuhren gegen 13:30 Uhr in die Frankfurter City, wollten wir doch noch ein wenig bummeln. Auf der To-Do-List stand in gro\u00c3\u0178en Buchstaben:<\/p>\n<p><font color=\"#9A00FF\">\u00e2\u20ac\u017eDen neuen Apple-Store in der Fre\u00c3\u0178gass` ansehen\u00e2\u20ac\u009d<\/font><\/p>\n<p>Gesagt, getan: Zielstrebig steuerten der Sohnemann und ich auf diesen tollen Laden zu, der uns schon aufgefallen war, als wir das letzte Mal &#8211; leider sonntags &#8211; daran vorbeigelaufen waren. Er hat schon eine ganze Weile offen &#8211; aber wie schon \u00c3\u00b6fter erw\u00c3\u00a4hnt zieht es uns nicht so in die Frankfurter City.<\/p>\n<p>Beim Schlendern durch den Laden fiel mir ein Ding ins Auge, welches ich schon von meinem Mac*Book kenne und was ich inzwischen sehr lieb gewonnen habe. Wie konnte es nur an mir vorbei gehen, dass es so ein tolles Teil jetzt auch f\u00c3\u00bcr die i*Macs gibt? Ich schnappte mir einen Verk\u00c3\u00a4ufer und interviewte ihn ein wenig, bis er mich &#8211; der totalen Kaufwut verfallen &#8211; zu einem Regal in der 1. Etage schickte. Seit gestern gibt es das Teil erst im Store. Das ist der Moment, wo ich so bei mir dachte: \u00e2\u20ac\u017eTja, manchmal habe ich eben auch mal Gl\u00c3\u00bcck im Leben\u00e2\u20ac\u009d.<\/p>\n<p>Wir eilten nach oben und guckten ziemlich dumm, als der Platz im Regal, wo dieses Ding eigentlich stehen m\u00c3\u00bcsste, leer war. Und ich wartete geduldig, bis einer der freundlichen App*le-Mitarbeiter mir ein Ohr lieh. Kurz gefunkt &#8211; aaah, es sind noch welche im Lager. Also nochmal 5 Minuten warten, aber dann konnte ich mir das schmucke Teil direkt aus der Transportkiste fischen. Noch kein anderer Kunde hat es vor mir in der Hand gehabt. *lol* Auf zur Kasse. Kasse?? Weit und breit, oben wie unten, fand ich keine Kasse. Meine Verwirrtheit sah man mir wohl an, denn ein weiterer freundlicher Mitarbeiter des Hauses sprach mit an und fragte, ob ich bezahlen wolle. Nichts mit Kasse&#8230;. Terminal&#8230; aha! Ein Teil, nicht viel gr\u00c3\u00b6\u00c3\u0178er als ein i*Phone, ist also nun f\u00c3\u00bcr die Abrechnung zust\u00c3\u00a4ndig. Ein kleines Terminal schluckt vorr\u00c3\u00bcbergehend meine EC-Karte &#8211; die Rechnung bekomme ich per Mail. Noch Fragen? Nein, keine &#8211; Wunder der Technik&#8230; es wird immer toller. :razz:<\/p>\n<p>Der Auftritt vom Tochterkind war trotz Regen sehr sch\u00c3\u00b6n und wir blieben auch verh\u00c3\u00a4ltnism\u00c3\u00a4ssig trocken unter unserem Schirm. Mit beiden Kindern gab es dann erstmal einen Cocktail, bevor wir noch ein wenig bummelten. Mit der S-Bahn ging`s dann heim. Wir hatten einen sehr sch\u00c3\u00b6nen Nachmittag und Abend. :hearts:<\/p>\n<p>Klar musste ich erstmal gucken, dass ich das Teilchen angeschlossen bekomme. Doch die Stimmung wurde kurzzeitig ged\u00c3\u00a4mpft. Mein Macci l\u00c3\u00a4uft n\u00c3\u00a4mlich noch mit Leopard (Mac OS X.5)&#8230; f\u00c3\u00bcr mein Teilchen brauche ich aber Schneeleopard (Mac OS X.6). Gut, das Update habe ich ja in der Schublade, hatte mich aber noch nicht dazu hinreissen k\u00c3\u00b6nnen, das gro\u00c3\u0178e Update zu installieren&#8230; es lief doch alles so gut mit meinem Macci. :blush1:<\/p>\n<p>Ok, dann musste ich wohl und jetzt habe ich einen Macci, der noch all seine Dateien hat, <span style=\"text-decoration: underline\">ein neues Betriebssystem<\/span> und dieses schicke und ach so praktische Teilchen:<\/p>\n<div style=\"text-align: center;\">\n  <img loading=\"lazy\" decoding=\"async\" src=\"http:\/\/terragina.de\/blog\/wp-content\/uploads\/2010\/08\/magic_trackpad.jpg\" width=\"580\" height=\"435\" alt=\"magic_trackpad.jpg\" \/>\n<\/div>\n<p><\/p>\n<p>Weitere Infos dazu gibt es <a href=\"http:\/\/www.apple.com\/de\/magictrackpad\/\" title=\"Das neue Ap*ple Magic Trackpad\">hier<\/a>. Ich bin total begeistert, wie toll man damit navigieren kann, dass macht Spa\u00c3\u0178! :dance:<\/p>\n<p><\/p>\n<p><i><font color=\"#E11C0C\">Zum Schlu\u00c3\u0178 m\u00c3\u00b6chte ich noch ein Wort an meinen lieben lieben Hobbykoch richten:<\/font><\/i><\/p>\n<p>Im letzten Jahr habe ich einen sch\u00c3\u00b6nen <a href=\"http:\/\/terragina.de\/blog\/2009\/08\/29\/wir-sind-volljaehrig\/\" title=\"Hochzeitstag 2009\">Artikel<\/a> geschrieben und nun ist schon wieder ein Jahr vergangen. Leider bist Du sooo weit weg und ich kann Dich gar nicht dr\u00c3\u00bccken. Ich w\u00c3\u00bcnschte, Du w\u00c3\u00a4rest hier&#8230;.. :biglove: Aber ich habe Dir ein Mail geschickt und ich wei\u00c3\u0178 eines: Unseren Tag, den holen wir nach! \u00e2\u2122\u00a5\u00e2\u2122\u00a5\u00e2\u2122\u00a5<\/p>\n","protected":false},"excerpt":{"rendered":"<p>Eine eigentlich sehr liebe Person hat mir vor einiger Zeit mal in einen Kommentar geschrieben, man\/frau k\u00c3\u00b6nne uns nicht besuchen kommen, wenn man eine Apfel-Allergie h\u00c3\u00a4tte. Ich wei\u00c3\u0178 noch sehr genau, welche sehr liebe Person es war, aber ich bin jetzt zu faul, den Kommentar heraus zu suchen, deswegen gibt`s jetzt keinen Link. Aber ich m\u00c3\u00b6chte Euch eine kleine Geschichte erz\u00c3\u00a4hlen, hole aber noch ein wenig aus, denn gestern war ein sch\u00c3\u00b6ner Tag und irgendwie so gar keine Zeit zum Bloggen. ;) Ich hatte ja im letzten Freitags-F\u00c3\u00bcller bereits erw\u00c3\u00a4hnt, dass f\u00c3\u00bcr morgen &#8211; also heute &#8211; der Besuch des Frankfurter Museumsuferfestes geplant war. Das Tochterkind hatte mit ihrer Hip-Hop-Tanzgruppe dort einen Auftritt und ich bin jetzt noch ein wenig angegnatzt, dass es ausgerechnet in dieser halben Stunde, wo die M\u00c3\u00a4dels dran kamen, sch\u00c3\u00bctten musste wie aus Eimern. Doofer Wettermann&#8230; :angry: Das Tochterkind war schon fr\u00c3\u00bcher losgefahren, aber auch der Sohnemann und ich fuhren gegen 13:30 Uhr in die Frankfurter City, wollten wir doch noch ein wenig bummeln. Auf der To-Do-List stand in gro\u00c3\u0178en Buchstaben: &hellip;<\/p>\n","protected":false},"author":1,"featured_media":0,"comment_status":"open","ping_status":"open","sticky":false,"template":"","format":"standard","meta":{"_jetpack_newsletter_access":"","_jetpack_dont_email_post_to_subs":false,"_jetpack_newsletter_tier_id":0,"_jetpack_memberships_contains_paywalled_content":false,"_jetpack_memberships_contains_paid_content":false,"footnotes":""},"categories":[70],"tags":[71,72,402],"class_list":["post-4345","post","type-post","status-publish","format-standard","hentry","category-rund_um_den_mac","tag-apple","tag-mac","tag-rund-um-den-mac"],"jetpack_sharing_enabled":true,"jetpack_shortlink":"https:\/\/wp.me\/pq7aY-185","jetpack_likes_enabled":true,"jetpack-related-posts":[],"jetpack_featured_media_url":"","_links":{"self":[{"href":"https:\/\/terragina.de\/blog\/wp-json\/wp\/v2\/posts\/4345","targetHints":{"allow":["GET"]}}],"collection":[{"href":"https:\/\/terragina.de\/blog\/wp-json\/wp\/v2\/posts"}],"about":[{"href":"https:\/\/terragina.de\/blog\/wp-json\/wp\/v2\/types\/post"}],"author":[{"embeddable":true,"href":"https:\/\/terragina.de\/blog\/wp-json\/wp\/v2\/users\/1"}],"replies":[{"embeddable":true,"href":"https:\/\/terragina.de\/blog\/wp-json\/wp\/v2\/comments?post=4345"}],"version-history":[{"count":0,"href":"https:\/\/terragina.de\/blog\/wp-json\/wp\/v2\/posts\/4345\/revisions"}],"wp:attachment":[{"href":"https:\/\/terragina.de\/blog\/wp-json\/wp\/v2\/media?parent=4345"}],"wp:term":[{"taxonomy":"category","embeddable":true,"href":"https:\/\/terragina.de\/blog\/wp-json\/wp\/v2\/categories?post=4345"},{"taxonomy":"post_tag","embeddable":true,"href":"https:\/\/terragina.de\/blog\/wp-json\/wp\/v2\/tags?post=4345"}],"curies":[{"name":"wp","href":"https:\/\/api.w.org\/{rel}","templated":true}]}}