{"id":4361,"date":"2010-09-01T17:04:17","date_gmt":"2010-09-01T15:04:17","guid":{"rendered":"http:\/\/terragina.de\/blog\/2010\/09\/01\/terragina-plaudert-ein-bisschen\/"},"modified":"2011-07-09T10:05:01","modified_gmt":"2011-07-09T08:05:01","slug":"terragina-plaudert-ein-bisschen","status":"publish","type":"post","link":"https:\/\/terragina.de\/blog\/2010\/09\/01\/terragina-plaudert-ein-bisschen\/","title":{"rendered":"Terragina plaudert ein bisschen"},"content":{"rendered":"<p>Ein Tag, wo mir so einiges einf\u00c3\u00a4llt. :sing: Und ein Tag, an dem ich mich erstmal f\u00c3\u00bcr Eure lieben Kommentare zu den Fellnasen-Fotos bedanken m\u00c3\u00b6chte. Ich habe mich sehr dar\u00c3\u00bcber gefreut!<\/p>\n<p>Dann ist mir ein Kommentar von Heike ins Auge fallen :blush: &#8211; da habe ich doch tats\u00c3\u00a4chlich vergessen, ein Sommer-Lieblings-Rezept zu verlinken&#8230; dabei liest es sich wirklich klasse. Liebe Heike, ich habe es sofort nachgetragen!<\/p>\n<p>Lieber Besucher\/Liebe Besucherin &#8211; etliche tolle Rezepte sind f\u00c3\u00bcr den Sommer zusammen gekommen und ich sage ganz herzlich \u00e2\u20ac\u017eDankesch\u00c3\u00b6n\u00e2\u20ac\u009d an alle, die sich so zahlreich beteiligt haben. In meiner Seitenleiste &#8211; der linken &#8211; findet Ihr den Button, der Euch direkt zu der kleinen Rezeptsammlung bringt. :yes1:<\/p>\n<p>Und wer mag &#8211; die Aktion wird erst am 12. September geschlossen. Vielleicht habt Ihr ja noch was Tolles in petto?<\/p>\n<p><\/p>\n<p style=\"text-align: center;\">~~~~~~~~~~~~~~~~~~~~~~~~~~~~~~~~~<\/p>\n<p><\/p>\n<p><a href=\"http:\/\/seifenschaum.designblog.de\/\" title=\"Sibylles Seifen-Wunder ansehen\">Sibylle<\/a> hat mich gefragt, ob ich noch Seifen mache. :blush1: Darauf kann ich nur antworten: Ich habe es ganz fest vor und habe erst k\u00c3\u00bcrzlich meine \u00c3\u2013l-Best\u00c3\u00a4nde kontrolliert. Geplant sind mindestens zwei OHP-Verseifungen. F\u00c3\u00bcr mich wieder Neuland, aber wenn ich dann nicht so lange warten mu\u00c3\u0178&#8230;.<\/p>\n<p>Ich m\u00c3\u00b6chte doch endlich dieses <a href=\"http:\/\/terragina.de\/blog\/2010\/03\/28\/mein-wochenend-bericht\/\" title=\"Seifen-Form von Frl. Frieda\">schmucke Teilchen<\/a> <i>(bitte ganz runter scrollen)<\/i> einweihen und ausprobieren. Au\u00c3\u0178erdem habe ich heute beim Discounter ganz in unserer N\u00c3\u00a4he diese F\u00c3\u00b6rmchen hier entdeckt, die mir wie geschaffen zu sein scheinen f\u00c3\u00bcr kleine h\u00c3\u00bcbsche Seifchen:<\/p>\n<div style=\"text-align: center;\">\n  <img loading=\"lazy\" decoding=\"async\" src=\"http:\/\/terragina.de\/blog\/wp-content\/uploads\/2010\/09\/seifenfoermchen.jpg\" width=\"580\" height=\"435\" alt=\"seifenfoermchen.jpg\" \/>\n<\/div>\n<p><\/p>\n<p>Die Zweckentfremdung dr\u00c3\u00a4ngt sich doch geradezu auf, findet Ihr nicht?<\/p>\n<p>Also liebe Sibylle &#8211; demn\u00c3\u00a4chst mehr von Seifchen auf diesem Blog. Ein bissel Zeit brauche ich allerdings noch, weil ich noch einen geeigneten Termin finden mu\u00c3\u0178. Bei der n\u00c3\u00a4chsten Seifen-Aktion werde ich n\u00c3\u00a4mlich nicht alleine sein. Dazu aber an anderer Stelle mehr, wenn die Zeit gekommen ist. ;)<\/p>\n<p><\/p>\n<p style=\"text-align: center;\">~~~~~~~~~~~~~~~~~~~~~~~~~~~~~~~~~<\/p>\n<p><\/p>\n<p>Da Euch die Katzenfotos so gut gefallen haben, habe ich auch heute noch ein paar mitgebracht. Erstmal wieder unsere Grand Dame:<\/p>\n<div style=\"text-align: center;\">\n  <img loading=\"lazy\" decoding=\"async\" src=\"http:\/\/terragina.de\/blog\/wp-content\/uploads\/2010\/09\/beverly_20100901.jpg\" width=\"580\" height=\"435\" alt=\"beverly_20100901.jpg\" \/>\n<\/div>\n<p>Sie hat es sich auf dem Stuhl bequem gemacht, den ich f\u00c3\u00bcr das F\u00c3\u00b6rmchen-Foto oben vom Tisch abger\u00c3\u00bcckt habe. Ich glaube, sie liegt jetzt immer noch da&#8230;.<\/p>\n<p><\/p>\n<p>Unser kleiner Wirbelwind hier nutzt das trockene Wetter aus und macht den Freigang unsicher:<\/p>\n<div style=\"text-align: center;\">\n  \n<\/div>\n<div style=\"text-align: center;\">\n  <img loading=\"lazy\" decoding=\"async\" src=\"http:\/\/terragina.de\/blog\/wp-content\/uploads\/2010\/09\/nala_20100901_01.jpg\" width=\"580\" height=\"435\" alt=\"nala_20100901_01.jpg\" \/>\n<\/div>\n<p style=\"text-align: center;\">Irgendwas hat sie gesehen&#8230;.<\/p>\n<div style=\"text-align: center;\">\n  \n<\/div>\n<div style=\"text-align: center;\">\n  <img loading=\"lazy\" decoding=\"async\" src=\"http:\/\/terragina.de\/blog\/wp-content\/uploads\/2010\/09\/nala_20100901_02.jpg\" width=\"580\" height=\"435\" alt=\"nala_20100901_02.jpg\" \/>\n<\/div>\n<p style=\"text-align: center;\">Dosi: \u00e2\u20ac\u017eJunges Fr\u00c3\u00a4ulein, das ist ganz sch\u00c3\u00b6n schmal da, wo Du gerade rumturnst&#8230;.\u00e2\u20ac\u009d<\/p>\n<div style=\"text-align: center;\">\n  \n<\/div>\n<div style=\"text-align: center;\">\n  <img loading=\"lazy\" decoding=\"async\" src=\"http:\/\/terragina.de\/blog\/wp-content\/uploads\/2010\/09\/nala_20100901_03.jpg\" width=\"580\" height=\"435\" alt=\"nala_20100901_03.jpg\" \/>\n<\/div>\n<p style=\"text-align: center;\">Nala: \u00e2\u20ac\u017eOch menno &#8211; dann lass` ich das Turnen da halt sein &#8211; aber Du nimmst daf\u00c3\u00bcr die bl\u00c3\u00b6de Kamera weg!\u00e2\u20ac\u009d<\/p>\n<p><\/p>\n<p style=\"text-align: center;\">~~~~~~~~~~~~~~~~~~~~~~~~~~~~~~~~~<\/p>\n<p><\/p>\n<p>Und zum Schlu\u00c3\u0178 meines heutigen Artikels habe ich f\u00c3\u00bcr die i*Phone-Freunde unter Euch wieder einmal eine App-Empfehlung mitgebracht. Gestern gefunden, installiert und f\u00c3\u00bcr sehr gut befunden:<\/p>\n<p>\n<img loading=\"lazy\" decoding=\"async\" src=\"http:\/\/terragina.de\/blog\/wp-content\/uploads\/2010\/09\/hero_meinprospekt_app.jpg\" width=\"105\" height=\"104\" alt=\"hero_meinprospekt_app.jpg\" style=\"float:left; margin-right:10px; margin-bottom:10px;\" \/><\/p>\n<p>Einkaufen m\u00c3\u00bcssen wir ja schlie\u00c3\u0178lich alle &#8211; und Angebote nutzen wir doch auch alle gerne, oder?<\/p>\n<p>In dieser App, die sich \u00e2\u20ac\u017emeinprospekt HERO!\u00e2\u20ac\u009d nennt, ist s\u00c3\u00a4mtliches Prospekt- und Werbematerial in einer App vereint. Und dabei geht es hier weit \u00c3\u00bcber die Werbebl\u00c3\u00a4ttchen von Discountern und Superm\u00c3\u00a4rkten hinaus.<\/p>\n<p>Angezeigt werden alle Einkaufsm\u00c3\u00b6glichkeiten in der Umgebung. Mit \u00c3\u2013ffnungszeiten, Telefonnr. und eben auch dem aktuellen Prospekt. Da bleiben keine W\u00c3\u00bcnsche offen. Und wer von Euch gerne diese Prospekte durchbl\u00c3\u00a4ttert, der wird diese App lieben.<\/p>\n<p>Mehr Infos dazu <a href=\"http:\/\/itunes.apple.com\/ru\/app\/id366280436?mt=8\" title=\"meinprospekt HERO! - Angebote in meiner Stadt\">hier<\/a> und: Die App ist GRATIS!<\/p>\n<p style=\"text-align: center;\">~~~~~~~~~~~~~~~~~~~~~~~~~~~~~~~~~<\/p>\n<p>So &#8211; f\u00c3\u00bcr heute soll es das an News gewesen &#8211; wobei, eines m\u00c3\u00b6chte ich noch verraten (f\u00c3\u00bcr alle, die ein wenig mitgefiebert haben). Beim Tochterkind ist wieder <a href=\"http:\/\/www.youtube.com\/watch?v=PLInZMgfONA\" title=\"Alles im gr\u00c3\u00bcnen Bereich - Wise Guys bei YouTube\">alles im gr\u00c3\u00bcnen Bereich<\/a> und dar\u00c3\u00bcber freuen wir uns hier alle sehr. :dance:<br \/>\n<span style=\"font-size: 10px;\">\u00c3\u0153brigens&#8230; heute ist <a href=\"http:\/\/www.n-tv.de\/wissen\/a-z\/Meteorologischer-Herbstanfang-article19661.html\" title=\"Der Herbst ist da....\">meteorologischer Herbstanfang<\/a>&#8230;..<\/span> :shutup: Stimmt, die Temperaturen sind auch so &#8211; aber wollen wir das wissen?<\/p>\n","protected":false},"excerpt":{"rendered":"<p>Ein Tag, wo mir so einiges einf\u00c3\u00a4llt. :sing: Und ein Tag, an dem ich mich erstmal f\u00c3\u00bcr Eure lieben Kommentare zu den Fellnasen-Fotos bedanken m\u00c3\u00b6chte. Ich habe mich sehr dar\u00c3\u00bcber gefreut! Dann ist mir ein Kommentar von Heike ins Auge fallen :blush: &#8211; da habe ich doch tats\u00c3\u00a4chlich vergessen, ein Sommer-Lieblings-Rezept zu verlinken&#8230; dabei liest es sich wirklich klasse. Liebe Heike, ich habe es sofort nachgetragen! Lieber Besucher\/Liebe Besucherin &#8211; etliche tolle Rezepte sind f\u00c3\u00bcr den Sommer zusammen gekommen und ich sage ganz herzlich \u00e2\u20ac\u017eDankesch\u00c3\u00b6n\u00e2\u20ac\u009d an alle, die sich so zahlreich beteiligt haben. In meiner Seitenleiste &#8211; der linken &#8211; findet Ihr den Button, der Euch direkt zu der kleinen Rezeptsammlung bringt. :yes1: Und wer mag &#8211; die Aktion wird erst am 12. September geschlossen. Vielleicht habt Ihr ja noch was Tolles in petto? ~~~~~~~~~~~~~~~~~~~~~~~~~~~~~~~~~ Sibylle hat mich gefragt, ob ich noch Seifen mache. :blush1: Darauf kann ich nur antworten: Ich habe es ganz fest vor und habe erst k\u00c3\u00bcrzlich meine \u00c3\u2013l-Best\u00c3\u00a4nde kontrolliert. Geplant sind mindestens zwei OHP-Verseifungen. F\u00c3\u00bcr mich wieder Neuland, aber wenn ich &hellip;<\/p>\n","protected":false},"author":1,"featured_media":0,"comment_status":"open","ping_status":"open","sticky":false,"template":"","format":"standard","meta":{"_jetpack_newsletter_access":"","_jetpack_dont_email_post_to_subs":false,"_jetpack_newsletter_tier_id":0,"_jetpack_memberships_contains_paywalled_content":false,"_jetpack_memberships_contains_paid_content":false,"footnotes":""},"categories":[104,47,114,168],"tags":[71,966,973,64,363],"class_list":["post-4361","post","type-post","status-publish","format-standard","hentry","category-iphone_ipad","category-kreativ","category-plauderecke","category-rund-ums-kochen","tag-apple","tag-kreativ","tag-plauderecke","tag-rezepte","tag-seife"],"jetpack_sharing_enabled":true,"jetpack_shortlink":"https:\/\/wp.me\/pq7aY-18l","jetpack_likes_enabled":true,"jetpack-related-posts":[],"jetpack_featured_media_url":"","_links":{"self":[{"href":"https:\/\/terragina.de\/blog\/wp-json\/wp\/v2\/posts\/4361","targetHints":{"allow":["GET"]}}],"collection":[{"href":"https:\/\/terragina.de\/blog\/wp-json\/wp\/v2\/posts"}],"about":[{"href":"https:\/\/terragina.de\/blog\/wp-json\/wp\/v2\/types\/post"}],"author":[{"embeddable":true,"href":"https:\/\/terragina.de\/blog\/wp-json\/wp\/v2\/users\/1"}],"replies":[{"embeddable":true,"href":"https:\/\/terragina.de\/blog\/wp-json\/wp\/v2\/comments?post=4361"}],"version-history":[{"count":0,"href":"https:\/\/terragina.de\/blog\/wp-json\/wp\/v2\/posts\/4361\/revisions"}],"wp:attachment":[{"href":"https:\/\/terragina.de\/blog\/wp-json\/wp\/v2\/media?parent=4361"}],"wp:term":[{"taxonomy":"category","embeddable":true,"href":"https:\/\/terragina.de\/blog\/wp-json\/wp\/v2\/categories?post=4361"},{"taxonomy":"post_tag","embeddable":true,"href":"https:\/\/terragina.de\/blog\/wp-json\/wp\/v2\/tags?post=4361"}],"curies":[{"name":"wp","href":"https:\/\/api.w.org\/{rel}","templated":true}]}}