{"id":4380,"date":"2010-09-08T16:49:42","date_gmt":"2010-09-08T14:49:42","guid":{"rendered":"http:\/\/terragina.de\/blog\/2010\/09\/08\/babykinderfoto-blog-parade\/"},"modified":"2011-07-09T10:04:47","modified_gmt":"2011-07-09T08:04:47","slug":"babykinderfoto-blog-parade","status":"publish","type":"post","link":"https:\/\/terragina.de\/blog\/2010\/09\/08\/babykinderfoto-blog-parade\/","title":{"rendered":"Baby\/Kinderfoto-Blog-Parade"},"content":{"rendered":"<p><a href=\"http:\/\/www.frau-multiples.de\/2010\/09\/06\/foto-blogparade-wie-sahst-du-aus-als-kind\/\" title=\"Frau Multiples besuchen\">Hier<\/a> habe ich davon gelesen und initiiert hat diese sch\u00c3\u00b6ne Aktion die <a href=\"http:\/\/bloggewasichwill.de\/2010\/09\/foto-blogparade-wie-sahst-du-aus-als-kind\/\" title=\"Eine Erdbeere, die bloggt was sie will\">Erdbeere<\/a>. Die Idee ist toll und da ich schon seit geraumer Zeit ein Baby-Foto von mir auf meiner Festplatte habe, kann ich mich auch an dieser Aktion beteiligen. Ich d\u00c3\u00bcrfte auf diesem Bild so 3-6 Monate alt gewesen sein &#8211; so genau wei\u00c3\u0178 ich das leider nicht mehr und ich mag jetzt nicht das Fotoalbum heraus suchen und nachsehen. :no:<\/p>\n<p>Der s\u00c3\u00bc\u00c3\u0178e B\u00c3\u00a4r hei\u00c3\u0178t \u00c3\u00bcbrigens \u00e2\u20ac\u017eMinky\u00e2\u20ac\u009d und ich glaube, er lebt nicht mehr&#8230;.<\/p>\n<p style=\"text-align: center;\"><img loading=\"lazy\" decoding=\"async\" src=\"http:\/\/terragina.de\/blog\/wp-content\/uploads\/2010\/09\/kerstin_baby.jpg\" width=\"560\" height=\"369\" alt=\"kerstin_baby.jpg\" \/><\/p>\n<p><\/p>\n<p>Wer auch mitmachen mag, einfach die Erdbeere besuchen. :yes1:<\/p>\n","protected":false},"excerpt":{"rendered":"<p>Hier habe ich davon gelesen und initiiert hat diese sch\u00c3\u00b6ne Aktion die Erdbeere. Die Idee ist toll und da ich schon seit geraumer Zeit ein Baby-Foto von mir auf meiner Festplatte habe, kann ich mich auch an dieser Aktion beteiligen. Ich d\u00c3\u00bcrfte auf diesem Bild so 3-6 Monate alt gewesen sein &#8211; so genau wei\u00c3\u0178 ich das leider nicht mehr und ich mag jetzt nicht das Fotoalbum heraus suchen und nachsehen. :no: Der s\u00c3\u00bc\u00c3\u0178e B\u00c3\u00a4r hei\u00c3\u0178t \u00c3\u00bcbrigens \u00e2\u20ac\u017eMinky\u00e2\u20ac\u009d und ich glaube, er lebt nicht mehr&#8230;. Wer auch mitmachen mag, einfach die Erdbeere besuchen. :yes1:<\/p>\n","protected":false},"author":1,"featured_media":0,"comment_status":"open","ping_status":"open","sticky":false,"template":"","format":"standard","meta":{"_jetpack_newsletter_access":"","_jetpack_dont_email_post_to_subs":false,"_jetpack_newsletter_tier_id":0,"_jetpack_memberships_contains_paywalled_content":false,"_jetpack_memberships_contains_paid_content":false,"footnotes":""},"categories":[114,94],"tags":[957,973,969],"class_list":["post-4380","post","type-post","status-publish","format-standard","hentry","category-plauderecke","category-stoeckchen","tag-foto","tag-plauderecke","tag-stoeckchen"],"jetpack_sharing_enabled":true,"jetpack_shortlink":"https:\/\/wp.me\/pq7aY-18E","jetpack_likes_enabled":true,"jetpack-related-posts":[],"jetpack_featured_media_url":"","_links":{"self":[{"href":"https:\/\/terragina.de\/blog\/wp-json\/wp\/v2\/posts\/4380","targetHints":{"allow":["GET"]}}],"collection":[{"href":"https:\/\/terragina.de\/blog\/wp-json\/wp\/v2\/posts"}],"about":[{"href":"https:\/\/terragina.de\/blog\/wp-json\/wp\/v2\/types\/post"}],"author":[{"embeddable":true,"href":"https:\/\/terragina.de\/blog\/wp-json\/wp\/v2\/users\/1"}],"replies":[{"embeddable":true,"href":"https:\/\/terragina.de\/blog\/wp-json\/wp\/v2\/comments?post=4380"}],"version-history":[{"count":0,"href":"https:\/\/terragina.de\/blog\/wp-json\/wp\/v2\/posts\/4380\/revisions"}],"wp:attachment":[{"href":"https:\/\/terragina.de\/blog\/wp-json\/wp\/v2\/media?parent=4380"}],"wp:term":[{"taxonomy":"category","embeddable":true,"href":"https:\/\/terragina.de\/blog\/wp-json\/wp\/v2\/categories?post=4380"},{"taxonomy":"post_tag","embeddable":true,"href":"https:\/\/terragina.de\/blog\/wp-json\/wp\/v2\/tags?post=4380"}],"curies":[{"name":"wp","href":"https:\/\/api.w.org\/{rel}","templated":true}]}}