{"id":4410,"date":"2010-09-14T16:01:08","date_gmt":"2010-09-14T14:01:08","guid":{"rendered":"http:\/\/terragina.de\/blog\/2010\/09\/14\/projekt-122010-der-september\/"},"modified":"2011-07-09T10:04:33","modified_gmt":"2011-07-09T08:04:33","slug":"projekt-122010-der-september","status":"publish","type":"post","link":"https:\/\/terragina.de\/blog\/2010\/09\/14\/projekt-122010-der-september\/","title":{"rendered":"Projekt 12\/2010 &#8211; der September"},"content":{"rendered":"<p><img loading=\"lazy\" decoding=\"async\" style=\"float: left; margin-right: 10px; margin-bottom: 10px;\" src=\"http:\/\/terragina.de\/blog\/wp-content\/uploads\/2010\/01\/zwoelf2010_klein.png\" alt=\"zwoelf2010_klein.png\" width=\"156\" height=\"28\" \/>Ich kann es nicht erkl\u00c3\u00a4ren, aber es ist diesen Monat wie auch die vergangenen Monate &#8211; ich bin wieder mal auf den letzten Dr\u00c3\u00bccker dran mit meinem neuesten Foto f\u00c3\u00bcr dieses sch\u00c3\u00b6ne Projekt. Nun sind schon 3\/4 des Jahres rum und irgendwie freue ich mich schon sehr auf den Kalender, der f\u00c3\u00bcr mich pers\u00c3\u00b6nlich am Ende des Jahres der kr\u00c3\u00b6nende Abschluss dieser kleinen Fotoserie sein wird. Alle Bilder, die ich bisher gemacht habe, findet Ihr auf meiner <a title=\"Foto-\u00c3\u0153bersicht Projekt zw\u00c3\u00b6lf2010\" href=\"http:\/\/terragina.de\/blog\/zwoelf2010-2\/\">Projektseite<\/a>.<\/p>\n<p><a title=\"Fotoprojekt zw\u00c3\u00b6lf2010 bei Jana\" href=\"http:\/\/www.janasworld.de\/2009\/11\/22\/fotoprojekt-zwoelf2010-2\/\">Janas Projekt<\/a> ist immer wieder einen Besuch wert &#8211; und deswegen gibt es bei mir auch in jedem Beitrag dazu einen Link dorthin.<\/p>\n<p>Heute habe ich leichte Schmerzen im Kn\u00c3\u00b6chel und gr\u00c3\u00bcbele die ganze Zeit, wo ich ihn mir angehauen haben k\u00c3\u00b6nnte. So f\u00c3\u00bchlte ich mich veranlasst, heute mit dem Auto runter zum Bahnsteig zu fahren der jetzt \u00c3\u00bcbrigens rauchfrei ist. :bigeyes:<\/p>\n<p><i><font color=\"#A9A9A9\">Auf diese Tatsache wurde ich freundlich durch ein nigel-nagel-neues Schild aufmerksam gemacht. Mal ehrlich &#8211; auch an die Nichtraucher unter Euch: Mu\u00c3\u0178 das sein? Drau\u00c3\u0178en? W\u00c3\u00a4re es nicht eine L\u00c3\u00b6sung gewesen, einfach zwei Aschenbecher aufzustellen? Sorry &#8211; aber ich finde, das geht doch ein wenig zu weit und ist aus meiner Sicht fast ein wenig diskriminierend&#8230; :(<\/font><\/i><\/p>\n<p><i><font color=\"#A9A9A9\">Auch wenn ich jeden bewundere, der das Rauchen aufgegeben hat &#8211; ich kann`s halt leider (noch?!) nicht sein lassen und hoffe, Ihr habt mich trotzdem lieb&#8230;.<\/font><\/i> :noidea:<\/p>\n<p><\/p>\n<p>Hier aber nun mein Bild f\u00c3\u00bcr den Monat September &#8211; und immer noch sind keine gro\u00c3\u0178en Ver\u00c3\u00a4nderungen in Sicht&#8230;<\/p>\n<div style=\"text-align: left;\">\n  <\/p>\n<div style=\"text-align: center;\">\n    <br \/>\n    <a href=\"http:\/\/terragina.de\/blog\/wp-content\/uploads\/2010\/09\/zwoelf2010_09_900x543.jpg\" rel=\"lightbox[4410]\"><img loading=\"lazy\" decoding=\"async\" src=\"http:\/\/terragina.de\/blog\/wp-content\/uploads\/2010\/09\/zwoelf2010_09_900x543-tm.jpg\" width=\"480\" height=\"289\" alt=\"Projekt 12\/2010 - Der September\" \/><\/a>\n  <\/div>\n<\/div>\n<p><\/p>\n<div style=\"text-align: center;\">\n  <em>~ klick macht gro\u00c3\u0178 ~<\/em>\n<\/div>\n<p><\/p>\n<p>Wieder einmal mit S-Bahn und ein paar Menschen &#8211; aber sonst? Habt Ihr eine Ver\u00c3\u00a4nderung entdecken k\u00c3\u00b6nnen? Ich freue mich jetzt auf das Oktober-Foto &#8211; das wird bestimmt so richtig sch\u00c3\u00b6n herbstlich. :yes:<\/p>\n<p><\/p>\n<p><a title=\"Projekt-Teilnehmer 101 bis 200\" href=\"http:\/\/www.janasworld.de\/fotografie\/fotoprojekt-zwoelf2010-2\/fotoprojekt-zwoelf2010-101-150\/\">\u00c3\u0153bersicht der Teilnehmer-Bilder 101-150<\/a> <i>(Meine Teilnehmer-Nr. ist die 110)<\/i><\/p>\n<p><a title=\"Flickr-Gruppe zwoelf2010\" href=\"http:\/\/www.flickr.com\/groups\/1300582@N23\/\">Flickr-Foto-Gruppe<\/a>.<\/p>\n","protected":false},"excerpt":{"rendered":"<p>Ich kann es nicht erkl\u00c3\u00a4ren, aber es ist diesen Monat wie auch die vergangenen Monate &#8211; ich bin wieder mal auf den letzten Dr\u00c3\u00bccker dran mit meinem neuesten Foto f\u00c3\u00bcr dieses sch\u00c3\u00b6ne Projekt. Nun sind schon 3\/4 des Jahres rum und irgendwie freue ich mich schon sehr auf den Kalender, der f\u00c3\u00bcr mich pers\u00c3\u00b6nlich am Ende des Jahres der kr\u00c3\u00b6nende Abschluss dieser kleinen Fotoserie sein wird. Alle Bilder, die ich bisher gemacht habe, findet Ihr auf meiner Projektseite. Janas Projekt ist immer wieder einen Besuch wert &#8211; und deswegen gibt es bei mir auch in jedem Beitrag dazu einen Link dorthin. Heute habe ich leichte Schmerzen im Kn\u00c3\u00b6chel und gr\u00c3\u00bcbele die ganze Zeit, wo ich ihn mir angehauen haben k\u00c3\u00b6nnte. So f\u00c3\u00bchlte ich mich veranlasst, heute mit dem Auto runter zum Bahnsteig zu fahren der jetzt \u00c3\u00bcbrigens rauchfrei ist. :bigeyes: Auf diese Tatsache wurde ich freundlich durch ein nigel-nagel-neues Schild aufmerksam gemacht. Mal ehrlich &#8211; auch an die Nichtraucher unter Euch: Mu\u00c3\u0178 das sein? Drau\u00c3\u0178en? W\u00c3\u00a4re es nicht eine L\u00c3\u00b6sung gewesen, einfach zwei Aschenbecher aufzustellen? &hellip;<\/p>\n","protected":false},"author":1,"featured_media":0,"comment_status":"open","ping_status":"open","sticky":false,"template":"","format":"standard","meta":{"_jetpack_newsletter_access":"","_jetpack_dont_email_post_to_subs":false,"_jetpack_newsletter_tier_id":0,"_jetpack_memberships_contains_paywalled_content":false,"_jetpack_memberships_contains_paid_content":false,"footnotes":""},"categories":[358],"tags":[957,980],"class_list":["post-4410","post","type-post","status-publish","format-standard","hentry","category-zwoelf2010","tag-foto","tag-zwoelf2010"],"jetpack_sharing_enabled":true,"jetpack_shortlink":"https:\/\/wp.me\/pq7aY-198","jetpack_likes_enabled":true,"jetpack-related-posts":[],"jetpack_featured_media_url":"","_links":{"self":[{"href":"https:\/\/terragina.de\/blog\/wp-json\/wp\/v2\/posts\/4410","targetHints":{"allow":["GET"]}}],"collection":[{"href":"https:\/\/terragina.de\/blog\/wp-json\/wp\/v2\/posts"}],"about":[{"href":"https:\/\/terragina.de\/blog\/wp-json\/wp\/v2\/types\/post"}],"author":[{"embeddable":true,"href":"https:\/\/terragina.de\/blog\/wp-json\/wp\/v2\/users\/1"}],"replies":[{"embeddable":true,"href":"https:\/\/terragina.de\/blog\/wp-json\/wp\/v2\/comments?post=4410"}],"version-history":[{"count":0,"href":"https:\/\/terragina.de\/blog\/wp-json\/wp\/v2\/posts\/4410\/revisions"}],"wp:attachment":[{"href":"https:\/\/terragina.de\/blog\/wp-json\/wp\/v2\/media?parent=4410"}],"wp:term":[{"taxonomy":"category","embeddable":true,"href":"https:\/\/terragina.de\/blog\/wp-json\/wp\/v2\/categories?post=4410"},{"taxonomy":"post_tag","embeddable":true,"href":"https:\/\/terragina.de\/blog\/wp-json\/wp\/v2\/tags?post=4410"}],"curies":[{"name":"wp","href":"https:\/\/api.w.org\/{rel}","templated":true}]}}