{"id":4444,"date":"2010-09-19T08:40:02","date_gmt":"2010-09-19T06:40:02","guid":{"rendered":"http:\/\/terragina.de\/blog\/2010\/09\/19\/update-meiner-ziehkinder\/"},"modified":"2011-07-09T10:04:15","modified_gmt":"2011-07-09T08:04:15","slug":"update-meiner-ziehkinder","status":"publish","type":"post","link":"https:\/\/terragina.de\/blog\/2010\/09\/19\/update-meiner-ziehkinder\/","title":{"rendered":"Update meiner Ziehkinder"},"content":{"rendered":"<p>Genau am 21. Januar 2010 war es, als ich an dieser Stelle Fotos von meinen Ziehkindern im B\u00c3\u00bcro zeigte. Nun ist fast ein dreiviertel Jahr rum und vielleicht interessiert es ja die\/den ein oder andere(n) Leser(in), was aus den Pfl\u00c3\u00a4nzchen so geworden ist.<\/p>\n<p><\/p>\n<p>So sehen sie also heute aus, die Ableger meiner Clusia Rosea (Porzellanbl\u00c3\u00bcten-Mangrovenbaum &#8211; Ihr erinnert Euch?)<\/p>\n<p style=\"text-align: center;\"><img loading=\"lazy\" decoding=\"async\" src=\"http:\/\/terragina.de\/blog\/wp-content\/uploads\/2010\/09\/clusia_rosea.jpg\" width=\"435\" height=\"580\" alt=\"clusia_rosea.jpg\" \/><\/p>\n<p>Die ersten beiden Fotos dieser Pfl\u00c3\u00a4nzchen gibt es <a href=\"http:\/\/terragina.de\/blog\/2010\/01\/21\/ziehkinder\/\" title=\"1. Fotos der Ziehkinder\">hier<\/a>.<\/p>\n<p>So wie es aussieht, scheint es den beiden ganz gut bei mir zu gefallen. Die rechte werde ich wohl demn\u00c3\u00a4chst umtopfen. Und einen neuen, l\u00c3\u00a4ngeren Stab werde ich wohl auch brauchen &#8211; sie neigt sich doch recht arg dem Licht entgegen, auch wenn ich sie immer drehe. :yes:<\/p>\n<p>Ich bin gerade in Umtopf-\u00c3\u0153bung, denn auch mein ganzj\u00c3\u00a4hrig bl\u00c3\u00bchender Christusdorn, der schon zwei mal innerhalb der Firma mit mir umgezogen ist, ist so gewachsen, dass ich letzte Woche die Spitzen abgeschnitten und in frische Erde gesteckt habe. Wenn das funktioniert hat und er mir nicht kaputt geht, werde ich wohl bald keine gageligen \u00c3\u201este, sondern einen h\u00c3\u00bcschen Christusdorn-Busch haben. Ich werde berichten (so es etwas zu berichten gibt). ;)<\/p>\n<p><i>Und noch ein kleiner Nachsatz:<\/i><\/p>\n<p><i>Ist es bei Euch auch so kalt? Gerade mal 2,5\u00c2\u00b0C hat das Thermometer heute morgen um 8 Uhr angezeigt&#8230; *brrrr*<\/i><\/p>\n","protected":false},"excerpt":{"rendered":"<p>Genau am 21. Januar 2010 war es, als ich an dieser Stelle Fotos von meinen Ziehkindern im B\u00c3\u00bcro zeigte. Nun ist fast ein dreiviertel Jahr rum und vielleicht interessiert es ja die\/den ein oder andere(n) Leser(in), was aus den Pfl\u00c3\u00a4nzchen so geworden ist. So sehen sie also heute aus, die Ableger meiner Clusia Rosea (Porzellanbl\u00c3\u00bcten-Mangrovenbaum &#8211; Ihr erinnert Euch?) Die ersten beiden Fotos dieser Pfl\u00c3\u00a4nzchen gibt es hier. So wie es aussieht, scheint es den beiden ganz gut bei mir zu gefallen. Die rechte werde ich wohl demn\u00c3\u00a4chst umtopfen. Und einen neuen, l\u00c3\u00a4ngeren Stab werde ich wohl auch brauchen &#8211; sie neigt sich doch recht arg dem Licht entgegen, auch wenn ich sie immer drehe. :yes: Ich bin gerade in Umtopf-\u00c3\u0153bung, denn auch mein ganzj\u00c3\u00a4hrig bl\u00c3\u00bchender Christusdorn, der schon zwei mal innerhalb der Firma mit mir umgezogen ist, ist so gewachsen, dass ich letzte Woche die Spitzen abgeschnitten und in frische Erde gesteckt habe. Wenn das funktioniert hat und er mir nicht kaputt geht, werde ich wohl bald keine gageligen \u00c3\u201este, sondern einen h\u00c3\u00bcschen Christusdorn-Busch &hellip;<\/p>\n","protected":false},"author":1,"featured_media":0,"comment_status":"open","ping_status":"open","sticky":false,"template":"","format":"standard","meta":{"_jetpack_newsletter_access":"","_jetpack_dont_email_post_to_subs":false,"_jetpack_newsletter_tier_id":0,"_jetpack_memberships_contains_paywalled_content":false,"_jetpack_memberships_contains_paid_content":false,"footnotes":""},"categories":[114],"tags":[78,226,973],"class_list":["post-4444","post","type-post","status-publish","format-standard","hentry","category-plauderecke","tag-natur","tag-pflanzen","tag-plauderecke"],"jetpack_sharing_enabled":true,"jetpack_shortlink":"https:\/\/wp.me\/pq7aY-19G","jetpack_likes_enabled":true,"jetpack-related-posts":[],"jetpack_featured_media_url":"","_links":{"self":[{"href":"https:\/\/terragina.de\/blog\/wp-json\/wp\/v2\/posts\/4444","targetHints":{"allow":["GET"]}}],"collection":[{"href":"https:\/\/terragina.de\/blog\/wp-json\/wp\/v2\/posts"}],"about":[{"href":"https:\/\/terragina.de\/blog\/wp-json\/wp\/v2\/types\/post"}],"author":[{"embeddable":true,"href":"https:\/\/terragina.de\/blog\/wp-json\/wp\/v2\/users\/1"}],"replies":[{"embeddable":true,"href":"https:\/\/terragina.de\/blog\/wp-json\/wp\/v2\/comments?post=4444"}],"version-history":[{"count":0,"href":"https:\/\/terragina.de\/blog\/wp-json\/wp\/v2\/posts\/4444\/revisions"}],"wp:attachment":[{"href":"https:\/\/terragina.de\/blog\/wp-json\/wp\/v2\/media?parent=4444"}],"wp:term":[{"taxonomy":"category","embeddable":true,"href":"https:\/\/terragina.de\/blog\/wp-json\/wp\/v2\/categories?post=4444"},{"taxonomy":"post_tag","embeddable":true,"href":"https:\/\/terragina.de\/blog\/wp-json\/wp\/v2\/tags?post=4444"}],"curies":[{"name":"wp","href":"https:\/\/api.w.org\/{rel}","templated":true}]}}