{"id":4464,"date":"2010-09-24T07:54:20","date_gmt":"2010-09-24T05:54:20","guid":{"rendered":"http:\/\/terragina.de\/blog\/2010\/09\/24\/freitags-fueller-78\/"},"modified":"2011-07-09T10:04:02","modified_gmt":"2011-07-09T08:04:02","slug":"freitags-fueller-78","status":"publish","type":"post","link":"https:\/\/terragina.de\/blog\/2010\/09\/24\/freitags-fueller-78\/","title":{"rendered":"Freitags-F\u00c3\u00bcller #78"},"content":{"rendered":"<p>Eine wundersch\u00c3\u00b6ne, sp\u00c3\u00a4t-sommerliche Woche liegt hinter uns und ich mag gar nicht an das Wetter denken, was uns f\u00c3\u00bcr morgen und \u00c3\u00bcbermorgen vorausgesagt wurde. Wir werden sehen und k\u00c3\u00b6nnen f\u00c3\u00bcr unsere Feierlichkeiten im Ortsteil wirklich ein paar gedr\u00c3\u00bcckte Daumen gebrauchen. Regen w\u00c3\u00a4re doof, vor allem beim Festumzug morgen nachmittag.<\/p>\n<p>Und w\u00c3\u00a4hrend drau\u00c3\u0178en ein wundersch\u00c3\u00b6ner Sonnenaufgang zu beobachten ist, widme ich mich Barbaras<\/p>\n<div style=\"text-align: center;\">\n  <a title=\"Barbara`s Scrap-Impulse mitnehmen\" href=\"http:\/\/scrap-impulse.typepad.com\/scrapimpulse\/2010\/09\/freitags-f%C3%BCller-78.html\"><img loading=\"lazy\" decoding=\"async\" src=\"http:\/\/terragina.de\/blog\/images\/freitags_fueller.jpg\" alt=\"freitags_fueller.jpg\" width=\"400\" height=\"87\" \/><\/a>\n<\/div>\n<p>Wer von Euch auch gerne mitmachen m\u00c3\u00b6chte, klickt einfach auf den roten Schriftzug. Und jetzt geht`s los &#8211; heute in Morgenhimmelsblau und Bold, wie immer. ;)<\/p>\n<p><\/p>\n<p>1. Wenn ich k\u00c3\u00b6nnte <b><font color=\"#A2B5FF\">w\u00c3\u00bcrde ich gerne einen Kamin bauen. In unserem Wohnzimmer. Das w\u00c3\u00bcrde mir so gut gefallen, jetzt, wo die k\u00c3\u00bchlere Jahreszeit unweigerlich auf uns zu kommt.<\/font><\/b><\/p>\n<p>2. <font color=\"#A2B5FF\"><b>Getrocknete Ananasringe<\/b><\/font> <s style=\"text-decoration: line-through\">ist<\/s> <b><font color=\"#A2B5FF\">sind<\/font><\/b> zur Zeit mein Lieblingssnack.<\/p>\n<p>3. Mein Leben w\u00c3\u00a4re einfacher, wenn <b><font color=\"#A2B5FF\">, ja, wenn was? Sorry, aber hier f\u00c3\u00a4llt mir im Moment nicht wirklich etwas ein. Ich bin doch eigentlich zufrieden&#8230;<\/font><\/b>.<\/p>\n<p>4. <b><font color=\"#A2B5FF\">Mit einer sch\u00c3\u00b6nen Tasse Tee in eine Decke gekuschelt auf der Couch zu l\u00c3\u00bcmmeln<\/font><\/b> ist eine sch\u00c3\u00b6ne Art, den Tag zu beenden.<\/p>\n<p>5. Erste Eindr\u00c3\u00bccke <b><font color=\"#A2B5FF\">gestern haben mir gezeigt, dass eine f\u00c3\u00bcnfk\u00c3\u00b6pfige Familie bald ein tolles neues Zuhause hat<\/font><\/b>.<\/p>\n<p>6. <b><font color=\"#A2B5FF\">Wenn ich heute und morgen abend zu viel trinke<\/font><\/b> wird mir schlecht. <b><font color=\"#A2B5FF\">Aber ich bin mir sicher: So weit lasse ich es nicht kommen.<\/font><\/b> :yes:<\/p>\n<p>7. Was das Wochenende angeht, heute freue ich mich <b><font color=\"#A2B5FF\">auf den Tanzabend zur Er\u00c3\u00b6ffnung der hiesigen Kerb<\/font><\/b>, morgen habe ich <b><font color=\"#A2B5FF\">den <a href=\"http:\/\/terragina.de\/blog\/2009\/09\/27\/berkersheimer-kerb-der-samstag\/\" title=\"Berkersheimer Kerb im letzten Jahr\">zweiten Kerbetag<\/a> mit Kerbeumzug und abendlichem Tanz<\/font><\/b> geplant und Sonntag m\u00c3\u00b6chte ich <b><font color=\"#A2B5FF\">mich von der Feierei ein wenig erholen<\/font><\/b>!<\/p>\n","protected":false},"excerpt":{"rendered":"<p>Eine wundersch\u00c3\u00b6ne, sp\u00c3\u00a4t-sommerliche Woche liegt hinter uns und ich mag gar nicht an das Wetter denken, was uns f\u00c3\u00bcr morgen und \u00c3\u00bcbermorgen vorausgesagt wurde. Wir werden sehen und k\u00c3\u00b6nnen f\u00c3\u00bcr unsere Feierlichkeiten im Ortsteil wirklich ein paar gedr\u00c3\u00bcckte Daumen gebrauchen. Regen w\u00c3\u00a4re doof, vor allem beim Festumzug morgen nachmittag. Und w\u00c3\u00a4hrend drau\u00c3\u0178en ein wundersch\u00c3\u00b6ner Sonnenaufgang zu beobachten ist, widme ich mich Barbaras Wer von Euch auch gerne mitmachen m\u00c3\u00b6chte, klickt einfach auf den roten Schriftzug. Und jetzt geht`s los &#8211; heute in Morgenhimmelsblau und Bold, wie immer. ;) 1. Wenn ich k\u00c3\u00b6nnte w\u00c3\u00bcrde ich gerne einen Kamin bauen. In unserem Wohnzimmer. Das w\u00c3\u00bcrde mir so gut gefallen, jetzt, wo die k\u00c3\u00bchlere Jahreszeit unweigerlich auf uns zu kommt. 2. Getrocknete Ananasringe ist sind zur Zeit mein Lieblingssnack. 3. Mein Leben w\u00c3\u00a4re einfacher, wenn , ja, wenn was? Sorry, aber hier f\u00c3\u00a4llt mir im Moment nicht wirklich etwas ein. Ich bin doch eigentlich zufrieden&#8230;. 4. Mit einer sch\u00c3\u00b6nen Tasse Tee in eine Decke gekuschelt auf der Couch zu l\u00c3\u00bcmmeln ist eine sch\u00c3\u00b6ne Art, den Tag zu beenden. &hellip;<\/p>\n","protected":false},"author":1,"featured_media":0,"comment_status":"open","ping_status":"open","sticky":false,"template":"","format":"standard","meta":{"_jetpack_newsletter_access":"","_jetpack_dont_email_post_to_subs":false,"_jetpack_newsletter_tier_id":0,"_jetpack_memberships_contains_paywalled_content":false,"_jetpack_memberships_contains_paid_content":false,"footnotes":""},"categories":[114,94],"tags":[973,969],"class_list":["post-4464","post","type-post","status-publish","format-standard","hentry","category-plauderecke","category-stoeckchen","tag-plauderecke","tag-stoeckchen"],"jetpack_sharing_enabled":true,"jetpack_shortlink":"https:\/\/wp.me\/pq7aY-1a0","jetpack_likes_enabled":true,"jetpack-related-posts":[],"jetpack_featured_media_url":"","_links":{"self":[{"href":"https:\/\/terragina.de\/blog\/wp-json\/wp\/v2\/posts\/4464","targetHints":{"allow":["GET"]}}],"collection":[{"href":"https:\/\/terragina.de\/blog\/wp-json\/wp\/v2\/posts"}],"about":[{"href":"https:\/\/terragina.de\/blog\/wp-json\/wp\/v2\/types\/post"}],"author":[{"embeddable":true,"href":"https:\/\/terragina.de\/blog\/wp-json\/wp\/v2\/users\/1"}],"replies":[{"embeddable":true,"href":"https:\/\/terragina.de\/blog\/wp-json\/wp\/v2\/comments?post=4464"}],"version-history":[{"count":0,"href":"https:\/\/terragina.de\/blog\/wp-json\/wp\/v2\/posts\/4464\/revisions"}],"wp:attachment":[{"href":"https:\/\/terragina.de\/blog\/wp-json\/wp\/v2\/media?parent=4464"}],"wp:term":[{"taxonomy":"category","embeddable":true,"href":"https:\/\/terragina.de\/blog\/wp-json\/wp\/v2\/categories?post=4464"},{"taxonomy":"post_tag","embeddable":true,"href":"https:\/\/terragina.de\/blog\/wp-json\/wp\/v2\/tags?post=4464"}],"curies":[{"name":"wp","href":"https:\/\/api.w.org\/{rel}","templated":true}]}}