{"id":4484,"date":"2010-09-27T17:51:19","date_gmt":"2010-09-27T15:51:19","guid":{"rendered":"http:\/\/terragina.de\/blog\/2010\/09\/27\/berkersheimer-kerb-heisse-milch-mit-honig\/"},"modified":"2011-07-09T10:04:01","modified_gmt":"2011-07-09T08:04:01","slug":"berkersheimer-kerb-heisse-milch-mit-honig","status":"publish","type":"post","link":"https:\/\/terragina.de\/blog\/2010\/09\/27\/berkersheimer-kerb-heisse-milch-mit-honig\/","title":{"rendered":"Berkersheimer Kerb \/ Hei\u00c3\u0178e Milch mit Honig"},"content":{"rendered":"<p>Einige von Euch haben jetzt schon gefragt und ich m\u00c3\u00b6chte Euch gerne von unserem Wochenende erz\u00c3\u00a4hlen. ;) Die Wetterfee hatte Erbarmen &#8211; zumindest hat es nicht geregnet, w\u00c3\u00a4hrend der Umzug durch den Ort fuhr und viele Leute beim Baum-Stellen zu sahen. Auch der Disco-Abend am Freitag war ein voller Erfolg und wir hatten als Helferlein hinter der Theke eine Menge zu tun.<\/p>\n<p>Ich habe viele Bilder gemacht und Euch einige davon mitgebracht &#8211; schlie\u00c3\u0178lich ist das Baumstellen an der <a href=\"http:\/\/www.berkersheimer-kerb.de\" title=\"Homepage der Berkersheimer Kerbegesellschaft\">Berkersheimer Kerb<\/a> etwas ganz besonderes. :yes:<\/p>\n<p>Entlang der Stra\u00c3\u0178e werden traditionsbewusst die H\u00c3\u00a4user in Rot-Wei\u00c3\u0178 geschm\u00c3\u00bcckt, auch der Sohnemann hat das gemeinsam mit dem Hobbykoch sehr sch\u00c3\u00b6n gemacht. W\u00c3\u00a4hrend dessen war die Teenagerin als Kerbem\u00c3\u00a4del unterwegs im Vilbeler Wald, um den Kerbebaum zu holen.<\/p>\n<p>Am fr\u00c3\u00bchen Nachmittag ist es dann soweit und der kleine Zug schl\u00c3\u00a4ngelt sich langsam und gem\u00c3\u00a4chlich durch den kleinsten Frankfurter Stadtteil.<\/p>\n<p style=\"text-align: center;\"><img loading=\"lazy\" decoding=\"async\" src=\"http:\/\/terragina.de\/blog\/wp-content\/uploads\/2010\/09\/kerb_01.jpg\" width=\"580\" height=\"435\" alt=\"kerb_01.jpg\" \/><\/p>\n<p style=\"text-align: center;\">Ganz vorne mit dabei: Das Oberurseler <a href=\"http:\/\/www.facebook.com\/pages\/Hessentagspaar-2011\/147877811896175?v=wall\" title=\"Das Hessentagspaar 2011 aus Oberursel\">Hessentagspaar 2011<\/a><\/p>\n<div style=\"text-align: center;\">\n  \n<\/div>\n<div style=\"text-align: center;\">\n  <img loading=\"lazy\" decoding=\"async\" src=\"http:\/\/terragina.de\/blog\/wp-content\/uploads\/2010\/09\/kerb_02.jpg\" width=\"580\" height=\"435\" alt=\"kerb_02.jpg\" \/>\n<\/div>\n<p style=\"text-align: center;\">Fahnenkunst<\/p>\n<div style=\"text-align: center;\">\n  \n<\/div>\n<div style=\"text-align: center;\">\n  <img loading=\"lazy\" decoding=\"async\" src=\"http:\/\/terragina.de\/blog\/wp-content\/uploads\/2010\/09\/kerb_03.jpg\" width=\"580\" height=\"435\" alt=\"kerb_03.jpg\" \/>\n<\/div>\n<p style=\"text-align: center;\">F\u00c3\u00bcr den Nachwuchs der Kerbegesellschaft ist auch bestens gesorgt &#8211; hier die Berkersheimer Kerbekids auf ihrem eigenen Wagen.<\/p>\n<div style=\"text-align: center;\">\n  \n<\/div>\n<div style=\"text-align: center;\">\n  <img loading=\"lazy\" decoding=\"async\" src=\"http:\/\/terragina.de\/blog\/wp-content\/uploads\/2010\/09\/kerb_04.jpg\" width=\"580\" height=\"435\" alt=\"kerb_04.jpg\" \/>\n<\/div>\n<p style=\"text-align: center;\">Die Kerbelies wird von den Kerbem\u00c3\u00a4dels im Bollerwagen zum Festplatz gezogen.<\/p>\n<div style=\"text-align: center;\">\n  \n<\/div>\n<div style=\"text-align: center;\">\n  <img loading=\"lazy\" decoding=\"async\" src=\"http:\/\/terragina.de\/blog\/wp-content\/uploads\/2010\/09\/kerb_05.jpg\" width=\"580\" height=\"435\" alt=\"kerb_05.jpg\" \/>\n<\/div>\n<p style=\"text-align: center;\">Gefolgt von den Kerbeburschen, die gut auf unseren Kerbebaum aufpassen.<\/p>\n<div style=\"text-align: center;\">\n  \n<\/div>\n<div style=\"text-align: center;\">\n  <img loading=\"lazy\" decoding=\"async\" src=\"http:\/\/terragina.de\/blog\/wp-content\/uploads\/2010\/09\/kerb_06.jpg\" width=\"580\" height=\"435\" alt=\"kerb_06.jpg\" \/>\n<\/div>\n<p style=\"text-align: center;\">Am Ziel angekommen kommt jetzt erst der richtige Knochenjob, denn traditionell wird unser Kerbebaum noch mit Leitern und Muskelkraft gestellt. Die Jungs werden hervorragend von den Alt-Kerbeburschen angeleitet und trotzdem halten wir regelm\u00c3\u00a4ssig ein wenig den Atem an, wenn es darum geht, den Baum von der Horizontalen in die Vertikale zu bekommen.<\/p>\n<div style=\"text-align: center;\">\n  \n<\/div>\n<div style=\"text-align: center;\">\n  <img loading=\"lazy\" decoding=\"async\" src=\"http:\/\/terragina.de\/blog\/wp-content\/uploads\/2010\/09\/kerb_07.jpg\" width=\"580\" height=\"435\" alt=\"kerb_07.jpg\" \/>\n<\/div>\n<p style=\"text-align: center;\">Der Kranz mu\u00c3\u0178 nat\u00c3\u00bcrlich an den Baum bevor er steht &#8211; logo! ;)<\/p>\n<div style=\"text-align: center;\">\n  \n<\/div>\n<div style=\"text-align: center;\">\n  <img loading=\"lazy\" decoding=\"async\" src=\"http:\/\/terragina.de\/blog\/wp-content\/uploads\/2010\/09\/kerb_08.jpg\" width=\"580\" height=\"435\" alt=\"kerb_08.jpg\" \/>\n<\/div>\n<p style=\"text-align: center;\">Und dann geht`s richtig zur Sache. Aber mit vereinten Kr\u00c3\u00a4ften klappt das prima!<\/p>\n<div style=\"text-align: center;\">\n  \n<\/div>\n<div style=\"text-align: center;\">\n  <img loading=\"lazy\" decoding=\"async\" src=\"http:\/\/terragina.de\/blog\/wp-content\/uploads\/2010\/09\/kerb_09.jpg\" width=\"580\" height=\"435\" alt=\"kerb_09.jpg\" \/>\n<\/div>\n<p style=\"text-align: center;\">Fast geschafft!!<\/p>\n<div style=\"text-align: center;\">\n  \n<\/div>\n<div style=\"text-align: center;\">\n  <img loading=\"lazy\" decoding=\"async\" src=\"http:\/\/terragina.de\/blog\/wp-content\/uploads\/2010\/09\/kerb_10.jpg\" width=\"435\" height=\"580\" alt=\"kerb_10.jpg\" \/>\n<\/div>\n<p>Zum Schlu\u00c3\u0178 kommt noch die Kerbelies an den Baum &#8211; das Fest kann beginnen! Die 244. Berkersheimer Kerb ist offiziell er\u00c3\u00b6ffnet! Von der 243. Kerb im letzten Jahr habe ich \u00c3\u00bcbrigens <a href=\"http:\/\/terragina.de\/blog\/2009\/09\/27\/berkersheimer-kerb-der-samstag\/\" title=\"die 243. Kerb im Jahre 2009\">hier<\/a> berichtet.<\/p>\n<p>Schee war`s &#8211; wir haben viel gelacht, getanzt, tolle Musik geh\u00c3\u00b6rt und eine Menge Spa\u00c3\u0178 gehabt. Leider merkte ich bereits in der Nacht von Samstag auf Sonntag das erste Kratzen im Hals und die Knochen taten weh &#8211; so wurde es nicht ganz so fr\u00c3\u00bch. Unser Kerbem\u00c3\u00a4del hielt es da schon deutlich l\u00c3\u00a4nger aus (werden wir alt??). Und bezugnehmend auf meinen Artikel im letzten Jahr: Ja, <a href=\"http:\/\/www.cno-live.de\/news.htm\" title=\"CNO - eine erstklassige Coverband\">CNO<\/a> waren wieder f\u00c3\u00bcr die Musik am Samstag-Abend zust\u00c3\u00a4ndig und sie haben wieder f\u00c3\u00bcr gro\u00c3\u0178artige Stimmung im ganzen Zelt gesorgt! :dance:<\/p>\n<p><\/p>\n<p>Eine mehr oder weniger gelungene \u00c3\u0153berleitung zum zweiten Titel dieses Blogeintrages. Denn w\u00c3\u00a4hrend das Kerbem\u00c3\u00a4del ihre Stimme mit heisser Milch mit Honig pflegen mu\u00c3\u0178, weil diese nach so viel Singerei ihren Dienst quittiert hat, hat mich nun doch ein netter kleiner Infekt mit Kopf- und Gliederschmerzen, Halsweh, Husten und Rotznase nieder gerafft. Nachdem das Arbeiten auch nicht wirklich gut klappte und ich mich so gar nicht wohl f\u00c3\u00bchlte, hatte ich mich heute vormittag entschlossen, doch die \u00c3\u201erztin aufzusuchen.<\/p>\n<p>Wie \u00c3\u00a4rgerlich, 3 Tage vor Quartalsende&#8230;. :angry: Aber es bringt ja nichts, ich werde wohl die n\u00c3\u00a4chsten Tage zwischen Couch und Bett hin und her laufen. Ein Hoch auf mein kleines aber feines Mac*book. :dance: Da wird die Laune wenigstens ein klein wenig besser.<\/p>\n<p>Ich werde mich pflegen und pflegen lassen, es ist aber auch wie verhext im Moment &#8211; dauernd was anders&#8230;<\/p>\n<p><small>Vielleicht sollte ich meinen Blog umtaufen in Terraginas Jammer-Blog&#8230;.<\/small><\/p>\n<p><small><br \/><\/small><\/p>\n","protected":false},"excerpt":{"rendered":"<p>Einige von Euch haben jetzt schon gefragt und ich m\u00c3\u00b6chte Euch gerne von unserem Wochenende erz\u00c3\u00a4hlen. ;) Die Wetterfee hatte Erbarmen &#8211; zumindest hat es nicht geregnet, w\u00c3\u00a4hrend der Umzug durch den Ort fuhr und viele Leute beim Baum-Stellen zu sahen. Auch der Disco-Abend am Freitag war ein voller Erfolg und wir hatten als Helferlein hinter der Theke eine Menge zu tun. Ich habe viele Bilder gemacht und Euch einige davon mitgebracht &#8211; schlie\u00c3\u0178lich ist das Baumstellen an der Berkersheimer Kerb etwas ganz besonderes. :yes: Entlang der Stra\u00c3\u0178e werden traditionsbewusst die H\u00c3\u00a4user in Rot-Wei\u00c3\u0178 geschm\u00c3\u00bcckt, auch der Sohnemann hat das gemeinsam mit dem Hobbykoch sehr sch\u00c3\u00b6n gemacht. W\u00c3\u00a4hrend dessen war die Teenagerin als Kerbem\u00c3\u00a4del unterwegs im Vilbeler Wald, um den Kerbebaum zu holen. Am fr\u00c3\u00bchen Nachmittag ist es dann soweit und der kleine Zug schl\u00c3\u00a4ngelt sich langsam und gem\u00c3\u00a4chlich durch den kleinsten Frankfurter Stadtteil. Ganz vorne mit dabei: Das Oberurseler Hessentagspaar 2011 Fahnenkunst F\u00c3\u00bcr den Nachwuchs der Kerbegesellschaft ist auch bestens gesorgt &#8211; hier die Berkersheimer Kerbekids auf ihrem eigenen Wagen. Die Kerbelies wird von &hellip;<\/p>\n","protected":false},"author":1,"featured_media":0,"comment_status":"open","ping_status":"open","sticky":false,"template":"","format":"standard","meta":{"_jetpack_newsletter_access":"","_jetpack_dont_email_post_to_subs":false,"_jetpack_newsletter_tier_id":0,"_jetpack_memberships_contains_paywalled_content":false,"_jetpack_memberships_contains_paid_content":false,"footnotes":""},"categories":[2,114],"tags":[957,973],"class_list":["post-4484","post","type-post","status-publish","format-standard","hentry","category-foto","category-plauderecke","tag-foto","tag-plauderecke"],"jetpack_sharing_enabled":true,"jetpack_shortlink":"https:\/\/wp.me\/pq7aY-1ak","jetpack_likes_enabled":true,"jetpack-related-posts":[],"jetpack_featured_media_url":"","_links":{"self":[{"href":"https:\/\/terragina.de\/blog\/wp-json\/wp\/v2\/posts\/4484","targetHints":{"allow":["GET"]}}],"collection":[{"href":"https:\/\/terragina.de\/blog\/wp-json\/wp\/v2\/posts"}],"about":[{"href":"https:\/\/terragina.de\/blog\/wp-json\/wp\/v2\/types\/post"}],"author":[{"embeddable":true,"href":"https:\/\/terragina.de\/blog\/wp-json\/wp\/v2\/users\/1"}],"replies":[{"embeddable":true,"href":"https:\/\/terragina.de\/blog\/wp-json\/wp\/v2\/comments?post=4484"}],"version-history":[{"count":0,"href":"https:\/\/terragina.de\/blog\/wp-json\/wp\/v2\/posts\/4484\/revisions"}],"wp:attachment":[{"href":"https:\/\/terragina.de\/blog\/wp-json\/wp\/v2\/media?parent=4484"}],"wp:term":[{"taxonomy":"category","embeddable":true,"href":"https:\/\/terragina.de\/blog\/wp-json\/wp\/v2\/categories?post=4484"},{"taxonomy":"post_tag","embeddable":true,"href":"https:\/\/terragina.de\/blog\/wp-json\/wp\/v2\/tags?post=4484"}],"curies":[{"name":"wp","href":"https:\/\/api.w.org\/{rel}","templated":true}]}}