{"id":4532,"date":"2010-10-06T17:12:35","date_gmt":"2010-10-06T15:12:35","guid":{"rendered":"http:\/\/terragina.de\/blog\/2010\/10\/06\/mein-tag-in-bildern\/"},"modified":"2011-07-09T10:03:40","modified_gmt":"2011-07-09T08:03:40","slug":"mein-tag-in-bildern","status":"publish","type":"post","link":"https:\/\/terragina.de\/blog\/2010\/10\/06\/mein-tag-in-bildern\/","title":{"rendered":"Mein Tag in Bildern"},"content":{"rendered":"<p>Endlich &#8211; endlich geht es mir deutlich besser, so da\u00c3\u0178 ich mich auch wieder ein wenig bewegen kann. Und so habe ich mich heute auch das erste Mal nach 8 Tagen auf den Weg gemacht, um unsere Vorr\u00c3\u00a4te etwas aufzustocken. Nicht lange, nur kurz &#8211; eben f\u00c3\u00bcr das N\u00c3\u00b6tigste. Der Hobbykoch ist ja schon wieder auf Reisen&#8230; kommt am Freitag wieder nach Hause.<\/p>\n<p>Die Katzen haben den Tag \u00c3\u00bcbrigens auch genossen &#8211; hier ruht sich unsere junge Katzendame auf meinen neuen Stiefeln aus, die ich mir letzte Woche im Internet bestellt habe. Sie passen sehr gut und ich habe sie heute erstmalig \u00e2\u20ac\u017eausgef\u00c3\u00bchren\u00e2\u20ac\u009d k\u00c3\u00b6nnen.<\/p>\n<div style=\"text-align: center;\">\n  <img loading=\"lazy\" decoding=\"async\" src=\"http:\/\/terragina.de\/blog\/wp-content\/uploads\/2010\/10\/nala_20101006_01.jpg\" width=\"580\" height=\"435\" alt=\"nala_20101006_01.jpg\" \/>\n<\/div>\n<p>Auch unsere Grand Dame hat es sich in der Sonne gut gehen lassen&#8230;.<\/p>\n<p style=\"text-align: center;\"><img loading=\"lazy\" decoding=\"async\" src=\"http:\/\/terragina.de\/blog\/wp-content\/uploads\/2010\/10\/beverly_20101006.jpg\" width=\"580\" height=\"435\" alt=\"beverly_20101006.jpg\" \/><\/p>\n<p>Bei strahlendem Sonnenschein habe ich auch ein paar Minuten auf der Terrasse verbracht und mal geschaut, was unsere Pflanzen so machen. Der Garten sieht aus, als wenn er dringend ein wenig Pflege gebrauchen k\u00c3\u00b6nnte. Aber das mu\u00c3\u0178 ich wohl auf n\u00c3\u00a4chste Woche verschieben, denn ich soll mich ja noch schonen. Schade &#8211; denn so mu\u00c3\u0178 ich unseren G\u00c3\u00a4sten am kommenden Samstag einen etwas weniger sch\u00c3\u00b6nen Garten pr\u00c3\u00a4sentieren. :(<\/p>\n<p>Der nette Nachbar hat mir ein paar seiner Zierk\u00c3\u00bcrbisse geschenkt. Aus gesundheitlichen Gr\u00c3\u00bcnden lagen diese noch immer hinterm Haus auf der Terrasse. Gemeinsam mit dem Sohnemann habe ich ihnen heute ein geb\u00c3\u00bchrenderes Pl\u00c3\u00a4tzchen gesucht:<\/p>\n<div style=\"text-align: center;\">\n  <img loading=\"lazy\" decoding=\"async\" src=\"http:\/\/terragina.de\/blog\/wp-content\/uploads\/2010\/10\/kuerbisse.jpg\" width=\"580\" height=\"435\" alt=\"kuerbisse.jpg\" \/>\n<\/div>\n<p>Wenigstens vor der T\u00c3\u00bcr werden jetzt unsere G\u00c3\u00a4ste freundlich empfangen. :yes1: Geht es schon so stark auf Halloween zu? Ich habe beim Discounter ein paar schwarze und orangefarbene Teelichter &#8211; gro\u00c3\u0178 und klein &#8211; erstanden. Mal sehen, was ich damit anstelle.<\/p>\n<p>Am Nachmittag habe ich dann eine kleine Runde durch unser \u00c3\u00bcberschaubares G\u00c3\u00a4rtchen gedreht&#8230; doch was war das?<\/p>\n<div style=\"text-align: center;\">\n  <img loading=\"lazy\" decoding=\"async\" src=\"http:\/\/terragina.de\/blog\/wp-content\/uploads\/2010\/10\/hebe.jpg\" width=\"580\" height=\"435\" alt=\"hebe.jpg\" \/>\n<\/div>\n<p>Die kleinen aber feinen Knospen werden sicher bald bl\u00c3\u00bchen. :sing: Den ganzen Sommer \u00c3\u00bcber habe ich die paar Bl\u00c3\u00a4ttchen, die vom letzten Jahr \u00c3\u00bcbrig geblieben waren, gehegt und gepflegt. Und ehrlich gesagt hatte ich nicht mehr damit gerechnet, dass <a href=\"http:\/\/terragina.de\/blog\/2009\/08\/23\/besuch-bei-gaertner-poetschke\/\" title=\"Besuch bei G\u00c3\u00a4rtner P\u00c3\u00b6tschke im letzten Jahr\">die Hebe<\/a> dieses Jahr noch bl\u00c3\u00bcht&#8230; hach, ich freue mich! :dance:<\/p>\n<p>Auch der Ilex hat viele sch\u00c3\u00b6ne rote Ilex-Beeren ausgebildet &#8211; sch\u00c3\u00b6n!<\/p>\n<div style=\"text-align: center;\">\n  <img loading=\"lazy\" decoding=\"async\" src=\"http:\/\/terragina.de\/blog\/wp-content\/uploads\/2010\/10\/ilex.jpg\" width=\"580\" height=\"435\" alt=\"ilex.jpg\" \/>\n<\/div>\n<p>&#8230; und im Buxbaum habe ich zwei Spinnennetze gefunden, jeweils mit zwei stattlichen Spinnenexemplaren. Den Anblick erspare ich Euch und mir. *lol*<\/p>\n<p>Nun werde ich es mir gem\u00c3\u00bctlich machen und den Tag ganz locker und entspannt ausklingen lassen. :yes:<\/p>\n<p><\/p>\n<p><font color=\"#C21517\"><i>Macht Ihr es Euch auch sch\u00c3\u00b6n &#8211; bis morgen!<\/i><\/font><\/p>\n","protected":false},"excerpt":{"rendered":"<p>Endlich &#8211; endlich geht es mir deutlich besser, so da\u00c3\u0178 ich mich auch wieder ein wenig bewegen kann. Und so habe ich mich heute auch das erste Mal nach 8 Tagen auf den Weg gemacht, um unsere Vorr\u00c3\u00a4te etwas aufzustocken. Nicht lange, nur kurz &#8211; eben f\u00c3\u00bcr das N\u00c3\u00b6tigste. Der Hobbykoch ist ja schon wieder auf Reisen&#8230; kommt am Freitag wieder nach Hause. Die Katzen haben den Tag \u00c3\u00bcbrigens auch genossen &#8211; hier ruht sich unsere junge Katzendame auf meinen neuen Stiefeln aus, die ich mir letzte Woche im Internet bestellt habe. Sie passen sehr gut und ich habe sie heute erstmalig \u00e2\u20ac\u017eausgef\u00c3\u00bchren\u00e2\u20ac\u009d k\u00c3\u00b6nnen. Auch unsere Grand Dame hat es sich in der Sonne gut gehen lassen&#8230;. Bei strahlendem Sonnenschein habe ich auch ein paar Minuten auf der Terrasse verbracht und mal geschaut, was unsere Pflanzen so machen. Der Garten sieht aus, als wenn er dringend ein wenig Pflege gebrauchen k\u00c3\u00b6nnte. Aber das mu\u00c3\u0178 ich wohl auf n\u00c3\u00a4chste Woche verschieben, denn ich soll mich ja noch schonen. Schade &#8211; denn so mu\u00c3\u0178 ich unseren G\u00c3\u00a4sten &hellip;<\/p>\n","protected":false},"author":1,"featured_media":0,"comment_status":"open","ping_status":"open","sticky":false,"template":"","format":"standard","meta":{"_jetpack_newsletter_access":"","_jetpack_dont_email_post_to_subs":false,"_jetpack_newsletter_tier_id":0,"_jetpack_memberships_contains_paywalled_content":false,"_jetpack_memberships_contains_paid_content":false,"footnotes":""},"categories":[2,114],"tags":[957,39,30,78,226,973],"class_list":["post-4532","post","type-post","status-publish","format-standard","hentry","category-foto","category-plauderecke","tag-foto","tag-katzen","tag-maine-coon","tag-natur","tag-pflanzen","tag-plauderecke"],"jetpack_sharing_enabled":true,"jetpack_shortlink":"https:\/\/wp.me\/pq7aY-1b6","jetpack_likes_enabled":true,"jetpack-related-posts":[],"jetpack_featured_media_url":"","_links":{"self":[{"href":"https:\/\/terragina.de\/blog\/wp-json\/wp\/v2\/posts\/4532","targetHints":{"allow":["GET"]}}],"collection":[{"href":"https:\/\/terragina.de\/blog\/wp-json\/wp\/v2\/posts"}],"about":[{"href":"https:\/\/terragina.de\/blog\/wp-json\/wp\/v2\/types\/post"}],"author":[{"embeddable":true,"href":"https:\/\/terragina.de\/blog\/wp-json\/wp\/v2\/users\/1"}],"replies":[{"embeddable":true,"href":"https:\/\/terragina.de\/blog\/wp-json\/wp\/v2\/comments?post=4532"}],"version-history":[{"count":0,"href":"https:\/\/terragina.de\/blog\/wp-json\/wp\/v2\/posts\/4532\/revisions"}],"wp:attachment":[{"href":"https:\/\/terragina.de\/blog\/wp-json\/wp\/v2\/media?parent=4532"}],"wp:term":[{"taxonomy":"category","embeddable":true,"href":"https:\/\/terragina.de\/blog\/wp-json\/wp\/v2\/categories?post=4532"},{"taxonomy":"post_tag","embeddable":true,"href":"https:\/\/terragina.de\/blog\/wp-json\/wp\/v2\/tags?post=4532"}],"curies":[{"name":"wp","href":"https:\/\/api.w.org\/{rel}","templated":true}]}}