{"id":4562,"date":"2010-10-10T12:41:38","date_gmt":"2010-10-10T10:41:38","guid":{"rendered":"http:\/\/terragina.de\/blog\/2010\/10\/10\/viel-zu-schnell-vorbei\/"},"modified":"2011-07-09T10:03:26","modified_gmt":"2011-07-09T08:03:26","slug":"viel-zu-schnell-vorbei","status":"publish","type":"post","link":"https:\/\/terragina.de\/blog\/2010\/10\/10\/viel-zu-schnell-vorbei\/","title":{"rendered":"Viel zu schnell vorbei"},"content":{"rendered":"<p>Kann mir bitte mal jemand verraten, warum die sch\u00c3\u00b6nsten Tage immer so schnell wieder vorbei sind? Gestern fr\u00c3\u00bch haben wir hier im Haus noch ein wenig gewirbelt, damit es sch\u00c3\u00b6n ist, wenn <a href=\"http:\/\/fraeuleinfrieda.wordpress.com\">Familie Frieda<\/a> gemeinsam mit <a href=\"http:\/\/www.kurzbemerkt.de\" title=\"Katinka besuchen\">Familie Kurzbemerkt<\/a> bei uns eintrifft. <a href=\"http:\/\/terragina.de\/blog\/2010\/10\/10\/schweizer-rueblitorte\/\" title=\"Rezept von der leckeren Schweizer R\u00c3\u00bcblitorte\">Diesen hier<\/a> hatte ich schon am Vortag fertig gestellt, weil ich wei\u00c3\u0178, dass er am n\u00c3\u00a4chsten Tag am besten schmeckt:<\/p>\n<div style=\"text-align: center;\">\n  <img loading=\"lazy\" decoding=\"async\" src=\"http:\/\/terragina.de\/blog\/wp-content\/uploads\/2010\/10\/schweizer_rueblitorte_01.jpg\" width=\"580\" height=\"435\" alt=\"schweizer_rueblitorte_01.jpg\" \/>\n<\/div>\n<p>Es war alles gerichtet, Getr\u00c3\u00a4nke standen da, die Betten waren bezogen, gesaugt und gewischt &#8211; alles prima. Und p\u00c3\u00bcnktlich um kurz nach 11 Uhr klingelte es an der T\u00c3\u00bcr. Nach einer sehr herzlichen Begr\u00c3\u00bc\u00c3\u0178ung und einer schnellen Tasse Kafffee gab`s erstmal ein bisschen Herbst-Deko von unseren lieben, von weit her gereisten Besuchern &#8211; ich habe mich riesig gefreut, vielen vielen Dank nochmal daf\u00c3\u00bcr an dieser Stelle.<\/p>\n<div style=\"text-align: center;\">\n  <img loading=\"lazy\" decoding=\"async\" src=\"http:\/\/terragina.de\/blog\/wp-content\/uploads\/2010\/10\/schenkli.jpg\" width=\"580\" height=\"435\" alt=\"schenkli.jpg\" \/>\n<\/div>\n<p>Mittlerweile habe ich auch f\u00c3\u00bcr die sch\u00c3\u00b6nen Dinge ein nettes Pl\u00c3\u00a4tzchen gefunden. ;)<\/p>\n<p>Zu sechst machten wir uns dann mit der U-Bahn auf den Weg in die Frankfurter City. Wir fuhren zum R\u00c3\u00b6mer, spazierten an den Main und statteten der weit \u00c3\u00bcber Frankfurts Grenzen hinaus bekannten <a href=\"http:\/\/www.kleinmarkthalle.de\/\" title=\"Ein St\u00c3\u00bcck Frankfurt mit Herz\">Kleinmarkthalle<\/a> einen Besuch ab. So viele Leckereien&#8230;. hier w\u00c3\u00a4re der perfekte Ort, um ein perfektes Dinner auszurichten &#8211; wir aber hatten ja vorgesorgt und schon alles daheim &#8211; so blieb es also beim Gucken und Staunen.<\/p>\n<p>Vor besagter Halle fanden wir heraus, dass es machmal ein paar mehr W\u00c3\u00bcrstchen bedarf, um einen ausgewachsenen Mann satt zu bekommen. ;)<\/p>\n<p>Satt und zufrieden ging`s dann bei strahlend-blauem Himmel und viel Sonnenschein zum Shoppen auf die Zeil. Ganz oben auf der Liste stand der neue GGL-Laden und es passierte genau das, was passieren musste. Ich komme an diesen Sachen einfach nicht vorbei, ohne dass etwas in meine Tasche wandert&#8230; :blush: Diesesmal war`s das neue Portemonnaie \u00e2\u20ac\u017eCash More\u00e2\u20ac\u009d &#8211; f\u00c3\u00bcr mich im top-modischem Lila. :yes:<\/p>\n<div style=\"text-align: center;\">\n  <img loading=\"lazy\" decoding=\"async\" src=\"http:\/\/terragina.de\/blog\/wp-content\/uploads\/2010\/10\/ggl_portemonnaie.jpg\" width=\"580\" height=\"435\" alt=\"ggl_portemonnaie.jpg\" \/>\n<\/div>\n<p>Mein liebes Frl. Frieda hat dieses Mal leider nichts Passendes (bei GGL) gefunden &#8211; aber daf\u00c3\u00bcr ist Frau Kurzbemerkt um eine sch\u00c3\u00b6ne gro\u00c3\u0178e Tasche reicher &#8211; willkommen im GGL-Fan-Club ;) Wir flanierten ein wenig \u00c3\u00bcber die Zeil und dann durch \u00e2\u20ac\u017eMy Zeil\u00e2\u20ac\u009d , um dann langsam wieder an die Heimfahrt zu denken. Schlie\u00c3\u0178lich wartete dort noch ein sch\u00c3\u00b6n gedeckter Tisch mit der <a href=\"http:\/\/terragina.de\/blog\/2010\/10\/10\/schweizer-rueblitorte\/\" title=\"Rezept Schweizer R\u00c3\u00bcblitorte\">R\u00c3\u00bcblitorte<\/a> (dank der weltbesten Kinder) und frischem Kaffee auf uns. Bevor wir allerdings in die U-Bahn stiegen, hat auch noch Frl. Frieda etwas Sch\u00c3\u00b6nes f\u00c3\u00bcr sich erstanden. ;)<\/p>\n<p>Mit netten Gespr\u00c3\u00a4chen, viel Lachen und dem obligatorischen Gl\u00c3\u00a4schen Prosecco verbrachten wir den Rest des Nachmittags und machten uns ans gemeinsame Schnippeln f\u00c3\u00bcr unseren Grillabend. Wie lecker &#8211; Steaks, Gefl\u00c3\u00bcgel, W\u00c3\u00bcrstchen, CousCous-Salat und gemischter gr\u00c3\u00bcner Salat &#8211; wir wurden alle satt. Zum kr\u00c3\u00b6nenden Abschlu\u00c3\u0178 gab`s noch eine Himbeer-Joghurt-Creme vom Tochterkind &#8211; sehr lecker!<\/p>\n<p>Viel zu schnell war es wieder Zeit, dass Familie Frieda sich auf den Heimweg machte. Und nach einem letzten Gl\u00c3\u00a4schen Sekt war auch f\u00c3\u00bcr Familie Kurzbemerkt und uns dieser tolle Tag zu Ende. :(<\/p>\n<p>Ich glaube, wir haben alle vier gut geschlafen und lie\u00c3\u0178en uns heute morgen noch das gemeinsame Fr\u00c3\u00bchst\u00c3\u00bcck schmecken. Dann hie\u00c3\u0178 es Abschied nehmen bis zu n\u00c3\u00a4chsten Mal. :-(<\/p>\n<p>Ihr Lieben, vielen Dank f\u00c3\u00bcr Euren Besuch \u00e2\u2122\u00a5 Es war toll!!<\/p>\n","protected":false},"excerpt":{"rendered":"<p>Kann mir bitte mal jemand verraten, warum die sch\u00c3\u00b6nsten Tage immer so schnell wieder vorbei sind? Gestern fr\u00c3\u00bch haben wir hier im Haus noch ein wenig gewirbelt, damit es sch\u00c3\u00b6n ist, wenn Familie Frieda gemeinsam mit Familie Kurzbemerkt bei uns eintrifft. Diesen hier hatte ich schon am Vortag fertig gestellt, weil ich wei\u00c3\u0178, dass er am n\u00c3\u00a4chsten Tag am besten schmeckt: Es war alles gerichtet, Getr\u00c3\u00a4nke standen da, die Betten waren bezogen, gesaugt und gewischt &#8211; alles prima. Und p\u00c3\u00bcnktlich um kurz nach 11 Uhr klingelte es an der T\u00c3\u00bcr. Nach einer sehr herzlichen Begr\u00c3\u00bc\u00c3\u0178ung und einer schnellen Tasse Kafffee gab`s erstmal ein bisschen Herbst-Deko von unseren lieben, von weit her gereisten Besuchern &#8211; ich habe mich riesig gefreut, vielen vielen Dank nochmal daf\u00c3\u00bcr an dieser Stelle. Mittlerweile habe ich auch f\u00c3\u00bcr die sch\u00c3\u00b6nen Dinge ein nettes Pl\u00c3\u00a4tzchen gefunden. ;) Zu sechst machten wir uns dann mit der U-Bahn auf den Weg in die Frankfurter City. Wir fuhren zum R\u00c3\u00b6mer, spazierten an den Main und statteten der weit \u00c3\u00bcber Frankfurts Grenzen hinaus bekannten Kleinmarkthalle einen &hellip;<\/p>\n","protected":false},"author":1,"featured_media":0,"comment_status":"open","ping_status":"open","sticky":false,"template":"","format":"standard","meta":{"_jetpack_newsletter_access":"","_jetpack_dont_email_post_to_subs":false,"_jetpack_newsletter_tier_id":0,"_jetpack_memberships_contains_paywalled_content":false,"_jetpack_memberships_contains_paid_content":false,"footnotes":""},"categories":[114],"tags":[973],"class_list":["post-4562","post","type-post","status-publish","format-standard","hentry","category-plauderecke","tag-plauderecke"],"jetpack_sharing_enabled":true,"jetpack_shortlink":"https:\/\/wp.me\/pq7aY-1bA","jetpack_likes_enabled":true,"jetpack-related-posts":[],"jetpack_featured_media_url":"","_links":{"self":[{"href":"https:\/\/terragina.de\/blog\/wp-json\/wp\/v2\/posts\/4562","targetHints":{"allow":["GET"]}}],"collection":[{"href":"https:\/\/terragina.de\/blog\/wp-json\/wp\/v2\/posts"}],"about":[{"href":"https:\/\/terragina.de\/blog\/wp-json\/wp\/v2\/types\/post"}],"author":[{"embeddable":true,"href":"https:\/\/terragina.de\/blog\/wp-json\/wp\/v2\/users\/1"}],"replies":[{"embeddable":true,"href":"https:\/\/terragina.de\/blog\/wp-json\/wp\/v2\/comments?post=4562"}],"version-history":[{"count":0,"href":"https:\/\/terragina.de\/blog\/wp-json\/wp\/v2\/posts\/4562\/revisions"}],"wp:attachment":[{"href":"https:\/\/terragina.de\/blog\/wp-json\/wp\/v2\/media?parent=4562"}],"wp:term":[{"taxonomy":"category","embeddable":true,"href":"https:\/\/terragina.de\/blog\/wp-json\/wp\/v2\/categories?post=4562"},{"taxonomy":"post_tag","embeddable":true,"href":"https:\/\/terragina.de\/blog\/wp-json\/wp\/v2\/tags?post=4562"}],"curies":[{"name":"wp","href":"https:\/\/api.w.org\/{rel}","templated":true}]}}