{"id":4573,"date":"2010-10-13T15:28:28","date_gmt":"2010-10-13T13:28:28","guid":{"rendered":"http:\/\/terragina.de\/blog\/2010\/10\/13\/projekt-122010-der-oktober\/"},"modified":"2011-07-09T10:03:20","modified_gmt":"2011-07-09T08:03:20","slug":"projekt-122010-der-oktober","status":"publish","type":"post","link":"https:\/\/terragina.de\/blog\/2010\/10\/13\/projekt-122010-der-oktober\/","title":{"rendered":"Projekt 12\/2010 &#8211; der Oktober"},"content":{"rendered":"<p><img loading=\"lazy\" decoding=\"async\" style=\"float: left; margin-right: 10px; margin-bottom: 10px;\" src=\"http:\/\/terragina.de\/blog\/wp-content\/uploads\/2010\/01\/zwoelf2010_klein.png\" alt=\"zwoelf2010_klein.png\" width=\"156\" height=\"28\" \/>Endlich habe ich es mal nicht auf den aller-allerletzen Dr\u00c3\u00bccker geschafft. :sing: Und ich habe wohl noch mal einen goldenen Oktobertag erwischt, auch wenn es an der Bahn heute ein wenig diesig war und man die hohen H\u00c3\u00a4user im Hintergrund gar nicht erkennen kann. Wer nicht wei\u00c3\u0178, was ich meine, schaut bitte mal auf meiner <a title=\"Foto-\u00c3\u0153bersicht Projekt zw\u00c3\u00b6lf2010\" href=\"http:\/\/terragina.de\/blog\/zwoelf2010-2\/\">Projektseite<\/a>.<\/p>\n<p><a title=\"Fotoprojekt zw\u00c3\u00b6lf2010 bei Jana\" href=\"http:\/\/www.janasworld.de\/2009\/11\/22\/fotoprojekt-zwoelf2010-2\/\">Janas Projekt<\/a> gef\u00c3\u00a4llt mir immer noch wahnsinnig gut und ich kann kaum glauben, dass mir nur noch 2 Bilder fehlen und ich wohl tats\u00c3\u00a4chlich mal ein Projekt bis zum Ende bringe. :dance:<\/p>\n<p>Hier also nun wieder \u00e2\u20ac\u017emeine\u00e2\u20ac\u009d S-Bahn-Haltestelle. Von mir &#8211; f\u00c3\u00bcr Euch. ;)<\/p>\n<div style=\"text-align: left;\">\n  <\/p>\n<div style=\"text-align: center;\">\n<p>    <a href=\"http:\/\/terragina.de\/blog\/wp-content\/uploads\/2010\/10\/zwoelf2010_10_900x543.jpg\" rel=\"lightbox[4573]\"><img loading=\"lazy\" decoding=\"async\" src=\"http:\/\/terragina.de\/blog\/wp-content\/uploads\/2010\/10\/zwoelf2010_10_900x543-tm.jpg\" width=\"480\" height=\"289\" alt=\"Projekt 12\/2010 - Der Oktober\" \/><\/a>\n  <\/div>\n<\/div>\n<p><\/p>\n<div style=\"text-align: center;\">\n  <em>~ klick macht gro\u00c3\u0178 ~<\/em>\n<\/div>\n<p><\/p>\n<p>Beim Einfahren habe ich die S-Bahn bislang noch nicht erwischt, oder doch? Ansonsten stehen leider keine B\u00c3\u00a4ume mit leuchtend-rot verf\u00c3\u00a4rbten Bl\u00c3\u00a4ttern am Bahnsteig. Das h\u00c3\u00a4tte mir pers\u00c3\u00b6nlich sehr gut gefallen &#8211; schade!<\/p>\n<p><\/p>\n<p><a title=\"Projekt-Teilnehmer 101 bis 200\" href=\"http:\/\/www.janasworld.de\/fotografie\/fotoprojekt-zwoelf2010-2\/fotoprojekt-zwoelf2010-101-150\/\">\u00c3\u0153bersicht der Teilnehmer-Bilder 101-150<\/a> <i>(Meine Teilnehmer-Nr. ist die 110)<\/i><\/p>\n<p><a title=\"Flickr-Gruppe zwoelf2010\" href=\"http:\/\/www.flickr.com\/groups\/1300582@N23\/\">Flickr-Foto-Gruppe<\/a>.<\/p>\n","protected":false},"excerpt":{"rendered":"<p>Endlich habe ich es mal nicht auf den aller-allerletzen Dr\u00c3\u00bccker geschafft. :sing: Und ich habe wohl noch mal einen goldenen Oktobertag erwischt, auch wenn es an der Bahn heute ein wenig diesig war und man die hohen H\u00c3\u00a4user im Hintergrund gar nicht erkennen kann. Wer nicht wei\u00c3\u0178, was ich meine, schaut bitte mal auf meiner Projektseite. Janas Projekt gef\u00c3\u00a4llt mir immer noch wahnsinnig gut und ich kann kaum glauben, dass mir nur noch 2 Bilder fehlen und ich wohl tats\u00c3\u00a4chlich mal ein Projekt bis zum Ende bringe. :dance: Hier also nun wieder \u00e2\u20ac\u017emeine\u00e2\u20ac\u009d S-Bahn-Haltestelle. Von mir &#8211; f\u00c3\u00bcr Euch. ;) ~ klick macht gro\u00c3\u0178 ~ Beim Einfahren habe ich die S-Bahn bislang noch nicht erwischt, oder doch? Ansonsten stehen leider keine B\u00c3\u00a4ume mit leuchtend-rot verf\u00c3\u00a4rbten Bl\u00c3\u00a4ttern am Bahnsteig. Das h\u00c3\u00a4tte mir pers\u00c3\u00b6nlich sehr gut gefallen &#8211; schade! \u00c3\u0153bersicht der Teilnehmer-Bilder 101-150 (Meine Teilnehmer-Nr. ist die 110) Flickr-Foto-Gruppe.<\/p>\n","protected":false},"author":1,"featured_media":0,"comment_status":"open","ping_status":"open","sticky":false,"template":"","format":"standard","meta":{"_jetpack_newsletter_access":"","_jetpack_dont_email_post_to_subs":false,"_jetpack_newsletter_tier_id":0,"_jetpack_memberships_contains_paywalled_content":false,"_jetpack_memberships_contains_paid_content":false,"footnotes":""},"categories":[358],"tags":[957,980],"class_list":["post-4573","post","type-post","status-publish","format-standard","hentry","category-zwoelf2010","tag-foto","tag-zwoelf2010"],"jetpack_sharing_enabled":true,"jetpack_shortlink":"https:\/\/wp.me\/pq7aY-1bL","jetpack_likes_enabled":true,"jetpack-related-posts":[],"jetpack_featured_media_url":"","_links":{"self":[{"href":"https:\/\/terragina.de\/blog\/wp-json\/wp\/v2\/posts\/4573","targetHints":{"allow":["GET"]}}],"collection":[{"href":"https:\/\/terragina.de\/blog\/wp-json\/wp\/v2\/posts"}],"about":[{"href":"https:\/\/terragina.de\/blog\/wp-json\/wp\/v2\/types\/post"}],"author":[{"embeddable":true,"href":"https:\/\/terragina.de\/blog\/wp-json\/wp\/v2\/users\/1"}],"replies":[{"embeddable":true,"href":"https:\/\/terragina.de\/blog\/wp-json\/wp\/v2\/comments?post=4573"}],"version-history":[{"count":0,"href":"https:\/\/terragina.de\/blog\/wp-json\/wp\/v2\/posts\/4573\/revisions"}],"wp:attachment":[{"href":"https:\/\/terragina.de\/blog\/wp-json\/wp\/v2\/media?parent=4573"}],"wp:term":[{"taxonomy":"category","embeddable":true,"href":"https:\/\/terragina.de\/blog\/wp-json\/wp\/v2\/categories?post=4573"},{"taxonomy":"post_tag","embeddable":true,"href":"https:\/\/terragina.de\/blog\/wp-json\/wp\/v2\/tags?post=4573"}],"curies":[{"name":"wp","href":"https:\/\/api.w.org\/{rel}","templated":true}]}}