{"id":4708,"date":"2010-11-11T17:28:55","date_gmt":"2010-11-11T15:28:55","guid":{"rendered":"http:\/\/terragina.de\/blog\/2010\/11\/11\/ein-wunderschoener-moment-und-eine-app-empfehlung\/"},"modified":"2011-07-09T10:02:24","modified_gmt":"2011-07-09T08:02:24","slug":"ein-wunderschoener-moment-und-eine-app-empfehlung","status":"publish","type":"post","link":"https:\/\/terragina.de\/blog\/2010\/11\/11\/ein-wunderschoener-moment-und-eine-app-empfehlung\/","title":{"rendered":"Ein wundersch\u00c3\u00b6ner Moment und eine App-Empfehlung"},"content":{"rendered":"<p><a href=\"http:\/\/www.kurzbemerkt.de\/kommentare\/schoene-momente-im-herbst-und-winter....309\/\" title=\"Sch\u00c3\u00b6ne Momente im Herbst\/Winter\"><img loading=\"lazy\" decoding=\"async\" src=\"http:\/\/terragina.de\/\/blog\/images\/aktionherbst01.gif\" width=\"130\" height=\"130\" alt=\"Sch\u00c3\u00b6ne Momente im Herbst\/Winter\" style=\"float:left; margin-bottom:10px; margin-right:10px;\" \/><\/a><\/p>\n<p>Als ich mit meinen beiden netten Kolleginnen den ersten Kaffee des Tages trank konnte ich beobachten, wie sich die Scheiben des gegen\u00c3\u00bcberliegenden Geb\u00c3\u00a4udes in ein warmes Rot verf\u00c3\u00a4rbten. Das war nicht das erste Mal in diesen Tagen. Aber heute war es anders. Denn trotz l\u00c3\u00a4cherlicher 4\u00c2\u00b0C Au\u00c3\u0178entemperatur schnappte ich mir mein i*Phone, um dem Sonnenaufgang ein St\u00c3\u00bcckchen entgegen zu eilen. Ich wollte genau diesen Moment einfangen, und so verzichtete ich sogar darauf, mir meine Jacke zu schnappen. Es musste schnell gehen. :yes:<\/p>\n<p>Ich finde, der kleine Ausflug hat sich gelohnt und ich habe wieder ein h\u00c3\u00bcbsches Foto f\u00c3\u00bcr Katinkas Blogaktion. :dance:<\/p>\n<p>\u00e2\u20ac\u017e<a href=\"http:\/\/www.kurzbemerkt.de\/kommentare\/schoene-momente-im-herbst-und-winter....309\/\" title=\"Sch\u00c3\u00b6ne Momente im Herbst\/Winter bei Katinka\">Sch\u00c3\u00b6ne Momente im Herbst\/Winter<\/a>\u00e2\u20ac\u009d &#8211; immer einen Besuch wert. ;)<\/p>\n<div style=\"text-align: center;\">\n  <img loading=\"lazy\" decoding=\"async\" src=\"http:\/\/terragina.de\/blog\/wp-content\/uploads\/2010\/11\/sonnenaufgang_firma.jpg\" width=\"435\" height=\"580\" alt=\"sonnenaufgang_firma.jpg\" \/>\n<\/div>\n<p><\/p>\n<p><i><font color=\"#F24501\">\u00e2\u20ac\u017eUnd sonst so?\u00e2\u20ac\u009d<\/font><\/i> fragt sich vielleicht der\/die ein oder andere LeserIn meines bunten Blogs?<\/p>\n<p>Sonst gibt`s heute wieder nicht viel zu berichten. Ich m\u00c3\u00b6chte meine werte Leserschaft ja auch nicht langweilen. Tut mir den Gefallen und sagt bescheid, wenn ich blogge und blogge und ihr Euch ein m\u00c3\u00bcdes G\u00c3\u00a4hnen nicht verkneifen k\u00c3\u00b6nnt, ok?<\/p>\n<p>Obwohl, so ganz stimmt das nicht, denn ich habe wieder mal eine kleine Entdeckung gemacht. Es gibt also doch noch eine Kleinigkeit zu bloggen. :yes1:<\/p>\n<p><\/p>\n<p><a href=\"http:\/\/itunes.apple.com\/de\/app\/contactsp-2\/id364481787?mt=8\" title=\"ContactsP 2\"><img loading=\"lazy\" decoding=\"async\" src=\"http:\/\/terragina.de\/blog\/wp-content\/uploads\/2010\/11\/contactsp_2.jpg\" width=\"100\" height=\"101\" alt=\"contactsp_2.jpg\" style=\"float:right; margin-bottom:10px; margin-left:10px;\" \/><\/a><\/p>\n<p>Ich habe mir ein neues Kontakte-App f\u00c3\u00bcr das i*Phone herunter geladen und bin ganz begeistert. Gestern bereits habe ich mir die derzeit <font color=\"#F24501\">kostenlose<\/font> <a href=\"http:\/\/itunes.apple.com\/de\/app\/contactsp\/id317689553?mt=8\" title=\"ContactsP\">1. Version<\/a> im i*Tunes-Store herunter geladen, um sie auszuprobieren. Schon von dieser Version war ich sehr angenehm \u00c3\u00bcberrascht &#8211; sie bietet einfach viel mehr M\u00c3\u00b6glichkeiten, als die \u00e2\u20ac\u017ehauseigene\u00e2\u20ac\u009d Adressbuch-App des i*Phones.<\/p>\n<p>Mit diversen Sortierfunktionen, Cover-Flow und leichtem Handling bei optisch sehr sch\u00c3\u00b6ner Gestaltung bleiben eigentlich keine W\u00c3\u00bcnsche mehr offen. Ein kleines Manko gibt es allerdings: \u00e2\u20ac\u017eContactsP\u00e2\u20ac\u009d wird ab sofort nicht mehr supported und auch nicht mehr aktualisiert.<\/p>\n<p>In der Version 2 &#8211; <a href=\"http:\/\/itunes.apple.com\/de\/app\/contactsp-2\/id364481787?mt=8#\" title=\"ContactsP 2 im App-Store\">ContactsP 2<\/a> &#8211; f\u00c3\u00bcr 79 ct im App-Store gibt es ein paar Neuerungen und die M\u00c3\u00b6glichkeit, auch an ganze Gruppen SMS oder Mails zu versenden. Ein Geburtstagskalender ist integriert (inkl. Push-Nachrichten) und es gibt eine Suchfunktion f\u00c3\u00bcr s\u00c3\u00a4mtliche Felder. Auch an der App-Optik hat sich ein wenig was getan. Und auch hier ein kleiner Wermutstropfen: Die App gibt`s derzeit noch nicht in deutscher Sprache.<\/p>\n<p><i>Mein Fazit:<\/i> Diese App macht Spa\u00c3\u0178 und ist die 79 ct. wirklich wert &#8211; meine Kaufempfehlung. :yes:<\/p>\n<p><\/p>\n<p style=\"text-align: center;\">*************************************<\/p>\n<p><\/p>\n<p>Jetzt werde ich mal schauen, was die restlichen Familienmitglieder so machen. Es ist dunkel draussen und ich mu\u00c3\u0178 unbedingt diese kleinen Sternchen ausprobieren, die der Hobbykoch mir heute vom Discounter mitgebracht hat. :winke: Mal schauen, ob ich noch ein Foto nachreiche&#8230;. ;) Und Hunger habe ich &#8211; aber heute darf sich der Hobbykoch mal wieder in der K\u00c3\u00bcche austoben. Schnell und einfach wird`s: Gyros und Twister Fries sollen es heute sein. :yes1:<\/p>\n<p>Ab und an darf\u00c2\u00b4s sowas bei uns ruhig auch mal sein&#8230;.<\/p>\n","protected":false},"excerpt":{"rendered":"<p>Als ich mit meinen beiden netten Kolleginnen den ersten Kaffee des Tages trank konnte ich beobachten, wie sich die Scheiben des gegen\u00c3\u00bcberliegenden Geb\u00c3\u00a4udes in ein warmes Rot verf\u00c3\u00a4rbten. Das war nicht das erste Mal in diesen Tagen. Aber heute war es anders. Denn trotz l\u00c3\u00a4cherlicher 4\u00c2\u00b0C Au\u00c3\u0178entemperatur schnappte ich mir mein i*Phone, um dem Sonnenaufgang ein St\u00c3\u00bcckchen entgegen zu eilen. Ich wollte genau diesen Moment einfangen, und so verzichtete ich sogar darauf, mir meine Jacke zu schnappen. Es musste schnell gehen. :yes: Ich finde, der kleine Ausflug hat sich gelohnt und ich habe wieder ein h\u00c3\u00bcbsches Foto f\u00c3\u00bcr Katinkas Blogaktion. :dance: \u00e2\u20ac\u017eSch\u00c3\u00b6ne Momente im Herbst\/Winter\u00e2\u20ac\u009d &#8211; immer einen Besuch wert. ;) \u00e2\u20ac\u017eUnd sonst so?\u00e2\u20ac\u009d fragt sich vielleicht der\/die ein oder andere LeserIn meines bunten Blogs? Sonst gibt`s heute wieder nicht viel zu berichten. Ich m\u00c3\u00b6chte meine werte Leserschaft ja auch nicht langweilen. Tut mir den Gefallen und sagt bescheid, wenn ich blogge und blogge und ihr Euch ein m\u00c3\u00bcdes G\u00c3\u00a4hnen nicht verkneifen k\u00c3\u00b6nnt, ok? Obwohl, so ganz stimmt das nicht, denn ich habe wieder mal &hellip;<\/p>\n","protected":false},"author":1,"featured_media":0,"comment_status":"open","ping_status":"open","sticky":false,"template":"","format":"standard","meta":{"_jetpack_newsletter_access":"","_jetpack_dont_email_post_to_subs":false,"_jetpack_newsletter_tier_id":0,"_jetpack_memberships_contains_paywalled_content":false,"_jetpack_memberships_contains_paid_content":false,"footnotes":""},"categories":[104,114],"tags":[71,973],"class_list":["post-4708","post","type-post","status-publish","format-standard","hentry","category-iphone_ipad","category-plauderecke","tag-apple","tag-plauderecke"],"jetpack_sharing_enabled":true,"jetpack_shortlink":"https:\/\/wp.me\/pq7aY-1dW","jetpack_likes_enabled":true,"jetpack-related-posts":[],"jetpack_featured_media_url":"","_links":{"self":[{"href":"https:\/\/terragina.de\/blog\/wp-json\/wp\/v2\/posts\/4708","targetHints":{"allow":["GET"]}}],"collection":[{"href":"https:\/\/terragina.de\/blog\/wp-json\/wp\/v2\/posts"}],"about":[{"href":"https:\/\/terragina.de\/blog\/wp-json\/wp\/v2\/types\/post"}],"author":[{"embeddable":true,"href":"https:\/\/terragina.de\/blog\/wp-json\/wp\/v2\/users\/1"}],"replies":[{"embeddable":true,"href":"https:\/\/terragina.de\/blog\/wp-json\/wp\/v2\/comments?post=4708"}],"version-history":[{"count":0,"href":"https:\/\/terragina.de\/blog\/wp-json\/wp\/v2\/posts\/4708\/revisions"}],"wp:attachment":[{"href":"https:\/\/terragina.de\/blog\/wp-json\/wp\/v2\/media?parent=4708"}],"wp:term":[{"taxonomy":"category","embeddable":true,"href":"https:\/\/terragina.de\/blog\/wp-json\/wp\/v2\/categories?post=4708"},{"taxonomy":"post_tag","embeddable":true,"href":"https:\/\/terragina.de\/blog\/wp-json\/wp\/v2\/tags?post=4708"}],"curies":[{"name":"wp","href":"https:\/\/api.w.org\/{rel}","templated":true}]}}