{"id":4733,"date":"2010-11-14T17:46:15","date_gmt":"2010-11-14T15:46:15","guid":{"rendered":"http:\/\/terragina.de\/blog\/2010\/11\/14\/projekt-122010-der-november\/"},"modified":"2011-07-09T10:02:17","modified_gmt":"2011-07-09T08:02:17","slug":"projekt-122010-der-november","status":"publish","type":"post","link":"https:\/\/terragina.de\/blog\/2010\/11\/14\/projekt-122010-der-november\/","title":{"rendered":"Projekt 12\/2010 &#8211; der November"},"content":{"rendered":"<p><img loading=\"lazy\" decoding=\"async\" style=\"float: left; margin-right: 10px; margin-bottom: 10px;\" src=\"http:\/\/terragina.de\/blog\/wp-content\/uploads\/2010\/01\/zwoelf2010_klein.png\" alt=\"zwoelf2010_klein.png\" width=\"156\" height=\"28\" \/>Geplant war eigentlich, dieses Foto bereits gestern oder vorgestern zu knipsen und dann Jana p\u00c3\u00bcnktlich im Zeitplan zur Verf\u00c3\u00bcgung zu stellen. Leider hat mir Dauerregen einen Strich durch die Rechnung gemacht. Und so ist es nun wieder der letzte Dr\u00c3\u00bccker geworden &#8211; aber das ist Jana von mir ja glaube ich langsam gewohnt. :blush: Liebe Jana, I`m very sorry!<\/p>\n<p>Selbstverst\u00c3\u00a4ndlich ist auch dieses brandneue Bild auf meiner <a title=\"Foto-\u00c3\u0153bersicht Projekt zw\u00c3\u00b6lf2010\" href=\"http:\/\/terragina.de\/blog\/zwoelf2010-2\/\">Projektseite<\/a> zu finden &#8211; dort gibt`s auch die restlichen 10 Bilder, die im Laufe diesen Jahres schon entstanden sind.<\/p>\n<p><a title=\"Fotoprojekt zw\u00c3\u00b6lf2010 bei Jana\" href=\"http:\/\/www.janasworld.de\/2009\/11\/22\/fotoprojekt-zwoelf2010-2\/\">Janas Projekt<\/a> ist eine wahre Fleissarbeit und ich finde, man kann gar nicht oft genug betonen, dass Jana das wirklich ganz gro\u00c3\u0178artig managt. Es mu\u00c3\u0178 eine Menge Zeit in Anspruch nehmen&#8230; &#8211; DANKE! :dance:<\/p>\n<p>Und hier kommt es nun &#8211; das vorletzte Bild \u00e2\u20ac\u017emeiner\u00e2\u20ac\u009d S-Bahn-Haltestelle. F\u00c3\u00bcr mich &#8211; f\u00c3\u00bcr Euch &#8211; f\u00c3\u00bcr meinen Kalender. ;)<\/p>\n<div style=\"text-align: left;\">\n  <\/p>\n<div style=\"text-align: center;\">\n    <br \/>\n    <a href=\"http:\/\/terragina.de\/blog\/wp-content\/uploads\/2010\/11\/zwoelf2010_11_900x543.jpg\" rel=\"lightbox[4733]\"><img loading=\"lazy\" decoding=\"async\" src=\"http:\/\/terragina.de\/blog\/wp-content\/uploads\/2010\/11\/zwoelf2010_11_900x543-tm.jpg\" width=\"480\" height=\"289\" alt=\"Projekt 12\/2010 - Der November\" \/><\/a><\/p><\/div>\n<\/div>\n<p><\/p>\n<div style=\"text-align: center;\">\n  <em>~ klick macht gro\u00c3\u0178 ~<\/em>\n<\/div>\n<p><\/p>\n<p>Schade, dass ich nicht ein St\u00c3\u00bcckchen mehr Himmel auf das Bild bannen konnte. Aber dann h\u00c3\u00a4tte der Ausschnitt leider nicht mehr gestimmt. :noidea: Nun ist also nur ein leichtes Orange am Horizont zu erkennen. Ich habe heute extra auf den Sonnenuntergang gewartet. Im Display der Kamera hatte ich auch noch ein sch\u00c3\u00b6nes Regenbogen-Farbspiel auf einem der Gleise ausmachen k\u00c3\u00b6nnen. In der vollen Aufl\u00c3\u00b6sung war das allerdings hier am Rechner verschwunden.<\/p>\n<p>Auff\u00c3\u00a4llig ist, dass schon wieder ein Graffiti am Bahnh\u00c3\u00a4uschen ist &#8211; Schmierfinken. :no: Dieses mal ist es allerdings das andere. ;)<\/p>\n<p><\/p>\n<p><a title=\"Projekt-Teilnehmer 101 bis 200\" href=\"http:\/\/www.janasworld.de\/fotografie\/fotoprojekt-zwoelf2010-2\/fotoprojekt-zwoelf2010-101-150\/\">\u00c3\u0153bersicht der Teilnehmer-Bilder 101-150<\/a> <i>(Meine Teilnehmer-Nr. ist die 110)<\/i><\/p>\n<p><a title=\"Flickr-Gruppe zwoelf2010\" href=\"http:\/\/www.flickr.com\/groups\/1300582@N23\/\">Flickr-Foto-Gruppe<\/a>.<\/p>\n","protected":false},"excerpt":{"rendered":"<p>Geplant war eigentlich, dieses Foto bereits gestern oder vorgestern zu knipsen und dann Jana p\u00c3\u00bcnktlich im Zeitplan zur Verf\u00c3\u00bcgung zu stellen. Leider hat mir Dauerregen einen Strich durch die Rechnung gemacht. Und so ist es nun wieder der letzte Dr\u00c3\u00bccker geworden &#8211; aber das ist Jana von mir ja glaube ich langsam gewohnt. :blush: Liebe Jana, I`m very sorry! Selbstverst\u00c3\u00a4ndlich ist auch dieses brandneue Bild auf meiner Projektseite zu finden &#8211; dort gibt`s auch die restlichen 10 Bilder, die im Laufe diesen Jahres schon entstanden sind. Janas Projekt ist eine wahre Fleissarbeit und ich finde, man kann gar nicht oft genug betonen, dass Jana das wirklich ganz gro\u00c3\u0178artig managt. Es mu\u00c3\u0178 eine Menge Zeit in Anspruch nehmen&#8230; &#8211; DANKE! :dance: Und hier kommt es nun &#8211; das vorletzte Bild \u00e2\u20ac\u017emeiner\u00e2\u20ac\u009d S-Bahn-Haltestelle. F\u00c3\u00bcr mich &#8211; f\u00c3\u00bcr Euch &#8211; f\u00c3\u00bcr meinen Kalender. ;) ~ klick macht gro\u00c3\u0178 ~ Schade, dass ich nicht ein St\u00c3\u00bcckchen mehr Himmel auf das Bild bannen konnte. Aber dann h\u00c3\u00a4tte der Ausschnitt leider nicht mehr gestimmt. :noidea: Nun ist also nur ein leichtes &hellip;<\/p>\n","protected":false},"author":1,"featured_media":0,"comment_status":"open","ping_status":"open","sticky":false,"template":"","format":"standard","meta":{"_jetpack_newsletter_access":"","_jetpack_dont_email_post_to_subs":false,"_jetpack_newsletter_tier_id":0,"_jetpack_memberships_contains_paywalled_content":false,"_jetpack_memberships_contains_paid_content":false,"footnotes":""},"categories":[358],"tags":[957,980],"class_list":["post-4733","post","type-post","status-publish","format-standard","hentry","category-zwoelf2010","tag-foto","tag-zwoelf2010"],"jetpack_sharing_enabled":true,"jetpack_shortlink":"https:\/\/wp.me\/pq7aY-1el","jetpack_likes_enabled":true,"jetpack-related-posts":[],"jetpack_featured_media_url":"","_links":{"self":[{"href":"https:\/\/terragina.de\/blog\/wp-json\/wp\/v2\/posts\/4733","targetHints":{"allow":["GET"]}}],"collection":[{"href":"https:\/\/terragina.de\/blog\/wp-json\/wp\/v2\/posts"}],"about":[{"href":"https:\/\/terragina.de\/blog\/wp-json\/wp\/v2\/types\/post"}],"author":[{"embeddable":true,"href":"https:\/\/terragina.de\/blog\/wp-json\/wp\/v2\/users\/1"}],"replies":[{"embeddable":true,"href":"https:\/\/terragina.de\/blog\/wp-json\/wp\/v2\/comments?post=4733"}],"version-history":[{"count":0,"href":"https:\/\/terragina.de\/blog\/wp-json\/wp\/v2\/posts\/4733\/revisions"}],"wp:attachment":[{"href":"https:\/\/terragina.de\/blog\/wp-json\/wp\/v2\/media?parent=4733"}],"wp:term":[{"taxonomy":"category","embeddable":true,"href":"https:\/\/terragina.de\/blog\/wp-json\/wp\/v2\/categories?post=4733"},{"taxonomy":"post_tag","embeddable":true,"href":"https:\/\/terragina.de\/blog\/wp-json\/wp\/v2\/tags?post=4733"}],"curies":[{"name":"wp","href":"https:\/\/api.w.org\/{rel}","templated":true}]}}