{"id":4752,"date":"2010-11-17T16:02:43","date_gmt":"2010-11-17T14:02:43","guid":{"rendered":"http:\/\/terragina.de\/blog\/2010\/11\/17\/ein-letzter-rest-herbst\/"},"modified":"2011-07-09T10:02:10","modified_gmt":"2011-07-09T08:02:10","slug":"ein-letzter-rest-herbst","status":"publish","type":"post","link":"https:\/\/terragina.de\/blog\/2010\/11\/17\/ein-letzter-rest-herbst\/","title":{"rendered":"Ein letzter Rest Herbst"},"content":{"rendered":"<p>Es ist ein wenig still bei mir. Das liegt daran, dass ich im Moment in der K\u00c3\u00bcche nichts Neues ausprobiere und auch sonst nicht viel <s>Aussergew\u00c3\u00b6hnliches<\/s> Bloggenswertes erlebe.<\/p>\n<p>Ausserdem werde ich alt :-( Zumindest f\u00c3\u00bchle ich mich im Moment so. :noidea: Jeden Morgen stehe ich mit einem anderen Zipperlein auf. Das f\u00c3\u00a4ngt an bei einem steifen Hals, so da\u00c3\u0178 ich den Kopf kaum drehen kann und geht hin bis zu merkw\u00c3\u00bcrdigen Schmerzen im Fu\u00c3\u0178 oder auch in den Fingern. Dazu kommt die M\u00c3\u00bcdigkeit. T\u00c3\u00a4glich bin ich zwischen 21 und 22 Uhr im Bett und schlafe wie ein Stein. :roll: Diese mysteri\u00c3\u00b6sen Schmerzen kommen und gehen. Oder bin ich hypochondrisch veranlagt? :no:<\/p>\n<p>Vielleicht ist auch meine Matratze nicht mehr das Wahre? Aber im Moment gibbet keine neue, denn eine Inspektion meiner Rennsemmel und T\u00c3\u0153V\/ASU stehen an. :roll1: Und dann war da noch die Br\u00c3\u00bccke (was mich am meisten \u00c3\u00a4rgert) &#8211; aber es mu\u00c3\u0178 ja jetzt mal endlich gemacht werden.<\/p>\n<p>Ansonsten ist hier alles gut. Alle Familienmitglieder sind fit und wohlauf &#8211; jeder geht so seinem \u00c3\u00bcblichen Wochenablauf nach &#8211; f\u00c3\u00bcr das Tochterkind wird es ab n\u00c3\u00a4chste Woche aufregend: Praktikum im Hotel!<\/p>\n<p>Und ich freue mich auf die bevorstehende Weihnachtszeit und den ersten Schnee, der ganz vielleicht schon Mitte n\u00c3\u00a4chster Woche fallen soll, wenn man dem Wetterfrosch im Radio Glauben schenken mag. Aufs Pl\u00c3\u00a4tzchenbacken und den Duft im ganzen Haus, die Weihnachtsdekoration &#8211; hach, sch\u00c3\u00b6n!<\/p>\n<p>Ich habe ein wenig gebastelt und mit diesem ColorKey-Foto w\u00c3\u00bcnsche ich Euch ein sch\u00c3\u00b6nes Wochen-Bergfest &#8211; lasst es Euch gut gehen!<\/p>\n<div style=\"text-align: center;\">\n  <a href=\"http:\/\/terragina.de\/blog\/wp-content\/uploads\/2010\/11\/kuerbis_koerbe_900.jpg\"  rel=\"lightbox[4752]\"><img loading=\"lazy\" decoding=\"async\" src=\"http:\/\/terragina.de\/blog\/wp-content\/uploads\/2010\/11\/kuerbis_koerbe_900-tm.jpg\" width=\"480\" height=\"322\" alt=\"K\u00c3\u00bcrbis-K\u00c3\u00b6rbe\" \/><\/a>\n<\/div>\n<p><\/p>\n<p>Es handelt sich bei diesem Bild um ein Archivfoto aus dem Jahre 2005. Hach, was das sch\u00c3\u00b6n in dem kleinen bayerischen D\u00c3\u00b6rfchen &#8211; bitte fragt mich jetzt nicht nach dem Namen&#8230;<\/p>\n","protected":false},"excerpt":{"rendered":"<p>Es ist ein wenig still bei mir. Das liegt daran, dass ich im Moment in der K\u00c3\u00bcche nichts Neues ausprobiere und auch sonst nicht viel Aussergew\u00c3\u00b6hnliches Bloggenswertes erlebe. Ausserdem werde ich alt :-( Zumindest f\u00c3\u00bchle ich mich im Moment so. :noidea: Jeden Morgen stehe ich mit einem anderen Zipperlein auf. Das f\u00c3\u00a4ngt an bei einem steifen Hals, so da\u00c3\u0178 ich den Kopf kaum drehen kann und geht hin bis zu merkw\u00c3\u00bcrdigen Schmerzen im Fu\u00c3\u0178 oder auch in den Fingern. Dazu kommt die M\u00c3\u00bcdigkeit. T\u00c3\u00a4glich bin ich zwischen 21 und 22 Uhr im Bett und schlafe wie ein Stein. :roll: Diese mysteri\u00c3\u00b6sen Schmerzen kommen und gehen. Oder bin ich hypochondrisch veranlagt? :no: Vielleicht ist auch meine Matratze nicht mehr das Wahre? Aber im Moment gibbet keine neue, denn eine Inspektion meiner Rennsemmel und T\u00c3\u0153V\/ASU stehen an. :roll1: Und dann war da noch die Br\u00c3\u00bccke (was mich am meisten \u00c3\u00a4rgert) &#8211; aber es mu\u00c3\u0178 ja jetzt mal endlich gemacht werden. Ansonsten ist hier alles gut. Alle Familienmitglieder sind fit und wohlauf &#8211; jeder geht so seinem \u00c3\u00bcblichen &hellip;<\/p>\n","protected":false},"author":1,"featured_media":0,"comment_status":"open","ping_status":"open","sticky":false,"template":"","format":"standard","meta":{"_jetpack_newsletter_access":"","_jetpack_dont_email_post_to_subs":false,"_jetpack_newsletter_tier_id":0,"_jetpack_memberships_contains_paywalled_content":false,"_jetpack_memberships_contains_paid_content":false,"footnotes":""},"categories":[6,114],"tags":[973],"class_list":["post-4752","post","type-post","status-publish","format-standard","hentry","category-foto-meets-ps","category-plauderecke","tag-plauderecke"],"jetpack_sharing_enabled":true,"jetpack_shortlink":"https:\/\/wp.me\/pq7aY-1eE","jetpack_likes_enabled":true,"jetpack-related-posts":[],"jetpack_featured_media_url":"","_links":{"self":[{"href":"https:\/\/terragina.de\/blog\/wp-json\/wp\/v2\/posts\/4752","targetHints":{"allow":["GET"]}}],"collection":[{"href":"https:\/\/terragina.de\/blog\/wp-json\/wp\/v2\/posts"}],"about":[{"href":"https:\/\/terragina.de\/blog\/wp-json\/wp\/v2\/types\/post"}],"author":[{"embeddable":true,"href":"https:\/\/terragina.de\/blog\/wp-json\/wp\/v2\/users\/1"}],"replies":[{"embeddable":true,"href":"https:\/\/terragina.de\/blog\/wp-json\/wp\/v2\/comments?post=4752"}],"version-history":[{"count":0,"href":"https:\/\/terragina.de\/blog\/wp-json\/wp\/v2\/posts\/4752\/revisions"}],"wp:attachment":[{"href":"https:\/\/terragina.de\/blog\/wp-json\/wp\/v2\/media?parent=4752"}],"wp:term":[{"taxonomy":"category","embeddable":true,"href":"https:\/\/terragina.de\/blog\/wp-json\/wp\/v2\/categories?post=4752"},{"taxonomy":"post_tag","embeddable":true,"href":"https:\/\/terragina.de\/blog\/wp-json\/wp\/v2\/tags?post=4752"}],"curies":[{"name":"wp","href":"https:\/\/api.w.org\/{rel}","templated":true}]}}