{"id":4761,"date":"2010-11-19T13:07:45","date_gmt":"2010-11-19T11:07:45","guid":{"rendered":"http:\/\/terragina.de\/blog\/2010\/11\/19\/darf-ich-ein-bisschen-jammern\/"},"modified":"2011-07-09T10:02:04","modified_gmt":"2011-07-09T08:02:04","slug":"darf-ich-ein-bisschen-jammern","status":"publish","type":"post","link":"https:\/\/terragina.de\/blog\/2010\/11\/19\/darf-ich-ein-bisschen-jammern\/","title":{"rendered":"Darf ich ein bisschen jammern?"},"content":{"rendered":"<p>Wer keine Lust auf mein Gejammer hat, der sollte einfach weiter surfen. Ich bin n\u00c3\u00a4mlich ganz sch\u00c3\u00b6n frustriert und brauche Zuspruch! :yes:<\/p>\n<p><\/p>\n<p>Wie hier schon erw\u00c3\u00a4hnt, stand heute ein Besuch bei meiner Zahn\u00c3\u00a4rztin auf meiner To-Do-Liste. Eigentlich sollten die Vorbereitungen f\u00c3\u00bcr meine Br\u00c3\u00bccke getroffen werden.<\/p>\n<p>Wer mich kennt, wei\u00c3\u0178, dass Z\u00c3\u00a4hne und Zahnarztbesuche bei mir eine Never-Ending-Story sind. Alles fing an, als ich 17 Jahre alt war und bei einem Autounfall meine kompletten Frontz\u00c3\u00a4hne verlor. Damals eine Tortur, aber es war eben, wie es ist. Ich bekam Kronen, die ganz f\u00c3\u00bcrchterlich waren und im Alter von ca. 20 Jahren brauchte ich noch mehr Wurzelbehandlungen und neue Kronen. Eigentlich kann man mich schon fast Fachfrau nennen, was das angeht. Fakt ist n\u00c3\u00a4mlich zus\u00c3\u00a4tzlich noch, dass ich erblich bedingt eine sehr weiche Zahnsubstanz habe bzw. hatte. Ok, als Kind habe ich es mit der Zahnpflege nicht so genau genommen, aber seitdem ich die Ersatzteile im Mund habe und etliche Zahnarztbehandlungen hinter mir, nehme ich es eigentlich mit der Mundhygiene sehr genau. Das best\u00c3\u00a4tigte mir auch meine jetzige Zahn\u00c3\u00a4rztin. So viel zur Vorgeschichte.<\/p>\n<p>Im letzten Jahr hatte ich dann diesen \u00c3\u201erger mit dem einen oberen Backenzahn, dem 5er. Nach einigen Behandlungsversuchen wurde dieser Zahn gezogen und jetzt war es an der Zeit, f\u00c3\u00bcr mich dort eine Br\u00c3\u00bccke anzufertigen. Ich ging davon aus, dass die Kronen vom 4er und vom 6er Zahn herunter geholt, ein Abdruck gemacht, notfalls ein wenig geschliffen wird und ich dann wieder nach Hause gehen kann. Soweit die Planung. Ein Weihnachts-Br\u00c3\u00bcckchen, sozusagen.<\/p>\n<p>Beim 4er Zahn war auch alles gut. Die \u00c3\u0153berraschung kam mit dem 6er &#8211; denn der war leider unter der Krone total im A&#8230; &#8211; SUUUPER &#8211; warum bitte immer ich? Ok, was also tun? Meine wirklich nette und sehr bem\u00c3\u00bchte Zahn\u00c3\u00a4rztin schlug vor, die alte 7er-Krone (die auch mindestens 15 Jahre auf dem Buckel hat) ebenfalls herunter zu nehmen und die Br\u00c3\u00bccke quasi um ein Glied zu verl\u00c3\u00a4ngern. Daf\u00c3\u00bcr m\u00c3\u00bcsse ich mich nat\u00c3\u00bcrlich auch von Zahn Nummero 6 verabschieden. Gut, was blieb mir auch als Alternative \u00c3\u00bcbrig?<\/p>\n<p>Womit aber niemand gerechnet hatte, ist, dass es unter der 7er Krone genauso fatal aussah, obendrein brodelte dort eine sch\u00c3\u00b6ne Entz\u00c3\u00bcndung vor sich hin. (klar, jetzt wei\u00c3\u0178 ich auch endlich, warum ich manchmal diese komische kleine Blase hatte, die so einen schlechten Geschmack verursachte &#8211; ganz hinten im Mund, wo eigentlich keine Z\u00c3\u00a4hne mehr sind. Offensichtlich hat sich der Mist einen Weg gesucht). Ich hatte das der \u00c3\u201erztin auch erz\u00c3\u00a4hlt. Dumm nur, dass auf den R\u00c3\u00b6ntgenbildern wirklich nichts zu sehen war. :(<\/p>\n<p>Der Nerv ist kaputt, aber wir wollen es nun mit einer Wurzelbehandlung versuchen. Am n\u00c3\u00a4chsten Donnerstag geht`s los. Nun k\u00c3\u00b6nnte ich wirklich ein paar gedr\u00c3\u00bcckte Daumen gebrauchen, dass die \u00c3\u201erztin das hinbekommt und die Wurzelkan\u00c3\u00a4le gut f\u00c3\u00bcllen kann, so dass sie guten Gewissens (ihre eigenen Worte) eine Br\u00c3\u00bccke f\u00c3\u00bcr mich anfertigen (lassen) kann.<\/p>\n<p>Ich brauche Geduld und Nerven &#8211; und obendrein wohl einen gut gef\u00c3\u00bcllten Geldbeutel. :roll:<\/p>\n<p>Das Einzige, was mir zu dem ganzen Dilemma einf\u00c3\u00a4llt: \u00e2\u20ac\u017eWarum immer ich?\u00e2\u20ac\u009d :-(<\/p>\n","protected":false},"excerpt":{"rendered":"<p>Wer keine Lust auf mein Gejammer hat, der sollte einfach weiter surfen. Ich bin n\u00c3\u00a4mlich ganz sch\u00c3\u00b6n frustriert und brauche Zuspruch! :yes: Wie hier schon erw\u00c3\u00a4hnt, stand heute ein Besuch bei meiner Zahn\u00c3\u00a4rztin auf meiner To-Do-Liste. Eigentlich sollten die Vorbereitungen f\u00c3\u00bcr meine Br\u00c3\u00bccke getroffen werden. Wer mich kennt, wei\u00c3\u0178, dass Z\u00c3\u00a4hne und Zahnarztbesuche bei mir eine Never-Ending-Story sind. Alles fing an, als ich 17 Jahre alt war und bei einem Autounfall meine kompletten Frontz\u00c3\u00a4hne verlor. Damals eine Tortur, aber es war eben, wie es ist. Ich bekam Kronen, die ganz f\u00c3\u00bcrchterlich waren und im Alter von ca. 20 Jahren brauchte ich noch mehr Wurzelbehandlungen und neue Kronen. Eigentlich kann man mich schon fast Fachfrau nennen, was das angeht. Fakt ist n\u00c3\u00a4mlich zus\u00c3\u00a4tzlich noch, dass ich erblich bedingt eine sehr weiche Zahnsubstanz habe bzw. hatte. Ok, als Kind habe ich es mit der Zahnpflege nicht so genau genommen, aber seitdem ich die Ersatzteile im Mund habe und etliche Zahnarztbehandlungen hinter mir, nehme ich es eigentlich mit der Mundhygiene sehr genau. Das best\u00c3\u00a4tigte mir auch meine jetzige &hellip;<\/p>\n","protected":false},"author":1,"featured_media":0,"comment_status":"open","ping_status":"open","sticky":false,"template":"","format":"standard","meta":{"_jetpack_newsletter_access":"","_jetpack_dont_email_post_to_subs":false,"_jetpack_newsletter_tier_id":0,"_jetpack_memberships_contains_paywalled_content":false,"_jetpack_memberships_contains_paid_content":false,"footnotes":""},"categories":[114],"tags":[973],"class_list":["post-4761","post","type-post","status-publish","format-standard","hentry","category-plauderecke","tag-plauderecke"],"jetpack_sharing_enabled":true,"jetpack_shortlink":"https:\/\/wp.me\/pq7aY-1eN","jetpack_likes_enabled":true,"jetpack-related-posts":[],"jetpack_featured_media_url":"","_links":{"self":[{"href":"https:\/\/terragina.de\/blog\/wp-json\/wp\/v2\/posts\/4761","targetHints":{"allow":["GET"]}}],"collection":[{"href":"https:\/\/terragina.de\/blog\/wp-json\/wp\/v2\/posts"}],"about":[{"href":"https:\/\/terragina.de\/blog\/wp-json\/wp\/v2\/types\/post"}],"author":[{"embeddable":true,"href":"https:\/\/terragina.de\/blog\/wp-json\/wp\/v2\/users\/1"}],"replies":[{"embeddable":true,"href":"https:\/\/terragina.de\/blog\/wp-json\/wp\/v2\/comments?post=4761"}],"version-history":[{"count":0,"href":"https:\/\/terragina.de\/blog\/wp-json\/wp\/v2\/posts\/4761\/revisions"}],"wp:attachment":[{"href":"https:\/\/terragina.de\/blog\/wp-json\/wp\/v2\/media?parent=4761"}],"wp:term":[{"taxonomy":"category","embeddable":true,"href":"https:\/\/terragina.de\/blog\/wp-json\/wp\/v2\/categories?post=4761"},{"taxonomy":"post_tag","embeddable":true,"href":"https:\/\/terragina.de\/blog\/wp-json\/wp\/v2\/tags?post=4761"}],"curies":[{"name":"wp","href":"https:\/\/api.w.org\/{rel}","templated":true}]}}