{"id":4777,"date":"2010-11-23T18:14:58","date_gmt":"2010-11-23T16:14:58","guid":{"rendered":"http:\/\/terragina.de\/blog\/2010\/11\/23\/advents-stimmung-mit-deko-katze\/"},"modified":"2011-07-09T10:01:58","modified_gmt":"2011-07-09T08:01:58","slug":"advents-stimmung-mit-deko-katze","status":"publish","type":"post","link":"https:\/\/terragina.de\/blog\/2010\/11\/23\/advents-stimmung-mit-deko-katze\/","title":{"rendered":"Advents-Stimmung mit Deko-Katze"},"content":{"rendered":"<p>Ein leicht stressiger Tag geht zu Ende. W\u00c3\u00a4hrend er mit einem noch relativ entspannten Arbeits-Vormittag begonnen hat, habe ich mir selber um die Mittagszeit ein wenig Stre\u00c3\u0178 auferlegt.<\/p>\n<p>So machte ich mich kurzentschlossen auf, die Deko f\u00c3\u00bcr unseren diesj\u00c3\u00a4hrigen \u00e2\u20ac\u017eAdventskranz\u00e2\u20ac\u009d zu besorgen und mich selber wieder ein wenig kultivieren zu lassen. Der letzte Friseurbesuch lag schon viel zu lange zur\u00c3\u00bcck und irgendwie waren meine Spaghetti-Haare nur noch gruselig. Wei\u00c3\u0178 eigentlich jemand, warum zu dieser Jahreszeit die Haare so gerne statisch geladen sind? Da hilft auch keine Antistatik-Shampoo und keine Antistatik-B\u00c3\u00bcrste. Ich hasse das. :angry:<\/p>\n<p>Da das Tochterkind dringend noch ein paar Socken brauchte, habe ich meine Erledigungsrunde im Kaufhaus meines Vertrauens begonnen. Dort war ich auch ganz fix wieder draussen. Weiter ging`s ins De*pot, mir einen ersten \u00c3\u0153berblick verschaffen. 15 Minuten bis zum Friseurtermin hatte ich ja noch.<\/p>\n<p>Ich hielt Ausschau nach einem Kerzenhalter, der keine Dornen f\u00c3\u00bcr die Kerzen, sondern statt dessen katzensichere Schutzgl\u00c3\u00a4ser hat. Und ich wurde auch f\u00c3\u00bcndig. Dumm nur, dass ich mit meiner Handtasche an eben diesen Gl\u00c3\u00a4sern beim Gucken h\u00c3\u00a4ngen blieb&#8230; :blush1: Kladderadatsch &#8211; nicht, dass eines dieser Gl\u00c3\u00a4ser gelangt h\u00c3\u00a4tte. Nein &#8211; Terragina r\u00c3\u00a4umt gleich richtig ab. :oh: Aber die Angestellten waren supernett und eilten mir mit Besen und Kehrschaufel (und den Worten: \u00e2\u20ac\u017eDas passiert uns beim Aufbauen andauernd\u00e2\u20ac\u009d) zur Hilfe. Meine G\u00c3\u00bcte, war mir das peinlich. Gut, dass ich dann schnell zwei Etagen h\u00c3\u00b6her im Einkaufszentrum zu meiner Friseurin fl\u00c3\u00bcchten konnte.<\/p>\n<p>Nach einer gef\u00c3\u00bchlten Stunde bin ich dann wieder runter &#8211; es sprach mich auch keiner mehr auf mein Malheur an und so konnte ich mir <s>voller Entscheidungsfreudigkeit<\/s> nach x-maligem Hin- und Her\u00c3\u00bcberlegen, was denn nun am sch\u00c3\u00b6nsten ist, die Dinge schnappen und eint\u00c3\u00bcten lassen, die ich f\u00c3\u00bcr die Deko haben wollte.<\/p>\n<p>Daheim angekommen konnte es mir wieder nicht schnell genug gehen und so schaut`s nun aus:<\/p>\n<p><\/p>\n<div style=\"text-align: center;\">\n  <img loading=\"lazy\" decoding=\"async\" src=\"http:\/\/terragina.de\/blog\/wp-content\/uploads\/2010\/11\/adventskerzen_04.jpg\" width=\"580\" height=\"440\" alt=\"adventskerzen_04.jpg\" \/>\n<\/div>\n<div style=\"text-align: center;\">\n  \n<\/div>\n<div style=\"text-align: center;\">\n  <img loading=\"lazy\" decoding=\"async\" src=\"http:\/\/terragina.de\/blog\/wp-content\/uploads\/2010\/11\/adventskerzen_03.jpg\" width=\"580\" height=\"440\" alt=\"adventskerzen_03.jpg\" \/>\n<\/div>\n<p>Von Rot \u00c3\u00bcber Wei\u00c3\u0178 bin ich bei Natur und Cremefarben h\u00c3\u00a4ngen geblieben. Schlicht und ein klein wenig silbrig sollte der St\u00c3\u00a4nder in diesem Jahr werden. Also mir gef\u00c3\u00a4llt er gut. Wie sagte der Hobbykoch so sch\u00c3\u00b6n: \u00e2\u20ac\u017eWeniger ist manchmal mehr.\u00e2\u20ac\u009d<\/p>\n<p>Beverly hat das alles nicht interessiert &#8211; aber Nala lies nicht lange auf sich warten:<\/p>\n<div style=\"text-align: center;\">\n  \n<\/div>\n<div style=\"text-align: center;\">\n  <img loading=\"lazy\" decoding=\"async\" src=\"http:\/\/terragina.de\/blog\/wp-content\/uploads\/2010\/11\/adventskerzen_01.jpg\" width=\"580\" height=\"440\" alt=\"adventskerzen_01.jpg\" \/>\n<\/div>\n<div style=\"text-align: center;\">\n  \n<\/div>\n<div style=\"text-align: center;\">\n  <img loading=\"lazy\" decoding=\"async\" src=\"http:\/\/terragina.de\/blog\/wp-content\/uploads\/2010\/11\/adventskerzen_02.jpg\" width=\"580\" height=\"440\" alt=\"adventskerzen_02.jpg\" \/>\n<\/div>\n<p><\/p>\n<p>Und wie sieht Euer Adventskranz aus?<\/p>\n","protected":false},"excerpt":{"rendered":"<p>Ein leicht stressiger Tag geht zu Ende. W\u00c3\u00a4hrend er mit einem noch relativ entspannten Arbeits-Vormittag begonnen hat, habe ich mir selber um die Mittagszeit ein wenig Stre\u00c3\u0178 auferlegt. So machte ich mich kurzentschlossen auf, die Deko f\u00c3\u00bcr unseren diesj\u00c3\u00a4hrigen \u00e2\u20ac\u017eAdventskranz\u00e2\u20ac\u009d zu besorgen und mich selber wieder ein wenig kultivieren zu lassen. Der letzte Friseurbesuch lag schon viel zu lange zur\u00c3\u00bcck und irgendwie waren meine Spaghetti-Haare nur noch gruselig. Wei\u00c3\u0178 eigentlich jemand, warum zu dieser Jahreszeit die Haare so gerne statisch geladen sind? Da hilft auch keine Antistatik-Shampoo und keine Antistatik-B\u00c3\u00bcrste. Ich hasse das. :angry: Da das Tochterkind dringend noch ein paar Socken brauchte, habe ich meine Erledigungsrunde im Kaufhaus meines Vertrauens begonnen. Dort war ich auch ganz fix wieder draussen. Weiter ging`s ins De*pot, mir einen ersten \u00c3\u0153berblick verschaffen. 15 Minuten bis zum Friseurtermin hatte ich ja noch. Ich hielt Ausschau nach einem Kerzenhalter, der keine Dornen f\u00c3\u00bcr die Kerzen, sondern statt dessen katzensichere Schutzgl\u00c3\u00a4ser hat. Und ich wurde auch f\u00c3\u00bcndig. Dumm nur, dass ich mit meiner Handtasche an eben diesen Gl\u00c3\u00a4sern beim Gucken h\u00c3\u00a4ngen &hellip;<\/p>\n","protected":false},"author":1,"featured_media":0,"comment_status":"open","ping_status":"open","sticky":false,"template":"","format":"standard","meta":{"_jetpack_newsletter_access":"","_jetpack_dont_email_post_to_subs":false,"_jetpack_newsletter_tier_id":0,"_jetpack_memberships_contains_paywalled_content":false,"_jetpack_memberships_contains_paid_content":false,"footnotes":""},"categories":[2,114],"tags":[957,39,30,353,973],"class_list":["post-4777","post","type-post","status-publish","format-standard","hentry","category-foto","category-plauderecke","tag-foto","tag-katzen","tag-maine-coon","tag-nala","tag-plauderecke"],"jetpack_sharing_enabled":true,"jetpack_shortlink":"https:\/\/wp.me\/pq7aY-1f3","jetpack_likes_enabled":true,"jetpack-related-posts":[],"jetpack_featured_media_url":"","_links":{"self":[{"href":"https:\/\/terragina.de\/blog\/wp-json\/wp\/v2\/posts\/4777","targetHints":{"allow":["GET"]}}],"collection":[{"href":"https:\/\/terragina.de\/blog\/wp-json\/wp\/v2\/posts"}],"about":[{"href":"https:\/\/terragina.de\/blog\/wp-json\/wp\/v2\/types\/post"}],"author":[{"embeddable":true,"href":"https:\/\/terragina.de\/blog\/wp-json\/wp\/v2\/users\/1"}],"replies":[{"embeddable":true,"href":"https:\/\/terragina.de\/blog\/wp-json\/wp\/v2\/comments?post=4777"}],"version-history":[{"count":0,"href":"https:\/\/terragina.de\/blog\/wp-json\/wp\/v2\/posts\/4777\/revisions"}],"wp:attachment":[{"href":"https:\/\/terragina.de\/blog\/wp-json\/wp\/v2\/media?parent=4777"}],"wp:term":[{"taxonomy":"category","embeddable":true,"href":"https:\/\/terragina.de\/blog\/wp-json\/wp\/v2\/categories?post=4777"},{"taxonomy":"post_tag","embeddable":true,"href":"https:\/\/terragina.de\/blog\/wp-json\/wp\/v2\/tags?post=4777"}],"curies":[{"name":"wp","href":"https:\/\/api.w.org\/{rel}","templated":true}]}}