{"id":4814,"date":"2010-12-01T17:00:54","date_gmt":"2010-12-01T15:00:54","guid":{"rendered":"http:\/\/terragina.de\/blog\/2010\/12\/01\/buttergebaeck-mit-tradition\/"},"modified":"2011-07-09T10:01:44","modified_gmt":"2011-07-09T08:01:44","slug":"buttergebaeck-mit-tradition","status":"publish","type":"post","link":"https:\/\/terragina.de\/blog\/2010\/12\/01\/buttergebaeck-mit-tradition\/","title":{"rendered":"Spritzgeb\u00c3\u00a4ck mit Tradition"},"content":{"rendered":"<p>Erstmal m\u00c3\u00b6chte ich mich bei meinen lieben Leserinnen und Lesern entschuldigen, dass ich zur Zeit so wenig bei Euch kommentiere. Mir fehlt einfach die Zeit und der Back-Wahn hat mich weiterhin fest im Griff.<\/p>\n<p>Aktuell habe ich den letzten Teig im Tiefk\u00c3\u00bchlschrank (hoffentlich funktioniert das auch, eigentlich sollte der <a href=\"http:\/\/terragina.de\/blog\/2009\/11\/23\/rahmplaetzchen\/\" title=\"Rahmpl\u00c3\u00a4tzchen\">Rahmpl\u00c3\u00a4tzchenteig<\/a> \u00c3\u00bcber Nacht in den K\u00c3\u00bchlschrank), in K\u00c3\u00bcrze m\u00c3\u00b6chte ich ihn noch verarbeiten. Eigentlich war ich bis auf die Freundinnen-Backaktion mit dem Backen fertig, gestern habe ich noch einen Schwung Linzer Pl\u00c3\u00a4tzchen gebacken. Aber kann ich meinem Tochterkind einen gro\u00c3\u0178en Wunsch nach eben diesen Pl\u00c3\u00a4tzchen abschlagen, wenn sie mich mit dem dackeligsten Dackelblick ansieht? Nein! :no:<\/p>\n<p>Desweiteren ist mein Terminkalender total voll im Moment. Sch\u00c3\u00b6ne Dinge, keine Frage. Aber es bleibt eben nicht viel Zeit f\u00c3\u00bcr den Macci. Ich bin froh, wenn ich Euch noch das ein oder andere Rezept vorstellen und wenigstens hier und da Eure sch\u00c3\u00b6nen Artikel unterwegs am i*Phone lesen kann. ;)<\/p>\n<p>Es kommen auch wieder andere Zeiten &#8211; versprochen&#8230; ich habe Euch nicht vergessen! :yes1:<\/p>\n<p>Vor ein paar Tagen hatte ich ja schon kurz das <a href=\"http:\/\/terragina.de\/blog\/2010\/11\/26\/aktueller-lagebericht\/\" title=\"Mamas Spritzgeb\u00c3\u00a4ck\">Spritzgeb\u00c3\u00a4ck<\/a> erw\u00c3\u00a4hnt, welches ich als Kind hei\u00c3\u0178 und innig geliebt habe. Lange lange ist es in der Versenkung verschwunden und heute backt meine Mama eigentlich nur noch sehr selten bis gar nicht &#8211; schade. :(<\/p>\n<p>Beim ihrem letzten Besuch hat Mama mir ihren alten Fleischwolf vermacht (ich hatte davon berichtet) und das leckere Pl\u00c3\u00a4tzchen-Rezept aus Kindertagen gleich mitgeliefert. Heute nun komme ich dazu, es f\u00c3\u00bcr uns alle niederzuschreiben:<\/p>\n<p><\/p>\n<p style=\"text-align: center;\"><b><font color=\"#B9814E\">MAMAS SPRITZGEB\u00c3\u201eCK<\/font><\/b><\/p>\n<div style=\"text-align: center;\">\n  \n<\/div>\n<div style=\"text-align: center;\">\n  <img loading=\"lazy\" decoding=\"async\" src=\"http:\/\/terragina.de\/blog\/wp-content\/uploads\/2010\/12\/butter_spritzgebaeck.jpg\" width=\"580\" height=\"440\" alt=\"butter_spritzgebaeck.jpg\" \/>\n<\/div>\n<p><\/p>\n<p><i>Zutaten f\u00c3\u00bcr 3 Bleche:<\/i><\/p>\n<ul>\n<li>250 g Butter<\/li>\n<li>175 g Zucker<\/li>\n<li>2 P\u00c3\u00a4ckchen Vanillezucker<\/li>\n<li>300 g Weizenmehl<\/li>\n<li>evtl. 1 EL Milch <i>(w\u00c3\u00bcrde ich nicht mehr zugeben, weil die Pl\u00c3\u00a4tzchen ein klein wenig zerlaufen sind beim Backen)<\/i><\/li>\n<\/ul>\n<p><\/p>\n<p><i>Zubereitung:<\/i><\/p>\n<p>Die Butter zerlassen und wieder etwas fest werden lassen.<\/p>\n<p>Zucker, Vanillezucker und die Butter so lange mit den R\u00c3\u00bchrst\u00c3\u00a4ben verr\u00c3\u00bchren, bis die Masse wei\u00c3\u0178schaumig geworden ist. Jetzt die R\u00c3\u00bchrst\u00c3\u00a4be durch die Knethaken ersetzen, das Mehl nach und nach zugeben und alles zu einem glatten Teig verkneten. Sollte der Teig zu fest werden, zwischendurch ein klein wenig Milch zugeben.<\/p>\n<p>Mindestens 1 Stunde in den K\u00c3\u00bchlschrank stellen.<\/p>\n<p><i>Backen:<\/i><\/p>\n<p><b>175\u00c2\u00b0C Umluft &#8211; ca. 10 Minuten<\/b><\/p>\n<p><b><br \/><\/b><\/p>\n<p><b><br \/><\/b><\/p>\n<p><\/p>\n","protected":false},"excerpt":{"rendered":"<p>Erstmal m\u00c3\u00b6chte ich mich bei meinen lieben Leserinnen und Lesern entschuldigen, dass ich zur Zeit so wenig bei Euch kommentiere. Mir fehlt einfach die Zeit und der Back-Wahn hat mich weiterhin fest im Griff. Aktuell habe ich den letzten Teig im Tiefk\u00c3\u00bchlschrank (hoffentlich funktioniert das auch, eigentlich sollte der Rahmpl\u00c3\u00a4tzchenteig \u00c3\u00bcber Nacht in den K\u00c3\u00bchlschrank), in K\u00c3\u00bcrze m\u00c3\u00b6chte ich ihn noch verarbeiten. Eigentlich war ich bis auf die Freundinnen-Backaktion mit dem Backen fertig, gestern habe ich noch einen Schwung Linzer Pl\u00c3\u00a4tzchen gebacken. Aber kann ich meinem Tochterkind einen gro\u00c3\u0178en Wunsch nach eben diesen Pl\u00c3\u00a4tzchen abschlagen, wenn sie mich mit dem dackeligsten Dackelblick ansieht? Nein! :no: Desweiteren ist mein Terminkalender total voll im Moment. Sch\u00c3\u00b6ne Dinge, keine Frage. Aber es bleibt eben nicht viel Zeit f\u00c3\u00bcr den Macci. Ich bin froh, wenn ich Euch noch das ein oder andere Rezept vorstellen und wenigstens hier und da Eure sch\u00c3\u00b6nen Artikel unterwegs am i*Phone lesen kann. ;) Es kommen auch wieder andere Zeiten &#8211; versprochen&#8230; ich habe Euch nicht vergessen! :yes1: Vor ein paar Tagen hatte ich ja &hellip;<\/p>\n","protected":false},"author":1,"featured_media":0,"comment_status":"open","ping_status":"open","sticky":false,"template":"","format":"standard","meta":{"_jetpack_newsletter_access":"","_jetpack_dont_email_post_to_subs":false,"_jetpack_newsletter_tier_id":0,"_jetpack_memberships_contains_paywalled_content":false,"_jetpack_memberships_contains_paid_content":false,"footnotes":""},"categories":[200,7],"tags":[87,961],"class_list":["post-4814","post","type-post","status-publish","format-standard","hentry","category-backstube","category-leckeres","tag-backen","tag-leckeres"],"jetpack_sharing_enabled":true,"jetpack_shortlink":"https:\/\/wp.me\/pq7aY-1fE","jetpack_likes_enabled":true,"jetpack-related-posts":[],"jetpack_featured_media_url":"","_links":{"self":[{"href":"https:\/\/terragina.de\/blog\/wp-json\/wp\/v2\/posts\/4814","targetHints":{"allow":["GET"]}}],"collection":[{"href":"https:\/\/terragina.de\/blog\/wp-json\/wp\/v2\/posts"}],"about":[{"href":"https:\/\/terragina.de\/blog\/wp-json\/wp\/v2\/types\/post"}],"author":[{"embeddable":true,"href":"https:\/\/terragina.de\/blog\/wp-json\/wp\/v2\/users\/1"}],"replies":[{"embeddable":true,"href":"https:\/\/terragina.de\/blog\/wp-json\/wp\/v2\/comments?post=4814"}],"version-history":[{"count":0,"href":"https:\/\/terragina.de\/blog\/wp-json\/wp\/v2\/posts\/4814\/revisions"}],"wp:attachment":[{"href":"https:\/\/terragina.de\/blog\/wp-json\/wp\/v2\/media?parent=4814"}],"wp:term":[{"taxonomy":"category","embeddable":true,"href":"https:\/\/terragina.de\/blog\/wp-json\/wp\/v2\/categories?post=4814"},{"taxonomy":"post_tag","embeddable":true,"href":"https:\/\/terragina.de\/blog\/wp-json\/wp\/v2\/tags?post=4814"}],"curies":[{"name":"wp","href":"https:\/\/api.w.org\/{rel}","templated":true}]}}