{"id":4817,"date":"2010-12-03T08:40:57","date_gmt":"2010-12-03T06:40:57","guid":{"rendered":"http:\/\/terragina.de\/blog\/2010\/12\/03\/freitags-fueller-88\/"},"modified":"2011-07-09T10:01:42","modified_gmt":"2011-07-09T08:01:42","slug":"freitags-fueller-88","status":"publish","type":"post","link":"https:\/\/terragina.de\/blog\/2010\/12\/03\/freitags-fueller-88\/","title":{"rendered":"Freitags-F\u00c3\u00bcller #88"},"content":{"rendered":"<p>Verging diese Woche bei Euch auch wie im Fluge? Ein Termin jagte den n\u00c3\u00a4chsten und schon ist wieder fast Wochenende.<\/p>\n<p>Viel Schnee gab`s, glatte und rutschige Stra\u00c3\u0178en &#8211; f\u00c3\u00bcr Autofahrten musste mehr Zeit eingeplant werden. Nach der Arbeit habe ich gebacken wie eine Weltmeisterin &#8211; jetzt sind alle Dosen voll und bald werde ich kleinen T\u00c3\u00bctchen zum Verschenken bef\u00c3\u00bcllen. :yes: N\u00c3\u00a4chste Woche wird es ein wenig ruhiger, daf\u00c3\u00bcr habe ich im Job wieder mehr zu tun. Und wir haben begonnen, jeden Tag ein T\u00c3\u00bcrchen zu \u00c3\u00b6ffnen &#8211; das genie\u00c3\u0178e ich immer ganz besonders &#8211; ich liebe Adventskalender. :dance:<\/p>\n<p>Und schon ist`s auch wieder Zeit f\u00c3\u00bcr Barbaras<\/p>\n<div style=\"text-align: center;\">\n  <a title=\"Barbara`s Scrap-Impulse mitnehmen\" href=\"http:\/\/scrap-impulse.typepad.com\/scrapimpulse\/2010\/12\/freitags-f%C3%BCller-88.html\"><img loading=\"lazy\" decoding=\"async\" src=\"http:\/\/terragina.de\/blog\/images\/freitags_fueller.jpg\" alt=\"freitags_fueller.jpg\" width=\"400\" height=\"87\" \/><\/a>\n<\/div>\n<p>Wer auch mitmachen mag &#8211; Klick auf den roten Schriftzug gen\u00c3\u00bcgt. ;)<\/p>\n<p>Meine Antworten gibt`s in Fettschrift wie immer und in einem Tannengr\u00c3\u00bcn.<\/p>\n<p><\/p>\n<p>1. Bei dieser K\u00c3\u00a4lte <b><font color=\"#0D6E4A\">mache ich es mir am liebsten im Haus gem\u00c3\u00bctlich. Einkuscheln auf der Couch und einen Becher Gl\u00c3\u00bchwein. Dazu ein wenig Musik und Kerzenschein &#8211; wunderbar<\/font><\/b>.<\/p>\n<p>2. <b><font color=\"#0D6E4A\">Dieses Jahr bekommen wir endlich wei\u00c3\u0178e Weihnachten &#8211;<\/font><\/b> und ich glaube fest daran.<\/p>\n<p>3. Schnee <b><font color=\"#0D6E4A\">schippen ist auch nicht mein Ding. Aber unber\u00c3\u00bchrt auf dem Land oder in den Bergen, ganz frisch gefallen &#8211; gibt es etwas Sch\u00c3\u00b6neres? So still&#8230;.<\/font><\/b><\/p>\n<p>4. <b><font color=\"#0D6E4A\">Eigentlich bin ich ein sehr friedvoller und harmonie-s\u00c3\u00bcchtiger Mensch. Das ist wirklich so,<\/font><\/b> auch wenn es manchmal anders aussieht.<\/p>\n<p>5. Am besten <b><font color=\"#0D6E4A\">gef\u00c3\u00a4llt mir immer der Michelst\u00c3\u00a4dter Weihnachtsmarkt. Vielleicht sollte ich mir auch nochmal andere M\u00c3\u00a4rkte ansehen in diesem Jahr? Zum Beispiel den Wiesbadener Sternschnuppenmarkt?<\/font><\/b><\/p>\n<p>6. <b><font color=\"#0D6E4A\">Lebkuchenherzen, Dominosteine und\/oder Magenbrot<\/font><\/b> nasche ich nur in der Vorweihnachtszeit.<\/p>\n<p>7. Was das Wochenende angeht, heute abend freue ich mich <b><font color=\"#0D6E4A\">auf einen gem\u00c3\u00bctlichen Strohwitwen-Abend (aber die Kinder sind wenigstens bei mir)<\/font><\/b>, morgen habe ich <b><font color=\"#0D6E4A\">noch gar nichts Bestimmtes<\/font><\/b> geplant und Sonntag m\u00c3\u00b6chte ich <b><font color=\"#0D6E4A\">einen sch\u00c3\u00b6nen 2. Advents-Sonntag bei <a href=\"http:\/\/fraeuleinfrieda.wordpress.com\" title=\"Mal bei Katja vorbei schauen\">Frl. Frieda<\/a> und Herrn Frieda verbringen<\/font><\/b><b><font color=\"#0D6E4A\">. Es soll ein richtig sch\u00c3\u00b6ner, gem\u00c3\u00bctlicher Tag werden und ich hoffe, der Eisregen macht sich woanders breit &#8211; ich will das so!<\/font><\/b><\/p>\n<p><\/p>\n<p>Und jetzt mu\u00c3\u0178 ich mich auch schon bald fertig machen, denn heute werde ich Gast bei einer Hochzeit sein und mu\u00c3\u0178 mich noch ein wenig stylen. Schade, dass ich ganz alleine dorhin gehe, aber freitags ist es eben leider nicht anders machbar. Wahrscheinlich werde ich mich auch am Nachmittag wieder auf den Heimweg machen. Morgen mal ohne Schnee und Eis. Nur kalt soll`s werden bei uns im sch\u00c3\u00b6nen Hessenland.<\/p>\n<p>Euch allen ein wundersch\u00c3\u00b6nes Wochenende, genie\u00c3\u0178t die freie Zeit!<\/p>\n","protected":false},"excerpt":{"rendered":"<p>Verging diese Woche bei Euch auch wie im Fluge? Ein Termin jagte den n\u00c3\u00a4chsten und schon ist wieder fast Wochenende. Viel Schnee gab`s, glatte und rutschige Stra\u00c3\u0178en &#8211; f\u00c3\u00bcr Autofahrten musste mehr Zeit eingeplant werden. Nach der Arbeit habe ich gebacken wie eine Weltmeisterin &#8211; jetzt sind alle Dosen voll und bald werde ich kleinen T\u00c3\u00bctchen zum Verschenken bef\u00c3\u00bcllen. :yes: N\u00c3\u00a4chste Woche wird es ein wenig ruhiger, daf\u00c3\u00bcr habe ich im Job wieder mehr zu tun. Und wir haben begonnen, jeden Tag ein T\u00c3\u00bcrchen zu \u00c3\u00b6ffnen &#8211; das genie\u00c3\u0178e ich immer ganz besonders &#8211; ich liebe Adventskalender. :dance: Und schon ist`s auch wieder Zeit f\u00c3\u00bcr Barbaras Wer auch mitmachen mag &#8211; Klick auf den roten Schriftzug gen\u00c3\u00bcgt. ;) Meine Antworten gibt`s in Fettschrift wie immer und in einem Tannengr\u00c3\u00bcn. 1. Bei dieser K\u00c3\u00a4lte mache ich es mir am liebsten im Haus gem\u00c3\u00bctlich. Einkuscheln auf der Couch und einen Becher Gl\u00c3\u00bchwein. Dazu ein wenig Musik und Kerzenschein &#8211; wunderbar. 2. Dieses Jahr bekommen wir endlich wei\u00c3\u0178e Weihnachten &#8211; und ich glaube fest daran. 3. Schnee schippen &hellip;<\/p>\n","protected":false},"author":1,"featured_media":0,"comment_status":"open","ping_status":"open","sticky":false,"template":"","format":"standard","meta":{"_jetpack_newsletter_access":"","_jetpack_dont_email_post_to_subs":false,"_jetpack_newsletter_tier_id":0,"_jetpack_memberships_contains_paywalled_content":false,"_jetpack_memberships_contains_paid_content":false,"footnotes":""},"categories":[114,94],"tags":[973,969],"class_list":["post-4817","post","type-post","status-publish","format-standard","hentry","category-plauderecke","category-stoeckchen","tag-plauderecke","tag-stoeckchen"],"jetpack_sharing_enabled":true,"jetpack_shortlink":"https:\/\/wp.me\/pq7aY-1fH","jetpack_likes_enabled":true,"jetpack-related-posts":[],"jetpack_featured_media_url":"","_links":{"self":[{"href":"https:\/\/terragina.de\/blog\/wp-json\/wp\/v2\/posts\/4817","targetHints":{"allow":["GET"]}}],"collection":[{"href":"https:\/\/terragina.de\/blog\/wp-json\/wp\/v2\/posts"}],"about":[{"href":"https:\/\/terragina.de\/blog\/wp-json\/wp\/v2\/types\/post"}],"author":[{"embeddable":true,"href":"https:\/\/terragina.de\/blog\/wp-json\/wp\/v2\/users\/1"}],"replies":[{"embeddable":true,"href":"https:\/\/terragina.de\/blog\/wp-json\/wp\/v2\/comments?post=4817"}],"version-history":[{"count":0,"href":"https:\/\/terragina.de\/blog\/wp-json\/wp\/v2\/posts\/4817\/revisions"}],"wp:attachment":[{"href":"https:\/\/terragina.de\/blog\/wp-json\/wp\/v2\/media?parent=4817"}],"wp:term":[{"taxonomy":"category","embeddable":true,"href":"https:\/\/terragina.de\/blog\/wp-json\/wp\/v2\/categories?post=4817"},{"taxonomy":"post_tag","embeddable":true,"href":"https:\/\/terragina.de\/blog\/wp-json\/wp\/v2\/tags?post=4817"}],"curies":[{"name":"wp","href":"https:\/\/api.w.org\/{rel}","templated":true}]}}