{"id":4828,"date":"2010-12-04T15:41:44","date_gmt":"2010-12-04T13:41:44","guid":{"rendered":"http:\/\/terragina.de\/blog\/2010\/12\/04\/miez-miez\/"},"modified":"2011-07-09T10:01:37","modified_gmt":"2011-07-09T08:01:37","slug":"miez-miez","status":"publish","type":"post","link":"https:\/\/terragina.de\/blog\/2010\/12\/04\/miez-miez\/","title":{"rendered":"Miez Miez"},"content":{"rendered":"<p>Ein gem\u00c3\u00bctlicher Samstag ist heute, einfach mal Nichtstun und in den Tag hinein leben &#8211; das hat doch was. :)<\/p>\n<p>Da habe ich mir heute morgen schnell meine Kamera geschnappt, um mal wieder die Miezen zu fotografieren. Zu sch\u00c3\u00b6n, wie sie erst eintr\u00c3\u00a4chtig auf dem Kratzbaum lagen. Nur so lange, bis Nala Beverly von ihrem Liegeplatz erfolgreich vertrieben hat &#8211; ist ja logisch! So schnell war ich auch nicht mit der Knipskiste. Also gibt`s vom Kratzbaum nur Solo-Bilder von Nala.<\/p>\n<p>Als Bev es sich dann auf der Couchlehne gem\u00c3\u00bctlich gemacht hatte, liess unser Mini-Mieg auch nicht lange auf sich warten und legte sich daneben. Eintr\u00c3\u00a4chtig lagen die beiden dann da und ich konnte meine gew\u00c3\u00bcnschten Bilder schie\u00c3\u0178en.<\/p>\n<div style=\"text-align: center;\">\n  \n<\/div>\n<div style=\"text-align: center;\">\n  <img loading=\"lazy\" decoding=\"async\" src=\"http:\/\/terragina.de\/blog\/wp-content\/uploads\/2010\/12\/nala_20101204_01.jpg\" width=\"580\" height=\"440\" alt=\"nala_20101204_01.jpg\" \/>\n<\/div>\n<div style=\"text-align: center;\">\n  \n<\/div>\n<div style=\"text-align: center;\">\n  <img loading=\"lazy\" decoding=\"async\" src=\"http:\/\/terragina.de\/blog\/wp-content\/uploads\/2010\/12\/bev_20101204_01.jpg\" width=\"580\" height=\"440\" alt=\"bev_20101204_01.jpg\" \/>\n<\/div>\n<div style=\"text-align: center;\">\n  \n<\/div>\n<div style=\"text-align: center;\">\n  <img loading=\"lazy\" decoding=\"async\" src=\"http:\/\/terragina.de\/blog\/wp-content\/uploads\/2010\/12\/nala_20101204_02.jpg\" width=\"580\" height=\"440\" alt=\"nala_20101204_02.jpg\" \/>\n<\/div>\n<div style=\"text-align: center;\">\n  \n<\/div>\n<div style=\"text-align: center;\">\n  <img loading=\"lazy\" decoding=\"async\" src=\"http:\/\/terragina.de\/blog\/wp-content\/uploads\/2010\/12\/bev_20101204_02.jpg\" width=\"580\" height=\"440\" alt=\"bev_20101204_02.jpg\" \/>\n<\/div>\n<div style=\"text-align: center;\">\n  \n<\/div>\n<div style=\"text-align: center;\">\n  <img loading=\"lazy\" decoding=\"async\" src=\"http:\/\/terragina.de\/blog\/wp-content\/uploads\/2010\/12\/nala_20101204_03.jpg\" width=\"580\" height=\"440\" alt=\"nala_20101204_03.jpg\" \/>\n<\/div>\n<div style=\"text-align: center;\">\n  \n<\/div>\n<div style=\"text-align: center;\">\n  <img loading=\"lazy\" decoding=\"async\" src=\"http:\/\/terragina.de\/blog\/wp-content\/uploads\/2010\/12\/bev_20101204_03.jpg\" width=\"580\" height=\"440\" alt=\"bev_20101204_03.jpg\" \/>\n<\/div>\n<div style=\"text-align: center;\">\n  \n<\/div>\n<div style=\"text-align: center;\">\n  <img loading=\"lazy\" decoding=\"async\" src=\"http:\/\/terragina.de\/blog\/wp-content\/uploads\/2010\/12\/bev_nala_20101204.jpg\" width=\"580\" height=\"440\" alt=\"bev_nala_20101204.jpg\" \/>\n<\/div>\n<p><\/p>\n<p>Mit diesen Bildern verabschiede ich mich f\u00c3\u00bcr heute. Ich werde mir einen gem\u00c3\u00bctlichen Abend machen und die K\u00c3\u00bcche bleibt heute auch kalt &#8211; wir werden Pizza bestellen.<\/p>\n","protected":false},"excerpt":{"rendered":"<p>Ein gem\u00c3\u00bctlicher Samstag ist heute, einfach mal Nichtstun und in den Tag hinein leben &#8211; das hat doch was. :) Da habe ich mir heute morgen schnell meine Kamera geschnappt, um mal wieder die Miezen zu fotografieren. Zu sch\u00c3\u00b6n, wie sie erst eintr\u00c3\u00a4chtig auf dem Kratzbaum lagen. Nur so lange, bis Nala Beverly von ihrem Liegeplatz erfolgreich vertrieben hat &#8211; ist ja logisch! So schnell war ich auch nicht mit der Knipskiste. Also gibt`s vom Kratzbaum nur Solo-Bilder von Nala. Als Bev es sich dann auf der Couchlehne gem\u00c3\u00bctlich gemacht hatte, liess unser Mini-Mieg auch nicht lange auf sich warten und legte sich daneben. Eintr\u00c3\u00a4chtig lagen die beiden dann da und ich konnte meine gew\u00c3\u00bcnschten Bilder schie\u00c3\u0178en. Mit diesen Bildern verabschiede ich mich f\u00c3\u00bcr heute. Ich werde mir einen gem\u00c3\u00bctlichen Abend machen und die K\u00c3\u00bcche bleibt heute auch kalt &#8211; wir werden Pizza bestellen.<\/p>\n","protected":false},"author":1,"featured_media":0,"comment_status":"open","ping_status":"open","sticky":false,"template":"","format":"standard","meta":{"_jetpack_newsletter_access":"","_jetpack_dont_email_post_to_subs":false,"_jetpack_newsletter_tier_id":0,"_jetpack_memberships_contains_paywalled_content":false,"_jetpack_memberships_contains_paid_content":false,"footnotes":""},"categories":[],"tags":[965,25,39,30,353],"class_list":["post-4828","post","type-post","status-publish","format-standard","hentry","tag-beverly","tag-cats","tag-katzen","tag-maine-coon","tag-nala"],"jetpack_sharing_enabled":true,"jetpack_shortlink":"https:\/\/wp.me\/pq7aY-1fS","jetpack_likes_enabled":true,"jetpack-related-posts":[],"jetpack_featured_media_url":"","_links":{"self":[{"href":"https:\/\/terragina.de\/blog\/wp-json\/wp\/v2\/posts\/4828","targetHints":{"allow":["GET"]}}],"collection":[{"href":"https:\/\/terragina.de\/blog\/wp-json\/wp\/v2\/posts"}],"about":[{"href":"https:\/\/terragina.de\/blog\/wp-json\/wp\/v2\/types\/post"}],"author":[{"embeddable":true,"href":"https:\/\/terragina.de\/blog\/wp-json\/wp\/v2\/users\/1"}],"replies":[{"embeddable":true,"href":"https:\/\/terragina.de\/blog\/wp-json\/wp\/v2\/comments?post=4828"}],"version-history":[{"count":0,"href":"https:\/\/terragina.de\/blog\/wp-json\/wp\/v2\/posts\/4828\/revisions"}],"wp:attachment":[{"href":"https:\/\/terragina.de\/blog\/wp-json\/wp\/v2\/media?parent=4828"}],"wp:term":[{"taxonomy":"category","embeddable":true,"href":"https:\/\/terragina.de\/blog\/wp-json\/wp\/v2\/categories?post=4828"},{"taxonomy":"post_tag","embeddable":true,"href":"https:\/\/terragina.de\/blog\/wp-json\/wp\/v2\/tags?post=4828"}],"curies":[{"name":"wp","href":"https:\/\/api.w.org\/{rel}","templated":true}]}}