{"id":4833,"date":"2010-12-06T16:14:28","date_gmt":"2010-12-06T14:14:28","guid":{"rendered":"http:\/\/terragina.de\/blog\/2010\/12\/06\/fiese-wetterfee\/"},"modified":"2011-07-09T10:01:33","modified_gmt":"2011-07-09T08:01:33","slug":"fiese-wetterfee","status":"publish","type":"post","link":"https:\/\/terragina.de\/blog\/2010\/12\/06\/fiese-wetterfee\/","title":{"rendered":"Fiese Wetterfee"},"content":{"rendered":"<p>War das gemein gestern? Im letzten <a href=\"http:\/\/terragina.de\/blog\/2010\/12\/03\/freitags-fueller-88\/\" title=\"Freitags-F\u00c3\u00bcller #88\">Freitags-F\u00c3\u00bcller<\/a> hatte ich schon erw\u00c3\u00a4hnt, dass wir am 2. Advent eine Fahrt in das kleine hessische D\u00c3\u00b6rfchen zu Frl. Frieda und Herrn Frieda geplant hatten. Gem\u00c3\u00bctlich wollten wir es uns machen, mit Raclette, Sektchen und so. Und wir alle hatten uns sehr darauf gefreut.<\/p>\n<p>Die Wetterfee hat uns aber einen Strich durch die Rechnung gemacht. :( Und nach langem Hin- und Her-\u00c3\u0153berlegen hatten wir uns entschieden, unser Adventstreffen auf den 18. Dezember zu verschieben. Schade schade, aber vor angek\u00c3\u00bcndigtem Eisregen auf eiskaltem Boden in weiten Teilen Hessens habe ich geh\u00c3\u00b6rigen Respekt. Ja, es war doof. :zunge: Aber, wie sich im Nachhinein herausstellte, auch die einzig richtige Entscheidung.<\/p>\n<p>Vollsperrung auf der Autobahn, \u00c3\u00bcber die wir auch die R\u00c3\u00bcckreise h\u00c3\u00a4tten antreten m\u00c3\u00bcssen, und tats\u00c3\u00a4chlich Glatteis im Umkreis des kleinen hessischen D\u00c3\u00b6rfchens, Schneefall im Umkreis unseres Zuhauses.. nun bin ich wieder milde gestimmt und froh, gestern die richtige Entscheidung getroffen zu haben. :yes: Nun hoffen wir einfach, dass in <s>14<\/s> 12 Tagen das Wetter ein wenig mehr auf unserer Seite ist, das mu\u00c3\u0178 einfach klappen!<\/p>\n<p>Kurzentschlossen haben wir uns dann mit den Kindern und Anhang per S-Bahn auf den Weg zum Frankfurter Weihnachtsmarkt gemacht. Meine G\u00c3\u00bcte, war das voll. Auch wenn es noch fr\u00c3\u00bcher Nachmittag war, konnte man meinen, halb Frankfurt zentriere sich auf dem R\u00c3\u00b6merberg und Umgebung.<\/p>\n<p>Nach dem Genu\u00c3\u0178 von k\u00c3\u00b6stlichen belgischen Pommes mit Currysauce schlenderten wir zu unserem Lieblings-Gl\u00c3\u00bchweinstand und stellten fest, dass der hei\u00c3\u0178e Apfelwein dort ganz hervorragend schmeckt. Beim Weiterschlendern bot sich uns dann dieses Bild:<\/p>\n<p><\/p>\n<div style=\"text-align: center;\">\n  <img loading=\"lazy\" decoding=\"async\" src=\"http:\/\/terragina.de\/blog\/wp-content\/uploads\/2010\/12\/weihnachtsmarkt_01.jpg\" width=\"580\" height=\"440\" alt=\"weihnachtsmarkt_01.jpg\" \/>\n<\/div>\n<p><\/p>\n<p>Also mal so ganz unter uns: Frankfurt hat auch schon sch\u00c3\u00b6nere Weihnachtsb\u00c3\u00a4ume gehabt. Ich gebe zu: Ich war schon ein wenig entt\u00c3\u00a4uscht. Aber mein Lieblingsstand war genauso sch\u00c3\u00b6n, wie ich ihn noch aus den Vorjahren in Erinnerung hatte:<\/p>\n<p><\/p>\n<div style=\"text-align: center;\">\n  <img loading=\"lazy\" decoding=\"async\" src=\"http:\/\/terragina.de\/blog\/wp-content\/uploads\/2010\/12\/weihnachtsmarkt_02.jpg\" width=\"580\" height=\"440\" alt=\"weihnachtsmarkt_02.jpg\" \/>\n<\/div>\n<p><\/p>\n<p>Auch f\u00c3\u00bcr unser Weihnachtsdorf wurden wir f\u00c3\u00bcndig &#8211; davon aber mehr in einem anderen Blogartikel. ;)<\/p>\n<p>Und Ihr so? Wie war Euer 2. Advents-Wochenende?<\/p>\n","protected":false},"excerpt":{"rendered":"<p>War das gemein gestern? Im letzten Freitags-F\u00c3\u00bcller hatte ich schon erw\u00c3\u00a4hnt, dass wir am 2. Advent eine Fahrt in das kleine hessische D\u00c3\u00b6rfchen zu Frl. Frieda und Herrn Frieda geplant hatten. Gem\u00c3\u00bctlich wollten wir es uns machen, mit Raclette, Sektchen und so. Und wir alle hatten uns sehr darauf gefreut. Die Wetterfee hat uns aber einen Strich durch die Rechnung gemacht. :( Und nach langem Hin- und Her-\u00c3\u0153berlegen hatten wir uns entschieden, unser Adventstreffen auf den 18. Dezember zu verschieben. Schade schade, aber vor angek\u00c3\u00bcndigtem Eisregen auf eiskaltem Boden in weiten Teilen Hessens habe ich geh\u00c3\u00b6rigen Respekt. Ja, es war doof. :zunge: Aber, wie sich im Nachhinein herausstellte, auch die einzig richtige Entscheidung. Vollsperrung auf der Autobahn, \u00c3\u00bcber die wir auch die R\u00c3\u00bcckreise h\u00c3\u00a4tten antreten m\u00c3\u00bcssen, und tats\u00c3\u00a4chlich Glatteis im Umkreis des kleinen hessischen D\u00c3\u00b6rfchens, Schneefall im Umkreis unseres Zuhauses.. nun bin ich wieder milde gestimmt und froh, gestern die richtige Entscheidung getroffen zu haben. :yes: Nun hoffen wir einfach, dass in 14 12 Tagen das Wetter ein wenig mehr auf unserer Seite ist, das &hellip;<\/p>\n","protected":false},"author":1,"featured_media":0,"comment_status":"open","ping_status":"open","sticky":false,"template":"","format":"standard","meta":{"_jetpack_newsletter_access":"","_jetpack_dont_email_post_to_subs":false,"_jetpack_newsletter_tier_id":0,"_jetpack_memberships_contains_paywalled_content":false,"_jetpack_memberships_contains_paid_content":false,"footnotes":""},"categories":[2,114],"tags":[957,973],"class_list":["post-4833","post","type-post","status-publish","format-standard","hentry","category-foto","category-plauderecke","tag-foto","tag-plauderecke"],"jetpack_sharing_enabled":true,"jetpack_shortlink":"https:\/\/wp.me\/pq7aY-1fX","jetpack_likes_enabled":true,"jetpack-related-posts":[],"jetpack_featured_media_url":"","_links":{"self":[{"href":"https:\/\/terragina.de\/blog\/wp-json\/wp\/v2\/posts\/4833","targetHints":{"allow":["GET"]}}],"collection":[{"href":"https:\/\/terragina.de\/blog\/wp-json\/wp\/v2\/posts"}],"about":[{"href":"https:\/\/terragina.de\/blog\/wp-json\/wp\/v2\/types\/post"}],"author":[{"embeddable":true,"href":"https:\/\/terragina.de\/blog\/wp-json\/wp\/v2\/users\/1"}],"replies":[{"embeddable":true,"href":"https:\/\/terragina.de\/blog\/wp-json\/wp\/v2\/comments?post=4833"}],"version-history":[{"count":0,"href":"https:\/\/terragina.de\/blog\/wp-json\/wp\/v2\/posts\/4833\/revisions"}],"wp:attachment":[{"href":"https:\/\/terragina.de\/blog\/wp-json\/wp\/v2\/media?parent=4833"}],"wp:term":[{"taxonomy":"category","embeddable":true,"href":"https:\/\/terragina.de\/blog\/wp-json\/wp\/v2\/categories?post=4833"},{"taxonomy":"post_tag","embeddable":true,"href":"https:\/\/terragina.de\/blog\/wp-json\/wp\/v2\/tags?post=4833"}],"curies":[{"name":"wp","href":"https:\/\/api.w.org\/{rel}","templated":true}]}}