{"id":4866,"date":"2010-12-10T10:10:34","date_gmt":"2010-12-10T08:10:34","guid":{"rendered":"http:\/\/terragina.de\/blog\/2010\/12\/10\/projekt-122010-der-dezember\/"},"modified":"2011-07-09T10:01:23","modified_gmt":"2011-07-09T08:01:23","slug":"projekt-122010-der-dezember","status":"publish","type":"post","link":"https:\/\/terragina.de\/blog\/2010\/12\/10\/projekt-122010-der-dezember\/","title":{"rendered":"Projekt 12\/2010 &#8211; der Dezember"},"content":{"rendered":"<p><img loading=\"lazy\" decoding=\"async\" style=\"float: left; margin-right: 10px; margin-bottom: 10px;\" src=\"http:\/\/terragina.de\/blog\/wp-content\/uploads\/2010\/01\/zwoelf2010_klein.png\" alt=\"zwoelf2010_klein.png\" width=\"156\" height=\"28\" \/>Dieses Foto habe ich am vergangenen Sonntag gemacht. Bei dem Wetter mag ich nicht extra dorthin laufen (wobei, gestern w\u00c3\u00a4re auch noch mal ein idealer Tag gewesen. W\u00c3\u00a4re sicher ein sch\u00c3\u00b6nes Foto geworden&#8230;.)<\/p>\n<p>:sing: Ich habe es tats\u00c3\u00a4chlich geschafft und jeden Monat ein Bild gemacht. :dance: Nat\u00c3\u00bcrlich ist auch dieses Foto auf meiner <a title=\"Foto-\u00c3\u0153bersicht Projekt zw\u00c3\u00b6lf2010\" href=\"http:\/\/terragina.de\/blog\/zwoelf2010-2\/\">Projektseite<\/a> zu finden und vervollst\u00c3\u00a4ndigt nun den Kalender 2011, den ich wohl heute noch in Auftrag geben werde.<\/p>\n<p>Gar nicht oft genug kann man vor <a title=\"Fotoprojekt zw\u00c3\u00b6lf2010 bei Jana\" href=\"http:\/\/www.janasworld.de\/2009\/11\/22\/fotoprojekt-zwoelf2010-2\/\">Janas Projekt<\/a> den Hut ziehen. Sie hat sich so wahnsinnig viel M\u00c3\u00bche damit gemacht und wie ich gesehen habe, haben zwar l\u00c3\u00a4ngst nicht alle, aber doch viele bis zum Ende durchgehalten. Toll!<\/p>\n<p>Hier zeige ich Euch nun also das letzte Kalenderblatt&#8230; gestern w\u00c3\u00a4re noch ein wenig mehr Schnee zu sehen gewesen&#8230;.<\/p>\n<div style=\"text-align: left;\">\n  <\/p>\n<div style=\"text-align: center;\">\n    <br \/>\n    <a href=\"http:\/\/terragina.de\/blog\/wp-content\/uploads\/2010\/12\/zwoelf2010_12_900x543.jpg\" rel=\"lightbox[4866]\"><img loading=\"lazy\" decoding=\"async\" src=\"http:\/\/terragina.de\/blog\/wp-content\/uploads\/2010\/12\/zwoelf2010_12_900x543-tm.jpg\" width=\"480\" height=\"289\" alt=\"Projekt 12\/2010 - der Dezember\" \/><\/a><\/p><\/div>\n<\/div>\n<p><\/p>\n<div style=\"text-align: center;\">\n  <em>~ klick macht gro\u00c3\u0178 ~<\/em>\n<\/div>\n<p><\/p>\n<p>Habt Ihr es gemerkt? Das Graffiti ist schon wieder verschwunden. *lol* Es war ein sehr spannendes Projekt und ich bin froh, dabei gewesen zu sein. 2011 werde ich mich einem anderen Projekt widmen.<\/p>\n<p><\/p>\n<p><a title=\"Projekt-Teilnehmer 101 bis 200\" href=\"http:\/\/www.janasworld.de\/fotografie\/fotoprojekt-zwoelf2010-2\/fotoprojekt-zwoelf2010-101-150\/\">\u00c3\u0153bersicht der Teilnehmer-Bilder 101-150<\/a> <i>(Meine Teilnehmer-Nr. ist die 110)<\/i><\/p>\n<p><a title=\"Flickr-Gruppe zwoelf2010\" href=\"http:\/\/www.flickr.com\/groups\/1300582@N23\/\">Flickr-Foto-Gruppe<\/a>.<\/p>\n","protected":false},"excerpt":{"rendered":"<p>Dieses Foto habe ich am vergangenen Sonntag gemacht. Bei dem Wetter mag ich nicht extra dorthin laufen (wobei, gestern w\u00c3\u00a4re auch noch mal ein idealer Tag gewesen. W\u00c3\u00a4re sicher ein sch\u00c3\u00b6nes Foto geworden&#8230;.) :sing: Ich habe es tats\u00c3\u00a4chlich geschafft und jeden Monat ein Bild gemacht. :dance: Nat\u00c3\u00bcrlich ist auch dieses Foto auf meiner Projektseite zu finden und vervollst\u00c3\u00a4ndigt nun den Kalender 2011, den ich wohl heute noch in Auftrag geben werde. Gar nicht oft genug kann man vor Janas Projekt den Hut ziehen. Sie hat sich so wahnsinnig viel M\u00c3\u00bche damit gemacht und wie ich gesehen habe, haben zwar l\u00c3\u00a4ngst nicht alle, aber doch viele bis zum Ende durchgehalten. Toll! Hier zeige ich Euch nun also das letzte Kalenderblatt&#8230; gestern w\u00c3\u00a4re noch ein wenig mehr Schnee zu sehen gewesen&#8230;. ~ klick macht gro\u00c3\u0178 ~ Habt Ihr es gemerkt? Das Graffiti ist schon wieder verschwunden. *lol* Es war ein sehr spannendes Projekt und ich bin froh, dabei gewesen zu sein. 2011 werde ich mich einem anderen Projekt widmen. \u00c3\u0153bersicht der Teilnehmer-Bilder 101-150 (Meine Teilnehmer-Nr. ist die &hellip;<\/p>\n","protected":false},"author":1,"featured_media":0,"comment_status":"open","ping_status":"open","sticky":false,"template":"","format":"standard","meta":{"_jetpack_newsletter_access":"","_jetpack_dont_email_post_to_subs":false,"_jetpack_newsletter_tier_id":0,"_jetpack_memberships_contains_paywalled_content":false,"_jetpack_memberships_contains_paid_content":false,"footnotes":""},"categories":[358],"tags":[957,980],"class_list":["post-4866","post","type-post","status-publish","format-standard","hentry","category-zwoelf2010","tag-foto","tag-zwoelf2010"],"jetpack_sharing_enabled":true,"jetpack_shortlink":"https:\/\/wp.me\/pq7aY-1gu","jetpack_likes_enabled":true,"jetpack-related-posts":[],"jetpack_featured_media_url":"","_links":{"self":[{"href":"https:\/\/terragina.de\/blog\/wp-json\/wp\/v2\/posts\/4866","targetHints":{"allow":["GET"]}}],"collection":[{"href":"https:\/\/terragina.de\/blog\/wp-json\/wp\/v2\/posts"}],"about":[{"href":"https:\/\/terragina.de\/blog\/wp-json\/wp\/v2\/types\/post"}],"author":[{"embeddable":true,"href":"https:\/\/terragina.de\/blog\/wp-json\/wp\/v2\/users\/1"}],"replies":[{"embeddable":true,"href":"https:\/\/terragina.de\/blog\/wp-json\/wp\/v2\/comments?post=4866"}],"version-history":[{"count":0,"href":"https:\/\/terragina.de\/blog\/wp-json\/wp\/v2\/posts\/4866\/revisions"}],"wp:attachment":[{"href":"https:\/\/terragina.de\/blog\/wp-json\/wp\/v2\/media?parent=4866"}],"wp:term":[{"taxonomy":"category","embeddable":true,"href":"https:\/\/terragina.de\/blog\/wp-json\/wp\/v2\/categories?post=4866"},{"taxonomy":"post_tag","embeddable":true,"href":"https:\/\/terragina.de\/blog\/wp-json\/wp\/v2\/tags?post=4866"}],"curies":[{"name":"wp","href":"https:\/\/api.w.org\/{rel}","templated":true}]}}