{"id":4874,"date":"2010-12-13T17:31:40","date_gmt":"2010-12-13T15:31:40","guid":{"rendered":"http:\/\/terragina.de\/blog\/2010\/12\/13\/schoene-momente-gestern-und-heute\/"},"modified":"2011-07-09T10:01:19","modified_gmt":"2011-07-09T08:01:19","slug":"schoene-momente-gestern-und-heute","status":"publish","type":"post","link":"https:\/\/terragina.de\/blog\/2010\/12\/13\/schoene-momente-gestern-und-heute\/","title":{"rendered":"Sch\u00c3\u00b6ne Momente &#8211; gestern und heute"},"content":{"rendered":"<p><a href=\"http:\/\/www.kurzbemerkt.de\/kommentare\/schoene-momente-im-herbst-und-winter....309\/\" title=\"Sch\u00c3\u00b6ne Momente im Herbst\/Winter\"><img loading=\"lazy\" decoding=\"async\" src=\"http:\/\/terragina.de\/\/blog\/images\/aktionherbst01.gif\" width=\"130\" height=\"130\" alt=\"Sch\u00c3\u00b6ne Momente im Herbst\/Winter\" style=\"float:left; margin-bottom:10px; margin-right:10px;\" \/><\/a>Eigentlich wollte ich zwei dieser vier Bilder gestern schon bloggen. Irgendwie kam ich aber nicht dazu, also reiche ich sie heute nach.<\/p>\n<p>Der Vormittag des 3. Advents war ruhig bei uns. Eigentlich h\u00c3\u00a4tte ich dringend ein wenig Haushaltsarbeit machen <s>wollen<\/s> sollen, aber irgendwie ergab sich das nicht. :blush: Das konnte ich heute mittag in aller Ruhe nachholen, musste ich doch ein wenig fr\u00c3\u00bcher Feierabend machen als normal.<\/p>\n<p>Warum?<\/p>\n<p>Weil ich festen Willens war, p\u00c3\u00bcnktlich zu Hause zu sein &#8211; es stand mal wieder ein Arztbesuch auf meiner To-Do-Liste. :roll: Und da kurzfristig vor den Toren meines Arbeitgebers eine (absolut gerechtfertigte) Demonstration ins Leben gerufen und in diesem Zug genau die Stra\u00c3\u0178e gesperrt wurde, die ich passieren mu\u00c3\u0178, blieb mir nichts anderes \u00c3\u00bcbrig, als meinen Snoopy schon etwas fr\u00c3\u00bcher in Sicherheit zu bringen. Der nette Polizist, der direkt vor meiner Rennsemmel sein blau-wei\u00c3\u0178es Fahrzeug stehen hatte, war auch so nett, es nochmal ein paar Meter vor zu fahren, damit ich aus meiner Parkl\u00c3\u00bccke kam.<\/p>\n<p><\/p>\n<p>Aber zur\u00c3\u00bcck zu dem sch\u00c3\u00b6nen Moment, den ich erleben durfte, bevor wir uns auf den Weihnachtsmarkt ins t<s>otal \u00c3\u00bcberf\u00c3\u00bcllte,<\/s> wundersch\u00c3\u00b6ne Michelstadt aufmachten. Es sind zwar nur i*Phone-Fotos, aber ich finde sie so niedlich, dass ich meine, sie passen ganz gut in <a href=\"http:\/\/www.kurzbemerkt.de\/kommentare\/schoene-momente-im-herbst-und-winter....309\/\" title=\"Sch\u00c3\u00b6ne Momente im Herbst\/Winter bei Katinka\">Katinkas Herbst\/Winter-Aktion<\/a>.<\/p>\n<div style=\"text-align: center;\">\n  <img loading=\"lazy\" decoding=\"async\" src=\"http:\/\/terragina.de\/blog\/wp-content\/uploads\/2010\/12\/nala_bev_20101212_01.jpg\" width=\"442\" height=\"598\" alt=\"nala_bev_20101212_01.jpg\" \/>\n<\/div>\n<div style=\"text-align: center;\">\n  \n<\/div>\n<div style=\"text-align: center;\">\n  <img loading=\"lazy\" decoding=\"async\" src=\"http:\/\/terragina.de\/blog\/wp-content\/uploads\/2010\/12\/nala_bev_20101212_02.jpg\" width=\"442\" height=\"598\" alt=\"nala_bev_20101212_02.jpg\" \/>\n<\/div>\n<p>Die beiden waren sooo niedlich. Ich glaube, so ca. eine halbe Stunde lagen sie gemeinsam in ihrer geliebten Blume. :catlove:<\/p>\n<p><\/p>\n<p style=\"text-align: center;\">********************************************<\/p>\n<p><\/p>\n<p>Auch die folgenden Fotos passen sehr sch\u00c3\u00b6n zu Katinkas Projekt, geknipst habe ich sie vorhin auf der Heimfahrt vom Arzt. Der Himmel war atemberaubend und w\u00c3\u00a4re es nicht so kalt gewesen, h\u00c3\u00a4tte ich sicher noch eine Weile zugeschaut.<\/p>\n<p>Ich bin sogar extra ausgestiegen. ;) Zumindest, um Foto Nr. 2 zu machen. Dieses Bild ist \u00c3\u00bcbrigens wieder einmal mit der App <a href=\"http:\/\/itunes.apple.com\/de\/app\/pro-hdr\/id347104281?mt=8\" title=\"Pro HDR im iTunes-Store\">Pro HDR<\/a> entstanden, die mich immer wieder aufs neue begeistert.<\/p>\n<div style=\"text-align: center;\">\n  \n<\/div>\n<div style=\"text-align: center;\">\n  <img loading=\"lazy\" decoding=\"async\" src=\"http:\/\/terragina.de\/blog\/wp-content\/uploads\/2010\/12\/sunset_heiligenstock_01.jpg\" width=\"442\" height=\"598\" alt=\"sunset_heiligenstock_01.jpg\" \/>\n<\/div>\n<div style=\"text-align: center;\">\n  \n<\/div>\n<div style=\"text-align: center;\">\n  <img loading=\"lazy\" decoding=\"async\" src=\"http:\/\/terragina.de\/blog\/wp-content\/uploads\/2010\/12\/sunset_heiligenstock_02.jpg\" width=\"442\" height=\"598\" alt=\"sunset_heiligenstock_02.jpg\" \/>\n<\/div>\n<div style=\"text-align: center;\">\n  \n<\/div>\n<div style=\"text-align: left;\">\n<p>Vom Besuch in Michelstadt gibt`s leider keine Fotos. Ich kam schlichtweg nicht dazu, aufgrund der Menschenmassen. Dazu noch pieseliger Nieselregen&#8230; ehrlich, wir hatten schon sch\u00c3\u00b6nere Tage im Odenwald. Aber nett war\u00c2\u00b4s trotzdem! ;)<\/p>\n<\/div>\n","protected":false},"excerpt":{"rendered":"<p>Eigentlich wollte ich zwei dieser vier Bilder gestern schon bloggen. Irgendwie kam ich aber nicht dazu, also reiche ich sie heute nach. Der Vormittag des 3. Advents war ruhig bei uns. Eigentlich h\u00c3\u00a4tte ich dringend ein wenig Haushaltsarbeit machen wollen sollen, aber irgendwie ergab sich das nicht. :blush: Das konnte ich heute mittag in aller Ruhe nachholen, musste ich doch ein wenig fr\u00c3\u00bcher Feierabend machen als normal. Warum? Weil ich festen Willens war, p\u00c3\u00bcnktlich zu Hause zu sein &#8211; es stand mal wieder ein Arztbesuch auf meiner To-Do-Liste. :roll: Und da kurzfristig vor den Toren meines Arbeitgebers eine (absolut gerechtfertigte) Demonstration ins Leben gerufen und in diesem Zug genau die Stra\u00c3\u0178e gesperrt wurde, die ich passieren mu\u00c3\u0178, blieb mir nichts anderes \u00c3\u00bcbrig, als meinen Snoopy schon etwas fr\u00c3\u00bcher in Sicherheit zu bringen. Der nette Polizist, der direkt vor meiner Rennsemmel sein blau-wei\u00c3\u0178es Fahrzeug stehen hatte, war auch so nett, es nochmal ein paar Meter vor zu fahren, damit ich aus meiner Parkl\u00c3\u00bccke kam. Aber zur\u00c3\u00bcck zu dem sch\u00c3\u00b6nen Moment, den ich erleben durfte, bevor wir &hellip;<\/p>\n","protected":false},"author":1,"featured_media":0,"comment_status":"open","ping_status":"open","sticky":false,"template":"","format":"standard","meta":{"_jetpack_newsletter_access":"","_jetpack_dont_email_post_to_subs":false,"_jetpack_newsletter_tier_id":0,"_jetpack_memberships_contains_paywalled_content":false,"_jetpack_memberships_contains_paid_content":false,"footnotes":""},"categories":[2],"tags":[957],"class_list":["post-4874","post","type-post","status-publish","format-standard","hentry","category-foto","tag-foto"],"jetpack_sharing_enabled":true,"jetpack_shortlink":"https:\/\/wp.me\/pq7aY-1gC","jetpack_likes_enabled":true,"jetpack-related-posts":[],"jetpack_featured_media_url":"","_links":{"self":[{"href":"https:\/\/terragina.de\/blog\/wp-json\/wp\/v2\/posts\/4874","targetHints":{"allow":["GET"]}}],"collection":[{"href":"https:\/\/terragina.de\/blog\/wp-json\/wp\/v2\/posts"}],"about":[{"href":"https:\/\/terragina.de\/blog\/wp-json\/wp\/v2\/types\/post"}],"author":[{"embeddable":true,"href":"https:\/\/terragina.de\/blog\/wp-json\/wp\/v2\/users\/1"}],"replies":[{"embeddable":true,"href":"https:\/\/terragina.de\/blog\/wp-json\/wp\/v2\/comments?post=4874"}],"version-history":[{"count":0,"href":"https:\/\/terragina.de\/blog\/wp-json\/wp\/v2\/posts\/4874\/revisions"}],"wp:attachment":[{"href":"https:\/\/terragina.de\/blog\/wp-json\/wp\/v2\/media?parent=4874"}],"wp:term":[{"taxonomy":"category","embeddable":true,"href":"https:\/\/terragina.de\/blog\/wp-json\/wp\/v2\/categories?post=4874"},{"taxonomy":"post_tag","embeddable":true,"href":"https:\/\/terragina.de\/blog\/wp-json\/wp\/v2\/tags?post=4874"}],"curies":[{"name":"wp","href":"https:\/\/api.w.org\/{rel}","templated":true}]}}