{"id":4891,"date":"2010-12-20T18:20:01","date_gmt":"2010-12-20T16:20:01","guid":{"rendered":"http:\/\/terragina.de\/blog\/2010\/12\/20\/willkommen-bei-freunden\/"},"modified":"2011-07-09T10:01:11","modified_gmt":"2011-07-09T08:01:11","slug":"willkommen-bei-freunden","status":"publish","type":"post","link":"https:\/\/terragina.de\/blog\/2010\/12\/20\/willkommen-bei-freunden\/","title":{"rendered":"Willkommen bei Freunden"},"content":{"rendered":"<p>Ein supersch\u00c3\u00b6nes Wochenende liegt hinter uns und schon den ganzen Tag m\u00c3\u00b6chte ich diesen (und auch noch einen anderen) Blog-Artikel schreiben. Auch wenn ich heute morgen \u00e2\u20ac\u017eglatteis-technisch\u00e2\u20ac\u009d gesehen mal wieder zu Hause geblieben bin (ein Tag Gleitzeit machts m\u00c3\u00b6glich), komme ich erst jetzt dazu, meinen lieben Leserinnen und Lesern vom tollen Nachmittag und Abend bei <a href=\"http:\/\/fraeuleinfrieda.wordpress.com\" title=\"Katja besuchen\">Frl. und Herrn Frieda<\/a> zu berichten.<\/p>\n<p>Nachdem es leider vor 14 Tagen wegen des Eisregens nicht mit unserem allmonatlichen Treffen geklappt hat, war die Freude vorgestern riesig, endlich wieder einmal in das kleine hessische D\u00c3\u00b6rfchen zu fahren. Die Wetterbedingungen waren auch da nicht ideal, aber der Hobbkoch ist ja ein guter, wetter-erprobter Autofahrer. :yes: Sicher hat er uns also in einer guten Stunde zu unseren lieben Freunden gebracht, wo wir auch p\u00c3\u00bcnktlich ankamen und sehr herzlich begr\u00c3\u00bc\u00c3\u0178t wurden.<\/p>\n<p>Hach, es war wieder so sch\u00c3\u00b6n. Und Katja hat auch schon <a href=\"http:\/\/fraeuleinfrieda.wordpress.com\/2010\/12\/19\/immerwieder-samstags-2\/\" title=\"Besuch bei Frl. Frieda\">so einen sch\u00c3\u00b6nen Bericht<\/a> geschrieben, dass ich gar nicht mehr viel schreiben kann.<\/p>\n<div style=\"text-align: center;\">\n  <img loading=\"lazy\" decoding=\"async\" src=\"http:\/\/terragina.de\/blog\/wp-content\/uploads\/2010\/12\/frl_frieda_01.jpg\" width=\"580\" height=\"435\" alt=\"frl_frieda_01.jpg\" \/>\n<\/div>\n<p>Liebevoll war wieder der Tisch gedeckt und auch von der wundersch\u00c3\u00b6nen Weihnachtsdekoration konnte ich mir ein Bild machen. Hach, meine liebe Katja ist und bleibt meine Deko-Queen. So sch\u00c3\u00b6n &#8211; immer wieder, das ganze Jahr!<\/p>\n<p>Bei leckerem Kuchen und Pl\u00c3\u00a4tzchen liesen wir es uns gut gehen. Es wurde wieder viel gequatscht und gelacht und schnell konnten wir zum obigatorischen Gl\u00c3\u00a4schen Prosecco \u00c3\u00bcbergehen.<\/p>\n<div style=\"text-align: center;\">\n  <img loading=\"lazy\" decoding=\"async\" src=\"http:\/\/terragina.de\/blog\/wp-content\/uploads\/2010\/12\/frl_frieda_02.jpg\" width=\"440\" height=\"580\" alt=\"frl_frieda_02.jpg\" \/>\n<\/div>\n<p>Die M\u00c3\u00a4nner machten dann noch einen kleinen Ausflug in den n\u00c3\u00a4chstgelegenen Baumarkt &#8211; das Katzengras war ausgegangen und die Freude auf Katzen-Seite riesig, als unsere G\u00c3\u00b6ttergatten erfolgreich wieder eintrafen.<\/p>\n<div style=\"text-align: center;\">\n  <img loading=\"lazy\" decoding=\"async\" src=\"http:\/\/terragina.de\/blog\/wp-content\/uploads\/2010\/12\/frl_frieda_03.jpg\" width=\"580\" height=\"435\" alt=\"frl_frieda_03.jpg\" \/>\n<\/div>\n<p>Hoppala &#8211; Du kleine s\u00c3\u00bc\u00c3\u0178e Murmel &#8211; was machst Du denn da auf der Arbeitsplatte? :catlove:<\/p>\n<div style=\"text-align: center;\">\n  <img loading=\"lazy\" decoding=\"async\" src=\"http:\/\/terragina.de\/blog\/wp-content\/uploads\/2010\/12\/frl_frieda_04.jpg\" width=\"580\" height=\"435\" alt=\"frl_frieda_04.jpg\" \/>\n<\/div>\n<p>So ein richtiger Koch-Event war es dieses mal zwar nicht, aber auch f\u00c3\u00bcr`s Raclette mussten noch einige Vorbereitungen getroffen werden &#8211; und es sah schon verdammt lecker aus, oder?<\/p>\n<div style=\"text-align: center;\">\n  <img loading=\"lazy\" decoding=\"async\" src=\"http:\/\/terragina.de\/blog\/wp-content\/uploads\/2010\/12\/frl_frieda_05.jpg\" width=\"580\" height=\"435\" alt=\"frl_frieda_05.jpg\" \/>\n<\/div>\n<p>Hach ja &#8211; uns ging es wirklich richtig, richtig gut! Und ich gebe der lieben Katja recht &#8211; das erste Raclette des Jahres schmeckt wirklich am besten. :hearts:<\/p>\n<div style=\"text-align: center;\">\n  <img loading=\"lazy\" decoding=\"async\" src=\"http:\/\/terragina.de\/blog\/wp-content\/uploads\/2010\/12\/frl_frieda_06.jpg\" width=\"580\" height=\"435\" alt=\"frl_frieda_06.jpg\" \/>\n<\/div>\n<p>Nat\u00c3\u00bcrlich haben die beiden s\u00c3\u00bc\u00c3\u0178en Miezen von Familie Frieda auch ihre gewohnten Streicheleinheiten von uns bekommen&#8230;.<\/p>\n<p>Den kr\u00c3\u00b6nenen Abschlu\u00c3\u0178 unseres leckeren Mahls bildete dieses <a href=\"http:\/\/www.chefkoch.de\/rezepte\/158471069424602\/Advents-Tiramisu.html\" title=\"Advents-Tiramisu beim Chefkoch\">Advents-Tiramisu<\/a> &#8211; was bei allen Anwesenden hervorragend ankam. Ich habe mich bei diesem Foto f\u00c3\u00bcr das Exemplar nach dem Genuss entschieden&#8230; das Dessert in seiner vollen Sch\u00c3\u00b6nheit mit den kunstvoll gebastelten Sternen vom Sohnemann konnte man\/frau ja bereits bei Familie Frieda bewundern.<\/p>\n<div style=\"text-align: center;\">\n  <img loading=\"lazy\" decoding=\"async\" src=\"http:\/\/terragina.de\/blog\/wp-content\/uploads\/2010\/12\/frl_frieda_07.jpg\" width=\"580\" height=\"435\" alt=\"frl_frieda_07.jpg\" \/>\n<\/div>\n<p>Nun fehlt eigentlich noch ein Foto&#8230; n\u00c3\u00a4mlich das wundersch\u00c3\u00b6ne Weihnachtspaket von den Friedas&#8230;. Nun ist es aber so, dass ich schlichtweg bislang vergessen habe, ein Foto davon zu machen. Und jetzt steht das Paket irgendwo hier im Haus, der genaue Standort entzieht sich leider meiner neugierigen Blicke&#8230;. :(<\/p>\n<p>Also gibbet das Foto erst beim Auspacken &#8211; hach, ich freue mich schon sehr auf Heilig Abend&#8230; hatte ich schon erw\u00c3\u00a4hnt, dass ich ein bekennender Weihnachtsmensch bin?<\/p>\n<p>Zum Schlu\u00c3\u0178 meines kleinen Artikels m\u00c3\u00b6chte ich mich bei meiner lieben Katja nebst G\u00c3\u00b6ttergatten nochmal ganz herzlich f\u00c3\u00bcr den wundersch\u00c3\u00b6nen Tag bedanken. :biglove: Schade, dass unsere gemeinsame Zeit immer so schnell vorbei geht.. *soifz*<\/p>\n","protected":false},"excerpt":{"rendered":"<p>Ein supersch\u00c3\u00b6nes Wochenende liegt hinter uns und schon den ganzen Tag m\u00c3\u00b6chte ich diesen (und auch noch einen anderen) Blog-Artikel schreiben. Auch wenn ich heute morgen \u00e2\u20ac\u017eglatteis-technisch\u00e2\u20ac\u009d gesehen mal wieder zu Hause geblieben bin (ein Tag Gleitzeit machts m\u00c3\u00b6glich), komme ich erst jetzt dazu, meinen lieben Leserinnen und Lesern vom tollen Nachmittag und Abend bei Frl. und Herrn Frieda zu berichten. Nachdem es leider vor 14 Tagen wegen des Eisregens nicht mit unserem allmonatlichen Treffen geklappt hat, war die Freude vorgestern riesig, endlich wieder einmal in das kleine hessische D\u00c3\u00b6rfchen zu fahren. Die Wetterbedingungen waren auch da nicht ideal, aber der Hobbkoch ist ja ein guter, wetter-erprobter Autofahrer. :yes: Sicher hat er uns also in einer guten Stunde zu unseren lieben Freunden gebracht, wo wir auch p\u00c3\u00bcnktlich ankamen und sehr herzlich begr\u00c3\u00bc\u00c3\u0178t wurden. Hach, es war wieder so sch\u00c3\u00b6n. Und Katja hat auch schon so einen sch\u00c3\u00b6nen Bericht geschrieben, dass ich gar nicht mehr viel schreiben kann. Liebevoll war wieder der Tisch gedeckt und auch von der wundersch\u00c3\u00b6nen Weihnachtsdekoration konnte ich mir ein Bild machen. &hellip;<\/p>\n","protected":false},"author":1,"featured_media":0,"comment_status":"open","ping_status":"open","sticky":false,"template":"","format":"standard","meta":{"_jetpack_newsletter_access":"","_jetpack_dont_email_post_to_subs":false,"_jetpack_newsletter_tier_id":0,"_jetpack_memberships_contains_paywalled_content":false,"_jetpack_memberships_contains_paid_content":false,"footnotes":""},"categories":[114],"tags":[973],"class_list":["post-4891","post","type-post","status-publish","format-standard","hentry","category-plauderecke","tag-plauderecke"],"jetpack_sharing_enabled":true,"jetpack_shortlink":"https:\/\/wp.me\/pq7aY-1gT","jetpack_likes_enabled":true,"jetpack-related-posts":[],"jetpack_featured_media_url":"","_links":{"self":[{"href":"https:\/\/terragina.de\/blog\/wp-json\/wp\/v2\/posts\/4891","targetHints":{"allow":["GET"]}}],"collection":[{"href":"https:\/\/terragina.de\/blog\/wp-json\/wp\/v2\/posts"}],"about":[{"href":"https:\/\/terragina.de\/blog\/wp-json\/wp\/v2\/types\/post"}],"author":[{"embeddable":true,"href":"https:\/\/terragina.de\/blog\/wp-json\/wp\/v2\/users\/1"}],"replies":[{"embeddable":true,"href":"https:\/\/terragina.de\/blog\/wp-json\/wp\/v2\/comments?post=4891"}],"version-history":[{"count":0,"href":"https:\/\/terragina.de\/blog\/wp-json\/wp\/v2\/posts\/4891\/revisions"}],"wp:attachment":[{"href":"https:\/\/terragina.de\/blog\/wp-json\/wp\/v2\/media?parent=4891"}],"wp:term":[{"taxonomy":"category","embeddable":true,"href":"https:\/\/terragina.de\/blog\/wp-json\/wp\/v2\/categories?post=4891"},{"taxonomy":"post_tag","embeddable":true,"href":"https:\/\/terragina.de\/blog\/wp-json\/wp\/v2\/tags?post=4891"}],"curies":[{"name":"wp","href":"https:\/\/api.w.org\/{rel}","templated":true}]}}