{"id":4933,"date":"2010-12-28T08:43:19","date_gmt":"2010-12-28T06:43:19","guid":{"rendered":"http:\/\/terragina.de\/blog\/2010\/12\/28\/jahresrueckblick-2010\/"},"modified":"2011-07-09T10:01:01","modified_gmt":"2011-07-09T08:01:01","slug":"jahresrueckblick-2010","status":"publish","type":"post","link":"https:\/\/terragina.de\/blog\/2010\/12\/28\/jahresrueckblick-2010\/","title":{"rendered":"Jahresr\u00c3\u00bcckblick 2010"},"content":{"rendered":"<p>Ging f\u00c3\u00bcr Euch dieses Jahr auch so schnell vorr\u00c3\u00bcber? Nun sind es nur noch 3 Tage, und dann k\u00c3\u00b6nnen wir auch das Jahr 2010 ad acta legen. Wahnsinn, wie die Zeit rennt. Und irgendwie kommt es mir vor, als ob es jedes Jahr noch ein bisschen schneller an mir vorbei zieht.<\/p>\n<p>Wie <a href=\"http:\/\/terragina.de\/blog\/2009\/12\/30\/mein-jahresrueckblick-2009\/\" title=\"Mein Jahresr\u00c3\u00bcckblick 2009\">im letzten Jahr<\/a> schon, m\u00c3\u00b6chte ich auch dieses Jahr wieder Revue passieren lassen. Und vielleicht mag sich ja jemand den Jahresr\u00c3\u00bcckblick mitnehmen?<\/p>\n<p><strong><br \/><\/strong><\/p>\n<p><strong><font color=\"#1A9192\">DAS WAR MEIN JAHR 2010<\/font><\/strong><\/p>\n<p><strong><font color=\"#1A9192\">Vorherrschendes Gef\u00c3\u00bchl f\u00c3\u00bcr 2010?<\/font><br \/><\/strong><span style=\"font-weight: normal;\">Wieder die gleiche Frage wie im letzten Jahr, aber auch in diesem Jahr kann ich sie nicht wirklich beantworten. Es gab sch\u00c3\u00b6ne Gef\u00c3\u00bchle und weniger sch\u00c3\u00b6ne &#8211; ich kann nicht sagen, dass eines vorherrschend war.<\/span><\/p>\n<p><strong><font color=\"#1A9192\">2010 zum ersten Mal getan?<\/font><\/strong><br \/>\n<span style=\"font-weight: normal;\">Den Weg ins Fitnessstudio gefunden.<\/span><\/p>\n<p><strong><font color=\"#1A9192\">2010 nach langer Zeit wieder getan?<\/font><br \/><\/strong><span style=\"font-weight: normal;\">So richtig mit Papier und Schere gebastelt.<\/span><\/p>\n<p><strong><font color=\"#1A9192\">2010 leider nicht getan?<\/font><br \/><\/strong><span style=\"font-weight: normal;\">Ich wollte doch Seifchen sieden &#8211; ich habe es mir immer wieder vorgenommen. Schade, nun habe ich es leider in diesem Jahr doch nicht geschafft&#8230;<\/span><\/p>\n<p><strong><font color=\"#1A9192\">Der hirnrissigste Plan?<\/font><\/strong><br \/>\n<span style=\"font-weight: normal;\">Da f\u00c3\u00a4llt mir leider nichts ein.<\/span><\/p>\n<p><strong><font color=\"#1A9192\">Die gef\u00c3\u00a4hrlichste Unternehmung?<\/font><br \/><\/strong><span style=\"font-weight: normal;\">N\u00c3\u00b6, hier l\u00c3\u00a4uft eigentlich alles in geregelten Bahnen, da war nichts Gef\u00c3\u00a4hrliches dabei.<\/span><\/p>\n<p><strong><font color=\"#1A9192\">Die teuerste Anschaffung?<\/font><\/strong><br \/>\n<span style=\"font-weight: normal;\">Hmm, eigentlich haben wir in diesem Jahr nichts au\u00c3\u0178ergew\u00c3\u00b6hnlich Teures angeschafft. Viele kleinere Dinge eben. Ein teures Geburtstagsgeschenk war dabei&#8230;<\/span><\/p>\n<p><strong><font color=\"#1A9192\">(Un)wort des Jahres?<\/font><br \/><\/strong><span style=\"font-weight: normal;\">Hmm, auch wenn ich ein wenig \u00c3\u00bcberlege, so komme ich doch im Moment nicht drauf. Dabei bin ich mir sicher, es gab dieses Jahr ein Unwort des Jahres&#8230;. Vuvuzela vielleicht?<\/span><\/p>\n<p><strong><font color=\"#1A9192\">Zugenommen oder abgenommen?<\/font><br \/><\/strong><span style=\"font-weight: normal;\">Weder noch! Ich halte mein Gewicht eigentlich gut in diesem Jahr.<\/span><\/p>\n<p><strong><font color=\"#1A9192\">Stadt des Jahres?<\/font><\/strong><br \/>\n<span style=\"font-weight: normal;\">Frankfurt &#8211; wo anders hat es uns in diesem Jahr leider nicht hin verschlagen&#8230;.<\/span><\/p>\n<p><strong><font color=\"#1A9192\">Alkoholexzesse?<\/font><\/strong><br \/>\n<span style=\"font-weight: normal;\">Keine &#8211; ich glaube auch nicht, dass ich nochmal in eine solche Situation komme.<\/span><\/p>\n<p><strong><font color=\"#1A9192\">Davon gekotzt?<\/font><\/strong><br \/>\n\u00c3\u201e\u00c3\u00a4\u00c3\u00a4h &#8211; nein. Weil wegen ist nicht!<\/p>\n<p><strong><font color=\"#1A9192\">Haare l\u00c3\u00a4nger oder k\u00c3\u00bcrzer?<\/font><\/strong><br \/>\n<span style=\"font-weight: normal;\">Unwesentlich l\u00c3\u00a4nger<\/span><\/p>\n<p><strong><font color=\"#1A9192\">Kurzsichtiger oder Weitsichtiger?<\/font><br \/><\/strong><span style=\"font-weight: normal;\">Keine Ahnung, aber ich werde in 2011 wohl mal zum Augenarzt gehen und das checken lassen.<\/span><\/p>\n<p><strong><font color=\"#1A9192\">Mehr Kohle oder weniger?<\/font><br \/><\/strong>Wieder ein klein bissel mehr &#8211; leider macht sich das aber so gut wie gar nicht bemerkbar.<\/p>\n<p><strong><font color=\"#1A9192\">Mehr ausgegeben oder weniger?<\/font><\/strong><br \/>\n<span style=\"font-weight: normal;\">\u00c3\u201ehnlich wie im letzten Jahr, denke ich.<\/span><\/p>\n<p><strong><font color=\"#1A9192\">Mehr bewegt oder weniger?<\/font><br \/><\/strong>Definitiv mehr!<\/p>\n<p><strong><font color=\"#1A9192\">H\u00c3\u00b6chste Handyrechnung?<\/font><\/strong><br \/>\n<span style=\"font-weight: normal;\">Ich habe einen Festbetrag mit dem i*Phone, da \u00c3\u00a4ndert sich nix.<\/span><\/p>\n<p><strong><font color=\"#1A9192\">Krankenhausbesuche?<\/font><br \/><\/strong><span style=\"font-weight: normal;\">Auch in diesem Jahr keine.<\/span><\/p>\n<p><strong><font color=\"#1A9192\">Getr\u00c3\u00a4nk des Jahres?<\/font><br \/><\/strong><span style=\"font-weight: normal;\">Aperol Spritz habe ich im Sommer f\u00c3\u00bcr mich entdeckt&#8230;.<\/span><\/p>\n<p><strong><font color=\"#1A9192\">Das leckerste Essen?<\/font><br \/><\/strong><span style=\"font-weight: normal;\">Das leckerste Essen gibt es nicht, weil es einfach zu viele leckere Sachen gibt.<\/span><\/p>\n<p><strong><font color=\"#1A9192\">Most called Persons?<\/font><br \/><\/strong><span style=\"font-weight: normal;\">Das Tochterkind und den lieben Hobbykoch. Auch mit dem Sohnemann telefoniere ich mehr und mehr.<\/span><\/p>\n<p><strong><font color=\"#1A9192\">Die sch\u00c3\u00b6nste Zeit verbracht mit?<\/font><br \/><\/strong>Der Familie und den beiden Miezen &#8211; sie geben mir sooo viel!<\/p>\n<p><strong><font color=\"#1A9192\">Die meiste Zeit verbracht mit?<\/font><br \/><\/strong>Meinen Lieben nat\u00c3\u00bcrlich!<\/p>\n<p><strong><font color=\"#1A9192\">Song des Jahres?<\/font><br \/><\/strong><span style=\"font-weight: normal;\">Auch in diesem Jahr nicht einfach, sich auf nur einen Song zu beschr\u00c3\u00a4nken. Da gab es zum Beispiel den Grand Prix-Siegertitel \u00e2\u20ac\u017eSatellite\u00e2\u20ac\u009d von Lena, den WM-Hit von Shakira, \u00e2\u20ac\u017eWaka Waka\u00e2\u20ac\u009d (This Time For Africa), \u00e2\u20ac\u017eUniversum\u00e2\u20ac\u009d von Ich&amp;Ich (so schade, dass die beiden sich trennen), \u00e2\u20ac\u017eShame\u00e2\u20ac\u009d von Robbie Williams &amp; Gary Barlow oder auch \u00e2\u20ac\u017eWhat Do You Got?\u00e2\u20ac\u009d von Bon Jovi. Viele sch\u00c3\u00b6ne Hits gab es auch wieder in diesem Jahr&#8230;.<\/span><\/p>\n<p><strong><font color=\"#1A9192\">CD (Album) des Jahres?<\/font><br \/><\/strong><span style=\"font-weight: normal;\">Noch eine schwierige Frage &#8211; aber ich bewundere Joe Cocker &#8211; sein Album \u00e2\u20ac\u017eHard Knocks\u00e2\u20ac\u009d ist fantastisch!<\/span><\/p>\n<p><strong><font color=\"#1A9192\">Blockbuster des Jahres?<\/font><\/strong><br \/>\n<span style=\"font-weight: normal;\">Hach ja, auch in diesem Jahr wollte ich \u00c3\u00b6fter mal ins Kino gehen, aber irgendwie wurde das wieder nichts&#8230;<\/span><\/p>\n<p><strong><font color=\"#1A9192\">Konzert des Jahres?<\/font><br \/><\/strong><span style=\"font-weight: normal;\">Auch 2010 habe ich nur ein einziges Konzert besucht, die \u00e2\u20ac\u017eWise Guys\u00e2\u20ac\u009d in der Alten Oper Frankfurt. Es war toll. So toll, dass wir auch schon wieder Karten f\u00c3\u00bcr den kommenden Februar haben! ;)<\/span><\/p>\n<p><strong><font color=\"#1A9192\">TV-Serie des Jahres?<\/font><br \/><\/strong><span style=\"font-weight: normal;\">Hmm, ich schaue ja gar nicht so viel Fernsehen. Nach wie vor gefallen mir die Kochsendungen gut. Schade, dass die alten Serien nicht mehr im Fernsehen zu sehen sind, dann w\u00c3\u00bcrde ich mich wohl auch \u00c3\u00b6fter mal vor die Glotze setzen&#8230;.<\/span><\/p>\n<p><strong><font color=\"#1A9192\">Drei Dinge auf die ich gut h\u00c3\u00a4tte verzichten k\u00c3\u00b6nnen?<\/font><br \/><\/strong><span style=\"font-weight: normal;\">1. Auch 2010 wieder die Probleme mit meinen Z\u00c3\u00a4hnen, die mir immer wieder zuverl\u00c3\u00a4ssig die gute Laune vermiesen. 2. Ansehen zu m\u00c3\u00bcssen, dass ein Teil unserer Firma einfach geschlossen wird, mir tun die Kollegen sehr leid, die nun vor dem Aus stehen und noch nicht wissen, wie es weiter gehen soll. Und 3. die doofe Diagnose, die ich erst vor ein paar Tagen bekommen habe&#8230;.<\/span><\/p>\n<p><strong><font color=\"#1A9192\">Nachbar des Jahres?<\/font><br \/><\/strong><span style=\"font-weight: normal;\">Unser toller G\u00c3\u00a4rtner, ein wirklich netter, hilfsbereiter Mensch!<\/span><\/p>\n<p><strong><font color=\"#1A9192\">Die wichtigste Sache, von der ich jemanden \u00c3\u00bcberzeugen wollte?<\/font><\/strong><br \/>\nOje, da f\u00c3\u00a4llt mir jetzt gar nichts ein&#8230;.<\/p>\n<p><strong><font color=\"#1A9192\">Das sch\u00c3\u00b6nste Geschenk, das ich jemanden gemacht habe?<\/font><br \/><\/strong><span style=\"font-weight: normal;\">Das kann ich nicht beantworten. Ich hoffe, meine Geschenke haben stets ihren Sinn erf\u00c3\u00bcllt. N\u00c3\u00a4mlich dem\/der anderen Person eine Freude zu machen.<\/span><\/p>\n<p><strong><font color=\"#1A9192\">Das sch\u00c3\u00b6nste Geschenk, das mir jemand gemacht hat?<\/font><br \/><\/strong><span style=\"font-weight: normal;\">Ich freue mich t\u00c3\u00a4glich, geliebt zu werden und das auch t\u00c3\u00a4glich zu sp\u00c3\u00bcren! DANKE!!<\/span><\/p>\n<p><strong><font color=\"#1A9192\">Der sch\u00c3\u00b6nste Satz, den jemand zu mir gesagt hat?<\/font><br \/><\/strong><span style=\"font-weight: normal;\">Ich liebe Dich!<\/span><\/p>\n<p><strong><font color=\"#1A9192\">Die gr\u00c3\u00b6\u00c3\u0178te Entt\u00c3\u00a4uschung?<\/font><br \/><\/strong><span style=\"font-weight: normal;\">Huch &#8211; nein, auch hier f\u00c3\u00a4llt mir nicht wirklich etwas ein. Ich bin ein wenig traurig, dass es in diesem Winter nicht mit unserem Skiurlaub klappt. Aber manchmal mu\u00c3\u0178 man eben Abstriche machen.<\/span><\/p>\n<p><strong><font color=\"#1A9192\">Die Erkenntnis des Jahres?<\/font><br \/><\/strong><span style=\"font-weight: normal;\">Eine besondere Erkenntnis gibt es in diesem Jahr nicht.<\/span><\/p>\n<p><strong><font color=\"#1A9192\">Beste Idee\/Entscheidung des Jahres?<\/font><br \/><\/strong><span style=\"font-weight: normal;\">Es gibt eine beste Entscheidung des Jahres, aber die m\u00c3\u00b6chte ich nicht bloggen. Aber ich bin sehr dankbar daf\u00c3\u00bcr, dass wir uns so entschieden haben und alles gut ist. Ansonsten f\u00c3\u00a4llt mir nur ein, dass es wohl eine gute Entscheidung war, endlich ein wenig Fitness zu betreiben.<\/span><\/p>\n<p><strong><font color=\"#1A9192\">Schlimmstes Ereignis?<\/font><br \/><\/strong><span style=\"font-weight: normal;\">Ich bin froh dar\u00c3\u00bcber, dass ich am Ende von 2010 nicht von schlimmen Ereignissen berichten kann.<\/span><\/p>\n<p><strong><font color=\"#1A9192\">Sch\u00c3\u00b6nste Ereignisse?<\/font><br \/><\/strong><span style=\"font-weight: normal;\">Die WM 2010 war wieder klasse. Auch mein runder Geburtstag war wunderbar &#8211; ein toller Tag, der mir noch lange in Erinnerung blieben wird.<\/span><\/p>\n<p><strong><font color=\"#1A9192\">Vorsatz f\u00c3\u00bcrs neue Jahr?<\/font><br \/><\/strong>Ich bin willig, nicht mehr so viel Fleisch und Wurst zu essen. Das ist aber auch der einzige Vorsatz.<\/p>\n<p><strong><font color=\"#1A9192\">2010 war mit einem Wort?<\/font><\/strong><br \/>\nAusgewogen.<\/p>\n","protected":false},"excerpt":{"rendered":"<p>Ging f\u00c3\u00bcr Euch dieses Jahr auch so schnell vorr\u00c3\u00bcber? Nun sind es nur noch 3 Tage, und dann k\u00c3\u00b6nnen wir auch das Jahr 2010 ad acta legen. Wahnsinn, wie die Zeit rennt. Und irgendwie kommt es mir vor, als ob es jedes Jahr noch ein bisschen schneller an mir vorbei zieht. Wie im letzten Jahr schon, m\u00c3\u00b6chte ich auch dieses Jahr wieder Revue passieren lassen. Und vielleicht mag sich ja jemand den Jahresr\u00c3\u00bcckblick mitnehmen? DAS WAR MEIN JAHR 2010 Vorherrschendes Gef\u00c3\u00bchl f\u00c3\u00bcr 2010?Wieder die gleiche Frage wie im letzten Jahr, aber auch in diesem Jahr kann ich sie nicht wirklich beantworten. Es gab sch\u00c3\u00b6ne Gef\u00c3\u00bchle und weniger sch\u00c3\u00b6ne &#8211; ich kann nicht sagen, dass eines vorherrschend war. 2010 zum ersten Mal getan? Den Weg ins Fitnessstudio gefunden. 2010 nach langer Zeit wieder getan?So richtig mit Papier und Schere gebastelt. 2010 leider nicht getan?Ich wollte doch Seifchen sieden &#8211; ich habe es mir immer wieder vorgenommen. Schade, nun habe ich es leider in diesem Jahr doch nicht geschafft&#8230; Der hirnrissigste Plan? Da f\u00c3\u00a4llt mir leider nichts &hellip;<\/p>\n","protected":false},"author":1,"featured_media":0,"comment_status":"open","ping_status":"open","sticky":false,"template":"","format":"standard","meta":{"_jetpack_newsletter_access":"","_jetpack_dont_email_post_to_subs":false,"_jetpack_newsletter_tier_id":0,"_jetpack_memberships_contains_paywalled_content":false,"_jetpack_memberships_contains_paid_content":false,"footnotes":""},"categories":[114,94],"tags":[973,969],"class_list":["post-4933","post","type-post","status-publish","format-standard","hentry","category-plauderecke","category-stoeckchen","tag-plauderecke","tag-stoeckchen"],"jetpack_sharing_enabled":true,"jetpack_shortlink":"https:\/\/wp.me\/pq7aY-1hz","jetpack_likes_enabled":true,"jetpack-related-posts":[],"jetpack_featured_media_url":"","_links":{"self":[{"href":"https:\/\/terragina.de\/blog\/wp-json\/wp\/v2\/posts\/4933","targetHints":{"allow":["GET"]}}],"collection":[{"href":"https:\/\/terragina.de\/blog\/wp-json\/wp\/v2\/posts"}],"about":[{"href":"https:\/\/terragina.de\/blog\/wp-json\/wp\/v2\/types\/post"}],"author":[{"embeddable":true,"href":"https:\/\/terragina.de\/blog\/wp-json\/wp\/v2\/users\/1"}],"replies":[{"embeddable":true,"href":"https:\/\/terragina.de\/blog\/wp-json\/wp\/v2\/comments?post=4933"}],"version-history":[{"count":0,"href":"https:\/\/terragina.de\/blog\/wp-json\/wp\/v2\/posts\/4933\/revisions"}],"wp:attachment":[{"href":"https:\/\/terragina.de\/blog\/wp-json\/wp\/v2\/media?parent=4933"}],"wp:term":[{"taxonomy":"category","embeddable":true,"href":"https:\/\/terragina.de\/blog\/wp-json\/wp\/v2\/categories?post=4933"},{"taxonomy":"post_tag","embeddable":true,"href":"https:\/\/terragina.de\/blog\/wp-json\/wp\/v2\/tags?post=4933"}],"curies":[{"name":"wp","href":"https:\/\/api.w.org\/{rel}","templated":true}]}}