{"id":4959,"date":"2011-01-06T05:28:29","date_gmt":"2011-01-06T03:28:29","guid":{"rendered":"http:\/\/terragina.de\/blog\/2011\/01\/06\/der-erste-donnerstag-in-2011\/"},"modified":"2011-07-09T10:00:47","modified_gmt":"2011-07-09T08:00:47","slug":"der-erste-donnerstag-in-2011","status":"publish","type":"post","link":"https:\/\/terragina.de\/blog\/2011\/01\/06\/der-erste-donnerstag-in-2011\/","title":{"rendered":"Der erste Donnerstag in 2011"},"content":{"rendered":"<p>ist hier bei uns spiegelglatt. Sowas habe ich noch nicht erlebt &#8211; ich war gerade ein paar Schritte vor der T\u00c3\u00bcr und h\u00c3\u00a4tte mich zwei mal fast auf die Nase gelegt. :oh: Der Tochterfreund, der noch vor mir (jaaa, sowas gibt es!) schon den Weg zur S-Bahn geht, rief mich extra an, weil er mehrfach ausgerutscht ist.<\/p>\n<p>Menschenleer ist der Bahnsteig 500 bis 600 Meter von uns entfernt und die S-Bahn wieder einmal versp\u00c3\u00a4tet. Lieb von ihm, mich extra anzurufen, um mir zu sagen, dass es mit meiner kleinen Rennsemmel wohl keine gute Idee w\u00c3\u00a4re, sich heute morgen auf die Stra\u00c3\u0178e zu begeben.<\/p>\n<p>Auch im Radio sagten sie eben, die Eisschicht ist daumendick&#8230;. und es regnet fleissig weiter bei ca. -2\u00c2\u00b0C&#8230;. gruselig und \u00c3\u00a4u\u00c3\u0178erst ungem\u00c3\u00bctlich.<\/p>\n<p>Also bin ich vern\u00c3\u00bcnftig und Gott sei Dank flexibel &#8211; werde daf\u00c3\u00bcr also morgen arbeiten. Und weil ich eine kurze Woche habe (gestern war mein erster Arbeitstag in 2011), ist das auch gar nicht schlimm. Nur schlafen kann ich jetzt nicht mehr, denn jetzt bin ich wach. Dumm, das &#8211; aber da ich gestern schon um 21:15 Uhr vor M\u00c3\u00bcdigkeit ins Bett gefallen bin, bin ich jetzt auch sehr sch\u00c3\u00b6n ausgeruht.<\/p>\n<p>Wie ist es bei Euch? Traut Ihr Euch, den Weg ins B\u00c3\u00bcro oder an die Arbeitsst\u00c3\u00a4tte zu w\u00c3\u00a4hlen oder haltet Ihr das so wie ich und m\u00c3\u00b6chtet kein Risiko eingehen? Wenn Ihr arbeiten gehen m\u00c3\u00bcsst &#8211; dann passt gut auf Euch auf!<\/p>\n<p>Heute mittag, wenn ich wieder einmal einen Termin bei meiner Zahn\u00c3\u00a4rztin habe, wird sich die Lage sicher entspannt haben &#8211; es soll ja recht warm werden heute bei uns&#8230;.<\/p>\n","protected":false},"excerpt":{"rendered":"<p>ist hier bei uns spiegelglatt. Sowas habe ich noch nicht erlebt &#8211; ich war gerade ein paar Schritte vor der T\u00c3\u00bcr und h\u00c3\u00a4tte mich zwei mal fast auf die Nase gelegt. :oh: Der Tochterfreund, der noch vor mir (jaaa, sowas gibt es!) schon den Weg zur S-Bahn geht, rief mich extra an, weil er mehrfach ausgerutscht ist. Menschenleer ist der Bahnsteig 500 bis 600 Meter von uns entfernt und die S-Bahn wieder einmal versp\u00c3\u00a4tet. Lieb von ihm, mich extra anzurufen, um mir zu sagen, dass es mit meiner kleinen Rennsemmel wohl keine gute Idee w\u00c3\u00a4re, sich heute morgen auf die Stra\u00c3\u0178e zu begeben. Auch im Radio sagten sie eben, die Eisschicht ist daumendick&#8230;. und es regnet fleissig weiter bei ca. -2\u00c2\u00b0C&#8230;. gruselig und \u00c3\u00a4u\u00c3\u0178erst ungem\u00c3\u00bctlich. Also bin ich vern\u00c3\u00bcnftig und Gott sei Dank flexibel &#8211; werde daf\u00c3\u00bcr also morgen arbeiten. Und weil ich eine kurze Woche habe (gestern war mein erster Arbeitstag in 2011), ist das auch gar nicht schlimm. Nur schlafen kann ich jetzt nicht mehr, denn jetzt bin ich wach. Dumm, das &#8211; &hellip;<\/p>\n","protected":false},"author":1,"featured_media":0,"comment_status":"open","ping_status":"open","sticky":false,"template":"","format":"standard","meta":{"_jetpack_newsletter_access":"","_jetpack_dont_email_post_to_subs":false,"_jetpack_newsletter_tier_id":0,"_jetpack_memberships_contains_paywalled_content":false,"_jetpack_memberships_contains_paid_content":false,"footnotes":""},"categories":[114],"tags":[973],"class_list":["post-4959","post","type-post","status-publish","format-standard","hentry","category-plauderecke","tag-plauderecke"],"jetpack_sharing_enabled":true,"jetpack_shortlink":"https:\/\/wp.me\/pq7aY-1hZ","jetpack_likes_enabled":true,"jetpack-related-posts":[],"jetpack_featured_media_url":"","_links":{"self":[{"href":"https:\/\/terragina.de\/blog\/wp-json\/wp\/v2\/posts\/4959","targetHints":{"allow":["GET"]}}],"collection":[{"href":"https:\/\/terragina.de\/blog\/wp-json\/wp\/v2\/posts"}],"about":[{"href":"https:\/\/terragina.de\/blog\/wp-json\/wp\/v2\/types\/post"}],"author":[{"embeddable":true,"href":"https:\/\/terragina.de\/blog\/wp-json\/wp\/v2\/users\/1"}],"replies":[{"embeddable":true,"href":"https:\/\/terragina.de\/blog\/wp-json\/wp\/v2\/comments?post=4959"}],"version-history":[{"count":0,"href":"https:\/\/terragina.de\/blog\/wp-json\/wp\/v2\/posts\/4959\/revisions"}],"wp:attachment":[{"href":"https:\/\/terragina.de\/blog\/wp-json\/wp\/v2\/media?parent=4959"}],"wp:term":[{"taxonomy":"category","embeddable":true,"href":"https:\/\/terragina.de\/blog\/wp-json\/wp\/v2\/categories?post=4959"},{"taxonomy":"post_tag","embeddable":true,"href":"https:\/\/terragina.de\/blog\/wp-json\/wp\/v2\/tags?post=4959"}],"curies":[{"name":"wp","href":"https:\/\/api.w.org\/{rel}","templated":true}]}}