{"id":4971,"date":"2011-01-06T10:50:52","date_gmt":"2011-01-06T08:50:52","guid":{"rendered":"http:\/\/terragina.de\/blog\/2011\/01\/06\/eiszauber\/"},"modified":"2011-07-09T10:00:45","modified_gmt":"2011-07-09T08:00:45","slug":"eiszauber","status":"publish","type":"post","link":"https:\/\/terragina.de\/blog\/2011\/01\/06\/eiszauber\/","title":{"rendered":"Eiszauber"},"content":{"rendered":"<p>Nach dem Eisregen f\u00c3\u00a4ngt es jetzt ganz allm\u00c3\u00a4hlich hier das Tauen an. Die Temperatur ist immer noch knapp unter 0\u00c2\u00b0C, aber die Lage hat sich schon merklich entspannt. Auf der Stra\u00c3\u0178e laufen Menschen ohne zu st\u00c3\u00bcrzen und auch ein paar Autos habe ich schon vorbei fahren sehen.<\/p>\n<p>Hier ein paar Impressionen von unserer Terrasse &#8211; 10:15 Uhr. ;)<\/p>\n<p><i><br \/><\/i><\/p>\n<div style=\"text-align: center;\">\n  <a href=\"http:\/\/terragina.de\/blog\/wp-content\/uploads\/2011\/01\/eiszauber_01.jpg\" rel=\"lightbox[4971]\"><img loading=\"lazy\" decoding=\"async\" src=\"http:\/\/terragina.de\/blog\/wp-content\/uploads\/2011\/01\/eiszauber_01-tm.jpg\" width=\"260\" height=\"195\" alt=\"Das Vogelh\u00c3\u00a4uschen\" \/><\/a> <a href=\"http:\/\/terragina.de\/blog\/wp-content\/uploads\/2011\/01\/eiszauber_02.jpg\" rel=\"lightbox[4971]\"><img loading=\"lazy\" decoding=\"async\" src=\"http:\/\/terragina.de\/blog\/wp-content\/uploads\/2011\/01\/eiszauber_02-tm.jpg\" width=\"260\" height=\"195\" alt=\"Unsere Party-Lichterkette\" \/><\/a>\n<\/div>\n<div style=\"text-align: center;\">\n  \n<\/div>\n<div style=\"text-align: center;\">\n  <a href=\"http:\/\/terragina.de\/blog\/wp-content\/uploads\/2011\/01\/eiszauber_04.jpg\" rel=\"lightbox[4971]\"><img loading=\"lazy\" decoding=\"async\" src=\"http:\/\/terragina.de\/blog\/wp-content\/uploads\/2011\/01\/eiszauber_04-tm.jpg\" width=\"260\" height=\"195\" alt=\"Der Ilex mit Glasnasen...\" \/><\/a>\n<\/div>\n<div style=\"text-align: center;\">\n  \n<\/div>\n<div style=\"text-align: center;\">\n  <a href=\"http:\/\/terragina.de\/blog\/wp-content\/uploads\/2011\/01\/eiszauber_03.jpg\" rel=\"lightbox[4971]\"><img loading=\"lazy\" decoding=\"async\" src=\"http:\/\/terragina.de\/blog\/wp-content\/uploads\/2011\/01\/eiszauber_03-tm.jpg\" width=\"260\" height=\"195\" alt=\"...war besonders sch\u00c3\u00b6n anzuschauen...\" \/><\/a> <a href=\"http:\/\/terragina.de\/blog\/wp-content\/uploads\/2011\/01\/eiszauber_05.jpg\" rel=\"lightbox[4971]\"><img loading=\"lazy\" decoding=\"async\" src=\"http:\/\/terragina.de\/blog\/wp-content\/uploads\/2011\/01\/eiszauber_05-tm.jpg\" width=\"260\" height=\"195\" alt=\"...ich konnte gar nicht aufh\u00c3\u00b6ren zu knipsen!\" \/><\/a>\n<\/div>\n<div style=\"text-align: center;\">\n<p>~ <i>Klick macht gro\u00c3\u0178<\/i> ~<\/p>\n<\/div>\n<p><\/p>\n<p>Langsam werde die Nasen kleiner und kleiner &#8211; der Schnee wird immer weniger und wenn ich an das Matsche-Wetter die kommenden Tage denke, mag ich gar nicht mehr raus&#8230; :( Auch wenn viele von uns schon \u00c3\u00bcber das Winterwetter jammern &#8211; ich mag es nach wie vor! :yes:<\/p>\n","protected":false},"excerpt":{"rendered":"<p>Nach dem Eisregen f\u00c3\u00a4ngt es jetzt ganz allm\u00c3\u00a4hlich hier das Tauen an. Die Temperatur ist immer noch knapp unter 0\u00c2\u00b0C, aber die Lage hat sich schon merklich entspannt. Auf der Stra\u00c3\u0178e laufen Menschen ohne zu st\u00c3\u00bcrzen und auch ein paar Autos habe ich schon vorbei fahren sehen. Hier ein paar Impressionen von unserer Terrasse &#8211; 10:15 Uhr. ;) ~ Klick macht gro\u00c3\u0178 ~ Langsam werde die Nasen kleiner und kleiner &#8211; der Schnee wird immer weniger und wenn ich an das Matsche-Wetter die kommenden Tage denke, mag ich gar nicht mehr raus&#8230; :( Auch wenn viele von uns schon \u00c3\u00bcber das Winterwetter jammern &#8211; ich mag es nach wie vor! :yes:<\/p>\n","protected":false},"author":1,"featured_media":0,"comment_status":"open","ping_status":"open","sticky":false,"template":"","format":"standard","meta":{"_jetpack_newsletter_access":"","_jetpack_dont_email_post_to_subs":false,"_jetpack_newsletter_tier_id":0,"_jetpack_memberships_contains_paywalled_content":false,"_jetpack_memberships_contains_paid_content":false,"footnotes":""},"categories":[2],"tags":[957,78],"class_list":["post-4971","post","type-post","status-publish","format-standard","hentry","category-foto","tag-foto","tag-natur"],"jetpack_sharing_enabled":true,"jetpack_shortlink":"https:\/\/wp.me\/pq7aY-1ib","jetpack_likes_enabled":true,"jetpack-related-posts":[],"jetpack_featured_media_url":"","_links":{"self":[{"href":"https:\/\/terragina.de\/blog\/wp-json\/wp\/v2\/posts\/4971","targetHints":{"allow":["GET"]}}],"collection":[{"href":"https:\/\/terragina.de\/blog\/wp-json\/wp\/v2\/posts"}],"about":[{"href":"https:\/\/terragina.de\/blog\/wp-json\/wp\/v2\/types\/post"}],"author":[{"embeddable":true,"href":"https:\/\/terragina.de\/blog\/wp-json\/wp\/v2\/users\/1"}],"replies":[{"embeddable":true,"href":"https:\/\/terragina.de\/blog\/wp-json\/wp\/v2\/comments?post=4971"}],"version-history":[{"count":0,"href":"https:\/\/terragina.de\/blog\/wp-json\/wp\/v2\/posts\/4971\/revisions"}],"wp:attachment":[{"href":"https:\/\/terragina.de\/blog\/wp-json\/wp\/v2\/media?parent=4971"}],"wp:term":[{"taxonomy":"category","embeddable":true,"href":"https:\/\/terragina.de\/blog\/wp-json\/wp\/v2\/categories?post=4971"},{"taxonomy":"post_tag","embeddable":true,"href":"https:\/\/terragina.de\/blog\/wp-json\/wp\/v2\/tags?post=4971"}],"curies":[{"name":"wp","href":"https:\/\/api.w.org\/{rel}","templated":true}]}}