{"id":4984,"date":"2011-01-10T16:04:49","date_gmt":"2011-01-10T14:04:49","guid":{"rendered":"http:\/\/terragina.de\/blog\/2011\/01\/10\/cam-underfoot-022011\/"},"modified":"2011-07-09T10:00:39","modified_gmt":"2011-07-09T08:00:39","slug":"cam-underfoot-022011","status":"publish","type":"post","link":"https:\/\/terragina.de\/blog\/2011\/01\/10\/cam-underfoot-022011\/","title":{"rendered":"Cam Underfoot #02\/2011"},"content":{"rendered":"<p><a href=\"http:\/\/ausgeloest.wordpress.com\/2010\/11\/18\/photo-projekt-2011-cam-underfoot\/\" target=\"blank\"><img loading=\"lazy\" decoding=\"async\" src=\"http:\/\/terragina.de\/blog\/wp-content\/uploads\/2011\/01\/projekt-cam-underfoot-2011.jpg\" width=\"160\" height=\"125\" alt=\"projekt-cam-underfoot-2011.jpg\" style=\"float:left; margin-right:10px; margin-bottom:10px;\" \/><\/a> Bei <a href=\"http:\/\/ausgeloest.wordpress.com\/2010\/11\/18\/photo-projekt-2011-cam-underfoot\/\" title=\"Projekt \u00e2\u20ac\u017eCam Underfoot 2011\u00e2\u20ac\u009d\">Frau Kunterbunt<\/a> ist das Projekt Cam Underfoot in vollem Gange.<\/p>\n<p>Wieder ist Montag und wieder habe ich mich auf den Boden gelegt und ein Bild gemacht. Allerdings wieder ein \u00e2\u20ac\u017eIndoor-Foto\u00e2\u20ac\u009d, weil es heute drau\u00c3\u0178en an Ekligkeit kaum zu toppen ist. Kalt, neblig und tr\u00c3\u00bcb. Eigentlich sollte ja die Sonne scheinen, ich frage mich nur, wo sie sich versteckt hat. ;)<\/p>\n<p>Hier kommt es also nun &#8211; mein zweites Bild f\u00c3\u00bcr das Projekt:<\/p>\n<p><\/p>\n<p><\/p>\n<div style=\"text-align: center;\">\n  <a href=\"http:\/\/terragina.de\/blog\/wp-content\/uploads\/2011\/01\/cam_underfoot_002.jpg\" rel=\"lightbox[4984]\"><img loading=\"lazy\" decoding=\"async\" src=\"http:\/\/terragina.de\/blog\/wp-content\/uploads\/2011\/01\/cam_underfoot_002-tm.jpg\" width=\"360\" height=\"273\" alt=\"Cam Underfoot - 02\/2011\" \/><\/a>\n<\/div>\n<p><\/p>\n<p>Ich habe mich \u00c3\u00bcbrigens entschlossen, f\u00c3\u00bcr 2012 einen Wochenkalender zu basteln. Somit bin ich quasi fast gezwungen, dieses Projekt von Anfang bis Ende des Jahres durchzuziehen. Zumindest nach besten Kr\u00c3\u00a4ften. Vielleicht wird es auch die ein oder andere Woche geben, wo ich dann mal zwei Bilder knipsen werde und zwei Wochen im Kalender damit best\u00c3\u00bccke. Aber das werde ich dann sehen, wenn die Zeit gekommen ist!<\/p>\n","protected":false},"excerpt":{"rendered":"<p>Bei Frau Kunterbunt ist das Projekt Cam Underfoot in vollem Gange. Wieder ist Montag und wieder habe ich mich auf den Boden gelegt und ein Bild gemacht. Allerdings wieder ein \u00e2\u20ac\u017eIndoor-Foto\u00e2\u20ac\u009d, weil es heute drau\u00c3\u0178en an Ekligkeit kaum zu toppen ist. Kalt, neblig und tr\u00c3\u00bcb. Eigentlich sollte ja die Sonne scheinen, ich frage mich nur, wo sie sich versteckt hat. ;) Hier kommt es also nun &#8211; mein zweites Bild f\u00c3\u00bcr das Projekt: Ich habe mich \u00c3\u00bcbrigens entschlossen, f\u00c3\u00bcr 2012 einen Wochenkalender zu basteln. Somit bin ich quasi fast gezwungen, dieses Projekt von Anfang bis Ende des Jahres durchzuziehen. Zumindest nach besten Kr\u00c3\u00a4ften. Vielleicht wird es auch die ein oder andere Woche geben, wo ich dann mal zwei Bilder knipsen werde und zwei Wochen im Kalender damit best\u00c3\u00bccke. Aber das werde ich dann sehen, wenn die Zeit gekommen ist!<\/p>\n","protected":false},"author":1,"featured_media":0,"comment_status":"open","ping_status":"open","sticky":false,"template":"","format":"standard","meta":{"_jetpack_newsletter_access":"","_jetpack_dont_email_post_to_subs":false,"_jetpack_newsletter_tier_id":0,"_jetpack_memberships_contains_paywalled_content":false,"_jetpack_memberships_contains_paid_content":false,"footnotes":""},"categories":[2],"tags":[415,957],"class_list":["post-4984","post","type-post","status-publish","format-standard","hentry","category-foto","tag-cam-underfoot","tag-foto"],"jetpack_sharing_enabled":true,"jetpack_shortlink":"https:\/\/wp.me\/pq7aY-1io","jetpack_likes_enabled":true,"jetpack-related-posts":[],"jetpack_featured_media_url":"","_links":{"self":[{"href":"https:\/\/terragina.de\/blog\/wp-json\/wp\/v2\/posts\/4984","targetHints":{"allow":["GET"]}}],"collection":[{"href":"https:\/\/terragina.de\/blog\/wp-json\/wp\/v2\/posts"}],"about":[{"href":"https:\/\/terragina.de\/blog\/wp-json\/wp\/v2\/types\/post"}],"author":[{"embeddable":true,"href":"https:\/\/terragina.de\/blog\/wp-json\/wp\/v2\/users\/1"}],"replies":[{"embeddable":true,"href":"https:\/\/terragina.de\/blog\/wp-json\/wp\/v2\/comments?post=4984"}],"version-history":[{"count":0,"href":"https:\/\/terragina.de\/blog\/wp-json\/wp\/v2\/posts\/4984\/revisions"}],"wp:attachment":[{"href":"https:\/\/terragina.de\/blog\/wp-json\/wp\/v2\/media?parent=4984"}],"wp:term":[{"taxonomy":"category","embeddable":true,"href":"https:\/\/terragina.de\/blog\/wp-json\/wp\/v2\/categories?post=4984"},{"taxonomy":"post_tag","embeddable":true,"href":"https:\/\/terragina.de\/blog\/wp-json\/wp\/v2\/tags?post=4984"}],"curies":[{"name":"wp","href":"https:\/\/api.w.org\/{rel}","templated":true}]}}