{"id":5005,"date":"2011-01-16T11:55:51","date_gmt":"2011-01-16T09:55:51","guid":{"rendered":"http:\/\/terragina.de\/blog\/2011\/01\/16\/colorkey-2011-der-januar\/"},"modified":"2011-07-09T10:00:27","modified_gmt":"2011-07-09T08:00:27","slug":"colorkey-2011-der-januar","status":"publish","type":"post","link":"https:\/\/terragina.de\/blog\/2011\/01\/16\/colorkey-2011-der-januar\/","title":{"rendered":"Colorkey 2011 &#8211; Der Januar"},"content":{"rendered":"<p><a href=\"http:\/\/www.tinkacats-schnurr-und-fotoblog.de\/?page_id=7756\"><img loading=\"lazy\" decoding=\"async\" src=\"http:\/\/terragina.de\/blog\/wp-content\/uploads\/2010\/11\/colorkey_logo.jpg\" width=\"142\" height=\"142\" alt=\"colorkey_logo.jpg\" style=\"float:left; margin-right:10px; margin-bottom:10px;\" \/><\/a><\/p>\n<p>Ich wei\u00c3\u0178, ich bin sp\u00c3\u00a4t dran. :blush1: Aber meine doofen Fingerchen haben mir einen Strich durch die Rechnung gemacht. :( Ich hoffe, die liebe <a href=\"http:\/\/www.tinkacats-schnurr-und-fotoblog.de\/?page_id=9019\" title=\"Colorkey-Challenge - der Januar\">Frau Herzlich<\/a> nimmt meine beiden versp\u00c3\u00a4teten Beitr\u00c3\u00a4ge trotzdem noch mit auf. Ich finde dieses Jahresprojekt so sch\u00c3\u00b6n, dass ich unbedingt dabei sein m\u00c3\u00b6chte.<\/p>\n<p>Leider musste ich auf Archiv-Bilder zur\u00c3\u00bcckgreifen, das \u00c3\u00a4rgert mich total. Die einzigen Landschafts-Fotos, die ich in der letzten Zeit gemacht habe, sind Schneebilder. Und allesamt waren sie f\u00c3\u00bcr Colorkey g\u00c3\u00a4nzlich ungeeignet.<\/p>\n<p>Und auch wenn Frau Herzlich betont, dass die Fotos nicht an die Jahreszeit gebunden sein m\u00c3\u00bcssen, so stelle ich diesen Anspruch doch an mich selbst.<\/p>\n<p>Hier sind nun also meine beiden Bilder &#8211; Archivfotos vom letzten Skiurlaub. Ein wenig in Erinnerungen schwelgen. Hach, wie gerne w\u00c3\u00a4re ich auch in diesem Jahr wieder ein paar Tage die H\u00c3\u00a4nge hinab gefahren und h\u00c3\u00a4tte gem\u00c3\u00bctliche Stunden auf der ein oder anderen Bergh\u00c3\u00bctte verbracht. Aber es soll heuer nicht sein.<\/p>\n<p>Beide Fotos sind anklickbar und werden gro\u00c3\u0178 ;)<\/p>\n<div style=\"text-align: center;\">\n  <a href=\"http:\/\/terragina.de\/blog\/wp-content\/uploads\/2011\/01\/colorkey_01_2011_01.jpg\" rel=\"lightbox[5005]\"><img loading=\"lazy\" decoding=\"async\" src=\"http:\/\/terragina.de\/blog\/wp-content\/uploads\/2011\/01\/colorkey_01_2011_01-tm.jpg\" width=\"400\" height=\"300\" alt=\"Im sch\u00c3\u00b6nen Zillertal...\" \/><\/a>\n<\/div>\n<div style=\"text-align: center;\">\n  \n<\/div>\n<div style=\"text-align: center;\">\n  <a href=\"http:\/\/terragina.de\/blog\/wp-content\/uploads\/2011\/01\/colorkey_01_2011_02.jpg\" rel=\"lightbox[5005]\"><img loading=\"lazy\" decoding=\"async\" src=\"http:\/\/terragina.de\/blog\/wp-content\/uploads\/2011\/01\/colorkey_01_2011_02-tm.jpg\" width=\"400\" height=\"300\" alt=\"... hach, war das sch\u00c3\u00b6n!\" \/><\/a>\n<\/div>\n<p><\/p>\n<p>Mir pers\u00c3\u00b6nlich gef\u00c3\u00a4llt das zweite Foto noch ein wenig besser &#8211; Hunde im Schnee, einfach toll!<\/p>\n","protected":false},"excerpt":{"rendered":"<p>Ich wei\u00c3\u0178, ich bin sp\u00c3\u00a4t dran. :blush1: Aber meine doofen Fingerchen haben mir einen Strich durch die Rechnung gemacht. :( Ich hoffe, die liebe Frau Herzlich nimmt meine beiden versp\u00c3\u00a4teten Beitr\u00c3\u00a4ge trotzdem noch mit auf. Ich finde dieses Jahresprojekt so sch\u00c3\u00b6n, dass ich unbedingt dabei sein m\u00c3\u00b6chte. Leider musste ich auf Archiv-Bilder zur\u00c3\u00bcckgreifen, das \u00c3\u00a4rgert mich total. Die einzigen Landschafts-Fotos, die ich in der letzten Zeit gemacht habe, sind Schneebilder. Und allesamt waren sie f\u00c3\u00bcr Colorkey g\u00c3\u00a4nzlich ungeeignet. Und auch wenn Frau Herzlich betont, dass die Fotos nicht an die Jahreszeit gebunden sein m\u00c3\u00bcssen, so stelle ich diesen Anspruch doch an mich selbst. Hier sind nun also meine beiden Bilder &#8211; Archivfotos vom letzten Skiurlaub. Ein wenig in Erinnerungen schwelgen. Hach, wie gerne w\u00c3\u00a4re ich auch in diesem Jahr wieder ein paar Tage die H\u00c3\u00a4nge hinab gefahren und h\u00c3\u00a4tte gem\u00c3\u00bctliche Stunden auf der ein oder anderen Bergh\u00c3\u00bctte verbracht. Aber es soll heuer nicht sein. Beide Fotos sind anklickbar und werden gro\u00c3\u0178 ;) Mir pers\u00c3\u00b6nlich gef\u00c3\u00a4llt das zweite Foto noch ein wenig besser &#8211; Hunde im &hellip;<\/p>\n","protected":false},"author":1,"featured_media":0,"comment_status":"open","ping_status":"open","sticky":false,"template":"","format":"standard","meta":{"_jetpack_newsletter_access":"","_jetpack_dont_email_post_to_subs":false,"_jetpack_newsletter_tier_id":0,"_jetpack_memberships_contains_paywalled_content":false,"_jetpack_memberships_contains_paid_content":false,"footnotes":""},"categories":[2],"tags":[416,957],"class_list":["post-5005","post","type-post","status-publish","format-standard","hentry","category-foto","tag-colorkey","tag-foto"],"jetpack_sharing_enabled":true,"jetpack_shortlink":"https:\/\/wp.me\/pq7aY-1iJ","jetpack_likes_enabled":true,"jetpack-related-posts":[],"jetpack_featured_media_url":"","_links":{"self":[{"href":"https:\/\/terragina.de\/blog\/wp-json\/wp\/v2\/posts\/5005","targetHints":{"allow":["GET"]}}],"collection":[{"href":"https:\/\/terragina.de\/blog\/wp-json\/wp\/v2\/posts"}],"about":[{"href":"https:\/\/terragina.de\/blog\/wp-json\/wp\/v2\/types\/post"}],"author":[{"embeddable":true,"href":"https:\/\/terragina.de\/blog\/wp-json\/wp\/v2\/users\/1"}],"replies":[{"embeddable":true,"href":"https:\/\/terragina.de\/blog\/wp-json\/wp\/v2\/comments?post=5005"}],"version-history":[{"count":0,"href":"https:\/\/terragina.de\/blog\/wp-json\/wp\/v2\/posts\/5005\/revisions"}],"wp:attachment":[{"href":"https:\/\/terragina.de\/blog\/wp-json\/wp\/v2\/media?parent=5005"}],"wp:term":[{"taxonomy":"category","embeddable":true,"href":"https:\/\/terragina.de\/blog\/wp-json\/wp\/v2\/categories?post=5005"},{"taxonomy":"post_tag","embeddable":true,"href":"https:\/\/terragina.de\/blog\/wp-json\/wp\/v2\/tags?post=5005"}],"curies":[{"name":"wp","href":"https:\/\/api.w.org\/{rel}","templated":true}]}}