{"id":5076,"date":"2011-02-01T18:58:17","date_gmt":"2011-02-01T16:58:17","guid":{"rendered":"http:\/\/terragina.de\/blog\/2011\/02\/01\/der-tag-x\/"},"modified":"2011-07-09T09:59:57","modified_gmt":"2011-07-09T07:59:57","slug":"der-tag-x","status":"publish","type":"post","link":"https:\/\/terragina.de\/blog\/2011\/02\/01\/der-tag-x\/","title":{"rendered":"Der Tag X"},"content":{"rendered":"<p>Morgen ist der Tag X, dem ich schon seit mehreren Wochen entgegen fiebere. Und irgendwie ist mir komisch, denn ich wei\u00c3\u0178 nicht wirklich, was mich da morgen erwartet bei der Spezialistin.<\/p>\n<p>Ich kann sicher ein paar gedr\u00c3\u00bcckte Daumen gebrauchen<\/p>\n<ul>\n<li><i>weil ich nicht mehr jeden Tag Ibuprofen nehmen m\u00c3\u00b6chte.<\/i><\/li>\n<li><i>weil ich nicht mehr jeden Tag sooo m\u00c3\u00bcde sein m\u00c3\u00b6chte.<\/i><\/li>\n<li><i>weil ich endlich mal wieder schmerzfrei aufwachen m\u00c3\u00b6chte.<\/i><\/li>\n<li><i>weil ich Angst habe, dass ich evtl. bald starke Medikamente nehmen mu\u00c3\u0178.<\/i><\/li>\n<li><i>weil ich endlich wieder zum Sport m\u00c3\u00b6chte &#8211; und zwar mit Motivation. :blush:<\/i><\/li>\n<li><i>weil ich meine Schuhe wieder anziehen m\u00c3\u00b6chte, ohne komisch zu laufen, weil ich nicht richtig auftreten kann aufgrund von merkw\u00c3\u00bcrdigen Schmerzen.<\/i><\/li>\n<li><i>weil auch diese Knieschmerzen mir immer mal Gesellschaft leisten und ich keine Ahnung habe, wo sie her kommen. Ich habe sie jedenfalls nicht bestellt.<\/i><\/li>\n<li><i>weil es doof ist, dass die Finger morgens immer so dick sind und keine Chance besteht, einen Ring aus- oder anzuziehen.<\/i><\/li>\n<li><i>weil ich nicht mehr so antriebslos sein m\u00c3\u00b6chte.<\/i><\/li>\n<\/ul>\n<p>Gibt es liebe Menschen, die morgen so um 11 Uhr mal an mich denken? Wenn ich Klarheit habe und endlich was passiert, dann kommt sicher auch der Elan und die Motivation wieder zur\u00c3\u00bcck&#8230;. :yes:<\/p>\n","protected":false},"excerpt":{"rendered":"<p>Morgen ist der Tag X, dem ich schon seit mehreren Wochen entgegen fiebere. Und irgendwie ist mir komisch, denn ich wei\u00c3\u0178 nicht wirklich, was mich da morgen erwartet bei der Spezialistin. Ich kann sicher ein paar gedr\u00c3\u00bcckte Daumen gebrauchen weil ich nicht mehr jeden Tag Ibuprofen nehmen m\u00c3\u00b6chte. weil ich nicht mehr jeden Tag sooo m\u00c3\u00bcde sein m\u00c3\u00b6chte. weil ich endlich mal wieder schmerzfrei aufwachen m\u00c3\u00b6chte. weil ich Angst habe, dass ich evtl. bald starke Medikamente nehmen mu\u00c3\u0178. weil ich endlich wieder zum Sport m\u00c3\u00b6chte &#8211; und zwar mit Motivation. :blush: weil ich meine Schuhe wieder anziehen m\u00c3\u00b6chte, ohne komisch zu laufen, weil ich nicht richtig auftreten kann aufgrund von merkw\u00c3\u00bcrdigen Schmerzen. weil auch diese Knieschmerzen mir immer mal Gesellschaft leisten und ich keine Ahnung habe, wo sie her kommen. Ich habe sie jedenfalls nicht bestellt. weil es doof ist, dass die Finger morgens immer so dick sind und keine Chance besteht, einen Ring aus- oder anzuziehen. weil ich nicht mehr so antriebslos sein m\u00c3\u00b6chte. Gibt es liebe Menschen, die morgen so um 11 Uhr &hellip;<\/p>\n","protected":false},"author":1,"featured_media":0,"comment_status":"open","ping_status":"open","sticky":false,"template":"","format":"standard","meta":{"_jetpack_newsletter_access":"","_jetpack_dont_email_post_to_subs":false,"_jetpack_newsletter_tier_id":0,"_jetpack_memberships_contains_paywalled_content":false,"_jetpack_memberships_contains_paid_content":false,"footnotes":""},"categories":[114],"tags":[973],"class_list":["post-5076","post","type-post","status-publish","format-standard","hentry","category-plauderecke","tag-plauderecke"],"jetpack_sharing_enabled":true,"jetpack_shortlink":"https:\/\/wp.me\/pq7aY-1jS","jetpack_likes_enabled":true,"jetpack-related-posts":[],"jetpack_featured_media_url":"","_links":{"self":[{"href":"https:\/\/terragina.de\/blog\/wp-json\/wp\/v2\/posts\/5076","targetHints":{"allow":["GET"]}}],"collection":[{"href":"https:\/\/terragina.de\/blog\/wp-json\/wp\/v2\/posts"}],"about":[{"href":"https:\/\/terragina.de\/blog\/wp-json\/wp\/v2\/types\/post"}],"author":[{"embeddable":true,"href":"https:\/\/terragina.de\/blog\/wp-json\/wp\/v2\/users\/1"}],"replies":[{"embeddable":true,"href":"https:\/\/terragina.de\/blog\/wp-json\/wp\/v2\/comments?post=5076"}],"version-history":[{"count":0,"href":"https:\/\/terragina.de\/blog\/wp-json\/wp\/v2\/posts\/5076\/revisions"}],"wp:attachment":[{"href":"https:\/\/terragina.de\/blog\/wp-json\/wp\/v2\/media?parent=5076"}],"wp:term":[{"taxonomy":"category","embeddable":true,"href":"https:\/\/terragina.de\/blog\/wp-json\/wp\/v2\/categories?post=5076"},{"taxonomy":"post_tag","embeddable":true,"href":"https:\/\/terragina.de\/blog\/wp-json\/wp\/v2\/tags?post=5076"}],"curies":[{"name":"wp","href":"https:\/\/api.w.org\/{rel}","templated":true}]}}