{"id":5079,"date":"2011-02-02T16:08:00","date_gmt":"2011-02-02T14:08:00","guid":{"rendered":"http:\/\/terragina.de\/blog\/2011\/02\/02\/die-diagnose-und-ich\/"},"modified":"2011-07-09T09:59:55","modified_gmt":"2011-07-09T07:59:55","slug":"die-diagnose-und-ich","status":"publish","type":"post","link":"https:\/\/terragina.de\/blog\/2011\/02\/02\/die-diagnose-und-ich\/","title":{"rendered":"Die Diagnose und ich"},"content":{"rendered":"<p style=\"text-align: center;\"><font color=\"#0C2462\"><b>Es ist wie es ist &#8211; aber jetzt passiert was!<\/b><\/font><\/p>\n<div style=\"text-align: center;\">\n  \n<\/div>\n<div style=\"text-align: center;\">\n  <img loading=\"lazy\" decoding=\"async\" src=\"http:\/\/terragina.de\/blog\/wp-content\/uploads\/2011\/02\/ra_ratgeber.jpg\" width=\"580\" height=\"440\" alt=\"ra_ratgeber.jpg\" \/>\n<\/div>\n<p><\/p>\n<p>Seit nunmehr knapp 2 Stunden bin ich wieder daheim und ca. 2 1\/2 Stunden war ich bei der Rheumatologin und beim R\u00c3\u00b6ntgen im angeschlossenen Krankenhaus.<\/p>\n<p>Ich habe ihr meine ganze Geschichte erz\u00c3\u00a4hlt und als erstes stand eine Anamnese und eine gr\u00c3\u00bcndliche Untersuchung auf dem Plan. Dann Ultraschall von jedem einzelnen Gelenk meiner rechten Hand. Quasi als Referenzwert wurden US-Bilder gemacht. Zu sehen waren deutliche Entz\u00c3\u00bcndungen bei vielen Gelenken und dass sich die Knorpel an einigen Gelenken schon vom Knochen abgel\u00c3\u00b6st haben. :( Wie sagte die nette \u00c3\u201erztin so sch\u00c3\u00b6n: \u00e2\u20ac\u017eDa tut sich was im Paradies\u00e2\u20ac\u009d, als sie mit dem Schallkopf meine Finger entlangfuhr. Ihr Blick sprach B\u00c3\u00a4nde. Quasi lehrbuchm\u00c3\u00a4ssig verhalten sich meine Gelenke und alles spricht f\u00c3\u00bcr eine Rheumatoide Arthritis &#8211; ich bin wohl doch selbst mein bester Doktor. :blush:<\/p>\n<p>Erstmal wird jetzt was gegen die Schmerzen getan&#8230;. und auch, dass es auf Cortison hinaus laufen wird, hatte ich mir fast gedacht. Die ersten 20 mg habe ich intus. Weiter geht`s 10 Tage lang morgens mit 20 mg, dazu f\u00c3\u00bcr den Kalkentzug der Knochen darf ich noch Vitamin D und Calcium schlucken. Wenn`s hilft&#8230;. Dann gibt`s 10 Tage 17,5 mg, dann 10 Tage 15 mg und dann 12,5 mg. Mal sehen, ob die Entz\u00c3\u00bcndungen dann erstmal komplett verdr\u00c3\u00a4ngt werden, was nat\u00c3\u00bcrlich das Ziel des Ganzen ist.<\/p>\n<p>Zum Schlu\u00c3\u0178 des wirklich guten Gespr\u00c3\u00a4ches mit der \u00c3\u201erztin stand noch die Blutabnahme von 7(!!) gro\u00c3\u0178en R\u00c3\u00b6hrchen Blut auf dem Zettel und das R\u00c3\u00b6ntgen von Lunge, F\u00c3\u00bcssen und H\u00c3\u00a4nden. H\u00c3\u00a4ufig ist die Krankheit n\u00c3\u00a4mlich auch schon in den F\u00c3\u00bcssen am Werkeln, ohne dass man gro\u00c3\u0178artig etwas davon merkt. Ich allerdings habe schon die Erfahrung gemacht, dass ich ohne Schuhe im Haus Schwierigkeiten beim Auftreten hatte und morgens wie auf Eiern lief. Da war die beste Therapie bislang, meine Croccis anzuziehen.<\/p>\n<p>Nach dem Cortison wird die Basistherapie kommen &#8211; voraussichtlich mit <a href=\"http:\/\/de.wikipedia.org\/wiki\/Methotrexat\" title=\"Was ist Methotrexat?\">Methotrexat<\/a>. Dieses Medikament wird auch in der Onkologie eingesetzt &#8211; allerdings in 50-facher Dosierung. Die \u00c3\u201erztin sagt, ich solle keine Angst davor haben. Das Medikament h\u00c3\u00a4tte ein sehr gutes Risiko-Nutzen-Verh\u00c3\u00a4ltnis bei Rheumatoider Arthritis. Mal sehen, wann ich damit durchstarten mu\u00c3\u0178. Ein wenig schlecht wird mir schon, wenn ich daran denke. :(<\/p>\n<p>Bez\u00c3\u00bcglich meines Fitnesstraining habe ich sie nat\u00c3\u00bcrlich auch gefragt, wie das weiter geht. Sie meint, dass ich warte sollte, bis die Entz\u00c3\u00bcndungen komplett abgeklungen sind. Dann kann ich eigentlich wieder alles machen. Au\u00c3\u0178erdem soll ich damit rechnen, dass die Cortison-Therapie einen auch sehr gerne m\u00c3\u00bcde und abgeschlagen macht. Ich werde also erstmal ein wenig warten.<\/p>\n<p>Soo, das war\u00c2\u00b4s erstmal in Groben &#8211; ich bin jetzt zuversichtlich, dass das Cortison anschl\u00c3\u00a4gt und die Schmerzen zum Ende der Woche verschwinden.<\/p>\n<p>Am Dienstag in zwei Wochen, also am 15. Februar, habe ich dann meinen n\u00c3\u00a4chsten Termin bei der Frau Doktor (sie wird wohl meine neue Haus- und Hof\u00c3\u00a4rztin werden, wie ich die Sache so sehe&#8230;). Dann sehen wir weiter, denn dann liegen ihr auch die Blutergebnisse und die R\u00c3\u00b6ntgenaufnahmen vor und wir k\u00c3\u00b6nnen alles Weitere besprechen.<\/p>\n<p>\u00c3\u0153brigens: Es h\u00c3\u00a4tte keinen Sinn gemacht, wenn ich die Spezialistin fr\u00c3\u00bcher aufgesucht h\u00c3\u00a4tte. Die Begr\u00c3\u00bcndung: Man\/Frau kann ja auch akute entz\u00c3\u00bcndliche Prozesse anderer Ursache in den Gelenken haben. Klingt plausibel. :yes: Erst nach mindestens 6 Wochen spricht der Fachmann bzw. die Fachfrau von einer dauerhaften Entz\u00c3\u00bcndung &#8211; bei mir sind es jetzt 7 Wochen.<\/p>\n<p>Und noch etwas Positives zum Schlu\u00c3\u0178: Wir sind sehr gut im Zeitplan, sprach die \u00c3\u201erztin, denn die Behandlung sollte f\u00c3\u00bcr einen guten Erfolg in den ersten 3 Monaten nach Ausbruch beginnen. Wenigstens etwas&#8230; ;) Denn so ist die Wahrscheinlichkeit am gr\u00c3\u00b6\u00c3\u0178ten, dass die Therapie dauerhaft anschl\u00c3\u00a4gt und von Erfolg gekr\u00c3\u00b6nt wird, vielleicht sogar f\u00c3\u00bcr Jahre?<\/p>\n<p>Und jetzt werde ich mir mal die Brosch\u00c3\u00bcre schnappen, die sie mir mitgegeben hat und bedanke mich bei Euch \u00e2\u2122\u00a5lich f\u00c3\u00bcrs Lesen. :hearts:<\/p>\n","protected":false},"excerpt":{"rendered":"<p>Es ist wie es ist &#8211; aber jetzt passiert was! Seit nunmehr knapp 2 Stunden bin ich wieder daheim und ca. 2 1\/2 Stunden war ich bei der Rheumatologin und beim R\u00c3\u00b6ntgen im angeschlossenen Krankenhaus. Ich habe ihr meine ganze Geschichte erz\u00c3\u00a4hlt und als erstes stand eine Anamnese und eine gr\u00c3\u00bcndliche Untersuchung auf dem Plan. Dann Ultraschall von jedem einzelnen Gelenk meiner rechten Hand. Quasi als Referenzwert wurden US-Bilder gemacht. Zu sehen waren deutliche Entz\u00c3\u00bcndungen bei vielen Gelenken und dass sich die Knorpel an einigen Gelenken schon vom Knochen abgel\u00c3\u00b6st haben. :( Wie sagte die nette \u00c3\u201erztin so sch\u00c3\u00b6n: \u00e2\u20ac\u017eDa tut sich was im Paradies\u00e2\u20ac\u009d, als sie mit dem Schallkopf meine Finger entlangfuhr. Ihr Blick sprach B\u00c3\u00a4nde. Quasi lehrbuchm\u00c3\u00a4ssig verhalten sich meine Gelenke und alles spricht f\u00c3\u00bcr eine Rheumatoide Arthritis &#8211; ich bin wohl doch selbst mein bester Doktor. :blush: Erstmal wird jetzt was gegen die Schmerzen getan&#8230;. und auch, dass es auf Cortison hinaus laufen wird, hatte ich mir fast gedacht. Die ersten 20 mg habe ich intus. Weiter geht`s 10 Tage lang morgens &hellip;<\/p>\n","protected":false},"author":1,"featured_media":0,"comment_status":"open","ping_status":"open","sticky":false,"template":"","format":"standard","meta":{"_jetpack_newsletter_access":"","_jetpack_dont_email_post_to_subs":false,"_jetpack_newsletter_tier_id":0,"_jetpack_memberships_contains_paywalled_content":false,"_jetpack_memberships_contains_paid_content":false,"footnotes":""},"categories":[114],"tags":[417],"class_list":["post-5079","post","type-post","status-publish","format-standard","hentry","category-plauderecke","tag-rheuma"],"jetpack_sharing_enabled":true,"jetpack_shortlink":"https:\/\/wp.me\/pq7aY-1jV","jetpack_likes_enabled":true,"jetpack-related-posts":[],"jetpack_featured_media_url":"","_links":{"self":[{"href":"https:\/\/terragina.de\/blog\/wp-json\/wp\/v2\/posts\/5079","targetHints":{"allow":["GET"]}}],"collection":[{"href":"https:\/\/terragina.de\/blog\/wp-json\/wp\/v2\/posts"}],"about":[{"href":"https:\/\/terragina.de\/blog\/wp-json\/wp\/v2\/types\/post"}],"author":[{"embeddable":true,"href":"https:\/\/terragina.de\/blog\/wp-json\/wp\/v2\/users\/1"}],"replies":[{"embeddable":true,"href":"https:\/\/terragina.de\/blog\/wp-json\/wp\/v2\/comments?post=5079"}],"version-history":[{"count":0,"href":"https:\/\/terragina.de\/blog\/wp-json\/wp\/v2\/posts\/5079\/revisions"}],"wp:attachment":[{"href":"https:\/\/terragina.de\/blog\/wp-json\/wp\/v2\/media?parent=5079"}],"wp:term":[{"taxonomy":"category","embeddable":true,"href":"https:\/\/terragina.de\/blog\/wp-json\/wp\/v2\/categories?post=5079"},{"taxonomy":"post_tag","embeddable":true,"href":"https:\/\/terragina.de\/blog\/wp-json\/wp\/v2\/tags?post=5079"}],"curies":[{"name":"wp","href":"https:\/\/api.w.org\/{rel}","templated":true}]}}