{"id":5106,"date":"2011-02-09T17:03:53","date_gmt":"2011-02-09T15:03:53","guid":{"rendered":"http:\/\/terragina.de\/blog\/2011\/02\/09\/naeher-und-naeher\/"},"modified":"2011-07-09T09:59:41","modified_gmt":"2011-07-09T07:59:41","slug":"naeher-und-naeher","status":"publish","type":"post","link":"https:\/\/terragina.de\/blog\/2011\/02\/09\/naeher-und-naeher\/","title":{"rendered":"N\u00c3\u00a4her und n\u00c3\u00a4her"},"content":{"rendered":"<p>&#8230; r\u00c3\u00bcckt er &#8211; der Tag, an dem der K\u00c3\u00a4se kommt.<\/p>\n<div style=\"text-align: center;\">\n  <img loading=\"lazy\" decoding=\"async\" src=\"http:\/\/terragina.de\/blog\/wp-content\/uploads\/2011\/02\/countdown_3.jpg\" width=\"250\" height=\"250\" alt=\"countdown_3.jpg\" \/>\n<\/div>\n<p><\/p>\n<p>Ich fasse noch einmal zusammen <i>(wobei &#8211; viel gibt es da ja noch nicht zusammen zu fassen)<\/i>:<\/p>\n<ul>\n<li><font color=\"#102CC7\">es handelt sich um keinen franz\u00c3\u00b6sischen Ziegenk\u00c3\u00a4se.<\/font><\/li>\n<li><font color=\"#102CC7\">Ich kann nicht ab Samstag K\u00c3\u00a4sesorten fotografieren bis zum Umfallen und ich m\u00c3\u00b6chte auch nicht mit ihm auf Reisen gehen.<\/font><\/li>\n<li><font color=\"#102CC7\">Ich habe leider keine Bloggerfreunde in den Niederlanden und auch nicht in Bella Italia (aber was nicht ist, kann ja noch werden?!)<\/font><\/li>\n<li><font color=\"#102CC7\">Mir ist keine \u00e2\u20ac\u017eCheese-5\u00e2\u20ac\u009d-Band bekannt. Also, wer noch einen neuen Band-Namen sucht &#8211; finde ich gar nicht schlecht. ;)<\/font><\/li>\n<li><font color=\"#102CC7\">Der K\u00c3\u00a4se ist blau-wei\u00c3\u0178, es ist aber weder ein Bavaria Blue noch ein Gorgonzola. Auch kein Bleu De Bresse oder Roquefort. Ob er stinkt, kann ich noch nicht beurteilen, aber ich glaube eher nicht, bzw. hoffe ich das. Ich stehe n\u00c3\u00a4mlich nicht so auf Stinke-K\u00c3\u00a4se.<\/font><\/li>\n<li><font color=\"#102CC7\">Ich habe wieder etwas \u00c3\u00bcber A. Schuhbeck dazu gelernt.<\/font><\/li>\n<\/ul>\n<p><\/p>\n<p>Ok &#8211; so viel zu Euren Vorschl\u00c3\u00a4gen. :-p<\/p>\n<p>Heute habe ich mir noch ein paar weitere Gedanken gemacht, wie ich die Spannung noch ein wenig steigern kann, ohne Eure Geduld zu sehr zu strapazieren. Ihr sagt es mir schon, wenn ich Euch auf den <s>K\u00c3\u00a4se<\/s> Keks gehe, ja?!<\/p>\n<p><\/p>\n<p>Hier kommt also ein weiterer kleiner Tipp bzw. wohl eher ein kleiner Denkanstoss:<\/p>\n<p><font color=\"#A05889\">Der K\u00c3\u00a4se wird nicht in den kleinsten Stadtteil Frankfurts getragen, sondern doch eher gerollt. Also er ist quasi motorisiert &#8211; tempor\u00c3\u00a4r! ;) Und er mu\u00c3\u0178, gut gepolstert, eine etwas l\u00c3\u00a4ngere Fahrt auf sich nehmen und kommt aus s\u00c3\u00bcd-\u00c3\u00b6stlicher Richtung.<\/font><\/p>\n<p><font color=\"#B7659D\"><\/font><font color=\"#A05889\">Familie Terragina war auch schon mal in der Gegend, wo der K\u00c3\u00a4se her kommt, ist aber schon ein Weilchen her. Mit seinem unbeschadeten Eintreffen in unserer bescheidenen H\u00c3\u00bctte rechnen wir um die fr\u00c3\u00bche Mittagszeit, wir bewegen uns also \u00e2\u20ac\u017einnerl\u00c3\u00a4ndisch\u00e2\u20ac\u009d.<\/font> :)<\/p>\n<p><\/p>\n","protected":false},"excerpt":{"rendered":"<p>&#8230; r\u00c3\u00bcckt er &#8211; der Tag, an dem der K\u00c3\u00a4se kommt. Ich fasse noch einmal zusammen (wobei &#8211; viel gibt es da ja noch nicht zusammen zu fassen): es handelt sich um keinen franz\u00c3\u00b6sischen Ziegenk\u00c3\u00a4se. Ich kann nicht ab Samstag K\u00c3\u00a4sesorten fotografieren bis zum Umfallen und ich m\u00c3\u00b6chte auch nicht mit ihm auf Reisen gehen. Ich habe leider keine Bloggerfreunde in den Niederlanden und auch nicht in Bella Italia (aber was nicht ist, kann ja noch werden?!) Mir ist keine \u00e2\u20ac\u017eCheese-5\u00e2\u20ac\u009d-Band bekannt. Also, wer noch einen neuen Band-Namen sucht &#8211; finde ich gar nicht schlecht. ;) Der K\u00c3\u00a4se ist blau-wei\u00c3\u0178, es ist aber weder ein Bavaria Blue noch ein Gorgonzola. Auch kein Bleu De Bresse oder Roquefort. Ob er stinkt, kann ich noch nicht beurteilen, aber ich glaube eher nicht, bzw. hoffe ich das. Ich stehe n\u00c3\u00a4mlich nicht so auf Stinke-K\u00c3\u00a4se. Ich habe wieder etwas \u00c3\u00bcber A. Schuhbeck dazu gelernt. Ok &#8211; so viel zu Euren Vorschl\u00c3\u00a4gen. :-p Heute habe ich mir noch ein paar weitere Gedanken gemacht, wie ich die Spannung noch ein wenig &hellip;<\/p>\n","protected":false},"author":1,"featured_media":0,"comment_status":"open","ping_status":"open","sticky":false,"template":"","format":"standard","meta":{"_jetpack_newsletter_access":"","_jetpack_dont_email_post_to_subs":false,"_jetpack_newsletter_tier_id":0,"_jetpack_memberships_contains_paywalled_content":false,"_jetpack_memberships_contains_paid_content":false,"footnotes":""},"categories":[114],"tags":[973],"class_list":["post-5106","post","type-post","status-publish","format-standard","hentry","category-plauderecke","tag-plauderecke"],"jetpack_sharing_enabled":true,"jetpack_shortlink":"https:\/\/wp.me\/pq7aY-1km","jetpack_likes_enabled":true,"jetpack-related-posts":[],"jetpack_featured_media_url":"","_links":{"self":[{"href":"https:\/\/terragina.de\/blog\/wp-json\/wp\/v2\/posts\/5106","targetHints":{"allow":["GET"]}}],"collection":[{"href":"https:\/\/terragina.de\/blog\/wp-json\/wp\/v2\/posts"}],"about":[{"href":"https:\/\/terragina.de\/blog\/wp-json\/wp\/v2\/types\/post"}],"author":[{"embeddable":true,"href":"https:\/\/terragina.de\/blog\/wp-json\/wp\/v2\/users\/1"}],"replies":[{"embeddable":true,"href":"https:\/\/terragina.de\/blog\/wp-json\/wp\/v2\/comments?post=5106"}],"version-history":[{"count":0,"href":"https:\/\/terragina.de\/blog\/wp-json\/wp\/v2\/posts\/5106\/revisions"}],"wp:attachment":[{"href":"https:\/\/terragina.de\/blog\/wp-json\/wp\/v2\/media?parent=5106"}],"wp:term":[{"taxonomy":"category","embeddable":true,"href":"https:\/\/terragina.de\/blog\/wp-json\/wp\/v2\/categories?post=5106"},{"taxonomy":"post_tag","embeddable":true,"href":"https:\/\/terragina.de\/blog\/wp-json\/wp\/v2\/tags?post=5106"}],"curies":[{"name":"wp","href":"https:\/\/api.w.org\/{rel}","templated":true}]}}