{"id":5319,"date":"2011-02-26T12:26:49","date_gmt":"2011-02-26T10:26:49","guid":{"rendered":"http:\/\/terragina.de\/blog\/2011\/02\/26\/fruhstucks-ausflug\/"},"modified":"2011-07-09T09:58:56","modified_gmt":"2011-07-09T07:58:56","slug":"fruhstucks-ausflug","status":"publish","type":"post","link":"https:\/\/terragina.de\/blog\/2011\/02\/26\/fruhstucks-ausflug\/","title":{"rendered":"Fr\u00c3\u00bchst\u00c3\u00bccks-Ausflug"},"content":{"rendered":"<p>Selten gehen der Hobbykoch und ich aus. Und wenn &#8211; dann ist es was ganz Besonderes. Die ganze Woche habe ich mich schon auf den heutigen Vormittag gefreut, denn wir wollten &#8211; mal nur zu zweit &#8211; ins h\u00c3\u00bcbsche \u00e2\u20ac\u017e<a href=\"http:\/\/www.lamaisondupain.de\/\" title=\"Fr\u00c3\u00bchst\u00c3\u00bcck auf franz\u00c3\u00b6sische Art\">La Maison Du Pain<\/a>\u00e2\u20ac\u009d gehen.<\/p>\n<p>Die Sonne schien bei frischen 2\u00c2\u00b0C, die Dusche war sehr erfrischend und dann konnte es auch schon los gehen. Irgendwie habe ich es vers\u00c3\u00a4umt, ein Foto von aussen zu machen &#8211; ist jetzt leider nicht zu \u00c3\u00a4ndern. :(<\/p>\n<p>Voll war\u00c2\u00b4s im Caf\u00c3\u00a9 selber und ich war froh, mal ein Foto (fast) ohne Menschen knipsen zu k\u00c3\u00b6nnen. Irgendwie komme ich mir ja schon immer ein wenig doof vor, wenn ich immer alles fotografieren muss. Aber hier geht es schlie\u00c3\u0178lich um meine Erinnerungen! :yes:<\/p>\n<p>Wer also mal in Frankfurt ist und gern fr\u00c3\u00bchst\u00c3\u00bcckt und dazu noch ein paar Euronen zu viel im Portemonnaie hat &#8211; der\/die sollte dem La Maison Du Pain einen Besuch abstatten. Ich zeige Euch einfach mal drei Bilder&#8230;.<\/p>\n<div style=\"text-align: center;\">\n  <img loading=\"lazy\" decoding=\"async\" src=\"http:\/\/terragina.de\/blog\/wp-content\/uploads\/2011\/02\/la_maison_du_pain_01.jpg\" width=\"435\" height=\"580\" alt=\"la_maison_du_pain_01.jpg\" \/>\n<\/div>\n<p>Schon sehr schnuckelig, oder? Und der Caf\u00c3\u00a9 Au Lait ist sooo lecker.<\/p>\n<div style=\"text-align: center;\">\n  <img loading=\"lazy\" decoding=\"async\" src=\"http:\/\/terragina.de\/blog\/wp-content\/uploads\/2011\/02\/la_maison_du_pain_02.jpg\" width=\"435\" height=\"580\" alt=\"la_maison_du_pain_02.jpg\" \/>\n<\/div>\n<p>Serviert wird er in den typischen Caf\u00c3\u00a9 Au Lait-Schalen &#8211; das hat richtig Stil! Dazu gab es f\u00c3\u00bcr mich ein Pain Au Chocolat (ein Schokoladenbr\u00c3\u00b6tchen) und einen Bio-Joghurt mit Bio-M\u00c3\u00bcsli und Honig. Kategorie: Extra-Lecker!<\/p>\n<div style=\"text-align: center;\">\n  <img loading=\"lazy\" decoding=\"async\" src=\"http:\/\/terragina.de\/blog\/wp-content\/uploads\/2011\/02\/la_maison_du_pain_03.jpg\" width=\"435\" height=\"580\" alt=\"la_maison_du_pain_03.jpg\" \/>\n<\/div>\n<p>Hier noch ein Blick auf das \u00e2\u20ac\u017eAux Champs\u00e2\u20ac\u009d vom Hobbykoch. Eine Vielfalt an Brotsorten, Wurst, K\u00c3\u00a4se und auch Konfit\u00c3\u00bcre. Letztere fand sofort den Weg in meine Handtasche &#8211; haben wir ja schlie\u00c3\u0178lich teuer bezahlt. :blush: <i>Und mein Hobbykoch ist bekanntermassen kein \u00e2\u20ac\u017eS\u00c3\u00bc\u00c3\u0178er\u00e2\u20ac\u009d.<\/i> :<\/p>\n<p>Er hat nicht alles geschafft. Und er sagte, auch dieses Fr\u00c3\u00bchst\u00c3\u00bcck war extrem lecker. Jetzt sind wir erstmal satt bis heute abend, wenn`s in die hiesige neu-er\u00c3\u00b6ffnete Dorfkneipe geht!<\/p>\n","protected":false},"excerpt":{"rendered":"<p>Selten gehen der Hobbykoch und ich aus. Und wenn &#8211; dann ist es was ganz Besonderes. Die ganze Woche habe ich mich schon auf den heutigen Vormittag gefreut, denn wir wollten &#8211; mal nur zu zweit &#8211; ins h\u00c3\u00bcbsche \u00e2\u20ac\u017eLa Maison Du Pain\u00e2\u20ac\u009d gehen. Die Sonne schien bei frischen 2\u00c2\u00b0C, die Dusche war sehr erfrischend und dann konnte es auch schon los gehen. Irgendwie habe ich es vers\u00c3\u00a4umt, ein Foto von aussen zu machen &#8211; ist jetzt leider nicht zu \u00c3\u00a4ndern. :( Voll war\u00c2\u00b4s im Caf\u00c3\u00a9 selber und ich war froh, mal ein Foto (fast) ohne Menschen knipsen zu k\u00c3\u00b6nnen. Irgendwie komme ich mir ja schon immer ein wenig doof vor, wenn ich immer alles fotografieren muss. Aber hier geht es schlie\u00c3\u0178lich um meine Erinnerungen! :yes: Wer also mal in Frankfurt ist und gern fr\u00c3\u00bchst\u00c3\u00bcckt und dazu noch ein paar Euronen zu viel im Portemonnaie hat &#8211; der\/die sollte dem La Maison Du Pain einen Besuch abstatten. Ich zeige Euch einfach mal drei Bilder&#8230;. Schon sehr schnuckelig, oder? Und der Caf\u00c3\u00a9 Au Lait ist sooo &hellip;<\/p>\n","protected":false},"author":1,"featured_media":0,"comment_status":"open","ping_status":"open","sticky":false,"template":"","format":"standard","meta":{"_jetpack_newsletter_access":"","_jetpack_dont_email_post_to_subs":false,"_jetpack_newsletter_tier_id":0,"_jetpack_memberships_contains_paywalled_content":false,"_jetpack_memberships_contains_paid_content":false,"footnotes":""},"categories":[200],"tags":[419],"class_list":["post-5319","post","type-post","status-publish","format-standard","hentry","category-backstube","tag-unterwegs"],"jetpack_sharing_enabled":true,"jetpack_shortlink":"https:\/\/wp.me\/pq7aY-1nN","jetpack_likes_enabled":true,"jetpack-related-posts":[],"jetpack_featured_media_url":"","_links":{"self":[{"href":"https:\/\/terragina.de\/blog\/wp-json\/wp\/v2\/posts\/5319","targetHints":{"allow":["GET"]}}],"collection":[{"href":"https:\/\/terragina.de\/blog\/wp-json\/wp\/v2\/posts"}],"about":[{"href":"https:\/\/terragina.de\/blog\/wp-json\/wp\/v2\/types\/post"}],"author":[{"embeddable":true,"href":"https:\/\/terragina.de\/blog\/wp-json\/wp\/v2\/users\/1"}],"replies":[{"embeddable":true,"href":"https:\/\/terragina.de\/blog\/wp-json\/wp\/v2\/comments?post=5319"}],"version-history":[{"count":0,"href":"https:\/\/terragina.de\/blog\/wp-json\/wp\/v2\/posts\/5319\/revisions"}],"wp:attachment":[{"href":"https:\/\/terragina.de\/blog\/wp-json\/wp\/v2\/media?parent=5319"}],"wp:term":[{"taxonomy":"category","embeddable":true,"href":"https:\/\/terragina.de\/blog\/wp-json\/wp\/v2\/categories?post=5319"},{"taxonomy":"post_tag","embeddable":true,"href":"https:\/\/terragina.de\/blog\/wp-json\/wp\/v2\/tags?post=5319"}],"curies":[{"name":"wp","href":"https:\/\/api.w.org\/{rel}","templated":true}]}}