{"id":5340,"date":"2011-02-28T15:07:10","date_gmt":"2011-02-28T13:07:10","guid":{"rendered":"http:\/\/terragina.de\/blog\/2011\/02\/28\/ein-bisschen-fruhling\/"},"modified":"2011-07-09T09:58:52","modified_gmt":"2011-07-09T07:58:52","slug":"ein-bisschen-fruhling","status":"publish","type":"post","link":"https:\/\/terragina.de\/blog\/2011\/02\/28\/ein-bisschen-fruhling\/","title":{"rendered":"Ein bisschen Fr\u00c3\u00bchling"},"content":{"rendered":"<p><img loading=\"lazy\" decoding=\"async\" src=\"http:\/\/terragina.de\/blog\/wp-content\/uploads\/2011\/02\/aktionfruehling01.gif\" width=\"120\" height=\"105\" alt=\"aktionfruehling01.gif\" style=\"float:left; margin-right:10px; margin-bottom:10px;\" \/><\/p>\n<p>Es ist wieder soweit: Die liebe Katinka hat ihre sch\u00c3\u00b6ne <a href=\"http:\/\/www.kurzbemerkt.de\/kommentare\/wir-locken-den-fruehling....380\/\" title=\"Katinka lockt gemeinsam mit uns den Fr\u00c3\u00bchling\">\u00e2\u20ac\u017eWir locken den Fr\u00c3\u00bchling\u00e2\u20ac\u009d-Aktion<\/a> wiederbelebt und in diesem Jahr m\u00c3\u00b6chte ich auch dabei sein.<\/p>\n<p>Es gibt schon einiges zu entdecken, wenn man mit offenen Augen durch die Natur spaziert. An vielen Ecken sind schon die ersten Fr\u00c3\u00bchlingsboten zu sehen.<\/p>\n<p>Ich geniesse es, nicht nur die Fellnasen wieder in den Freigang auf die Terrasse zu lassen, sondern auch, mich selber ein wenig raus zu setzen und Sonne zu tanken. Dabei denke ich noch nicht so gerne daran, was noch an Arbeit in den n\u00c3\u00a4chsten Wochen auf uns zu kommt. Der Garten sieht verheerend aus. .blush1: Es mu\u00c3\u0178 viel geschnitten werden, teilweise m\u00c3\u00b6chten wir gerne Stauden versetzen und dann unser eigenes Projekt starten. \u00e2\u20ac\u017eDer Fellnasen-Freigang soll gr\u00c3\u00b6\u00c3\u0178er werden\u00e2\u20ac\u009d steht f\u00c3\u00bcr Fr\u00c3\u00bchjahr 2011 auf der To-Do-Liste. Wohl mehr f\u00c3\u00bcr den Hobbykoch als f\u00c3\u00bcr mich, aber die Planung machen wir bestimmt gemeinsam.<\/p>\n<p style=\"text-align: center;\">Nun aber meine ersten Fr\u00c3\u00bchlingsboten aus unserem Garten f\u00c3\u00bcr Euch:<\/p>\n<div style=\"text-align: center;\">\n  \n<\/div>\n<div style=\"text-align: center;\">\n  <img loading=\"lazy\" decoding=\"async\" src=\"http:\/\/terragina.de\/blog\/wp-content\/uploads\/2011\/02\/fruehlingsboten_02.jpg\" width=\"580\" height=\"435\" alt=\"fruehlingsboten_02.jpg\" \/> <img loading=\"lazy\" decoding=\"async\" src=\"http:\/\/terragina.de\/blog\/wp-content\/uploads\/2011\/02\/fruehlingsboten_01.jpg\" width=\"580\" height=\"435\" alt=\"fruehlingsboten_01.jpg\" \/>\n<\/div>\n<div style=\"text-align: center;\">\n  \n<\/div>\n<div style=\"text-align: center;\">\n  <img loading=\"lazy\" decoding=\"async\" src=\"http:\/\/terragina.de\/blog\/wp-content\/uploads\/2011\/02\/fruehlingsboten_03.jpg\" width=\"580\" height=\"435\" alt=\"fruehlingsboten_03.jpg\" \/>\n<\/div>\n<p>Von Krokussen ist noch nichts zu sehen. Aber hier und da gucken gr\u00c3\u00bcne, verheissungsvolle Spitzen aus der Erde. :dance:<\/p>\n<p><\/p>\n<p style=\"text-align: center;\">~~~~~~~~~~~~~~~~~~~~~~~~~~~<\/p>\n<p><\/p>\n<p>Auch die Miezen scheinen die Sonne zu geniessen. Beverly hat den Freigang leider verschlafen &#8211; oben in ihrem Kuschelkissen auf dem Regal im B\u00c3\u00bcro. Oder auch nicht&#8230; sie hat sich heimlich raus geschlichen, ohne dass ich es gemerkt habe.<\/p>\n<p>F\u00c3\u00bcr unser K\u00c3\u00a4sew\u00c3\u00bcrfelchen war es heute das dritte Mal, dass er raus durfte. Es scheint ihm zu gefallen, aber ist auch noch ein wenig unheimlich. :catlove:<\/p>\n<div style=\"text-align: center;\">\n  <img loading=\"lazy\" decoding=\"async\" src=\"http:\/\/terragina.de\/blog\/wp-content\/uploads\/2011\/02\/nala_20110128_01.jpg\" width=\"580\" height=\"435\" alt=\"nala_20110128_01.jpg\" \/>\n<\/div>\n<div style=\"text-align: center;\">\n  \n<\/div>\n<div style=\"text-align: center;\">\n  <img loading=\"lazy\" decoding=\"async\" src=\"http:\/\/terragina.de\/blog\/wp-content\/uploads\/2011\/02\/padano_20110128_01.jpg\" width=\"580\" height=\"435\" alt=\"padano_20110128_01.jpg\" \/>\n<\/div>\n<div style=\"text-align: center;\">\n  \n<\/div>\n<div style=\"text-align: center;\">\n  <img loading=\"lazy\" decoding=\"async\" src=\"http:\/\/terragina.de\/blog\/wp-content\/uploads\/2011\/02\/padano_nala_20110128_01.jpg\" width=\"580\" height=\"435\" alt=\"padano_nala_20110128_01.jpg\" \/>\n<\/div>\n<p>Hach sch\u00c3\u00b6n&#8230; und ich w\u00c3\u00bcnsche all meinen lieben Leserinnen und Lesern, dass die Wetterfee Euch genau so ein sch\u00c3\u00b6nes fr\u00c3\u00bchlingshaftes Wetter schickt, wie wir es heute haben!<\/p>\n<div style=\"text-align: center;\">\n  <img loading=\"lazy\" decoding=\"async\" src=\"http:\/\/terragina.de\/blog\/wp-content\/uploads\/2011\/02\/die_sonne_scheint_instagram.jpg\" width=\"520\" height=\"520\" alt=\"die_sonne_scheint_instagram.jpg\" \/>\n<\/div>\n<div style=\"text-align: center;\">\n  \n<\/div>\n","protected":false},"excerpt":{"rendered":"<p>Es ist wieder soweit: Die liebe Katinka hat ihre sch\u00c3\u00b6ne \u00e2\u20ac\u017eWir locken den Fr\u00c3\u00bchling\u00e2\u20ac\u009d-Aktion wiederbelebt und in diesem Jahr m\u00c3\u00b6chte ich auch dabei sein. Es gibt schon einiges zu entdecken, wenn man mit offenen Augen durch die Natur spaziert. An vielen Ecken sind schon die ersten Fr\u00c3\u00bchlingsboten zu sehen. Ich geniesse es, nicht nur die Fellnasen wieder in den Freigang auf die Terrasse zu lassen, sondern auch, mich selber ein wenig raus zu setzen und Sonne zu tanken. Dabei denke ich noch nicht so gerne daran, was noch an Arbeit in den n\u00c3\u00a4chsten Wochen auf uns zu kommt. Der Garten sieht verheerend aus. .blush1: Es mu\u00c3\u0178 viel geschnitten werden, teilweise m\u00c3\u00b6chten wir gerne Stauden versetzen und dann unser eigenes Projekt starten. \u00e2\u20ac\u017eDer Fellnasen-Freigang soll gr\u00c3\u00b6\u00c3\u0178er werden\u00e2\u20ac\u009d steht f\u00c3\u00bcr Fr\u00c3\u00bchjahr 2011 auf der To-Do-Liste. Wohl mehr f\u00c3\u00bcr den Hobbykoch als f\u00c3\u00bcr mich, aber die Planung machen wir bestimmt gemeinsam. Nun aber meine ersten Fr\u00c3\u00bchlingsboten aus unserem Garten f\u00c3\u00bcr Euch: Von Krokussen ist noch nichts zu sehen. Aber hier und da gucken gr\u00c3\u00bcne, verheissungsvolle Spitzen aus der &hellip;<\/p>\n","protected":false},"author":1,"featured_media":0,"comment_status":"open","ping_status":"open","sticky":false,"template":"","format":"standard","meta":{"_jetpack_newsletter_access":"","_jetpack_dont_email_post_to_subs":false,"_jetpack_newsletter_tier_id":0,"_jetpack_memberships_contains_paywalled_content":false,"_jetpack_memberships_contains_paid_content":false,"footnotes":""},"categories":[2],"tags":[25,957,30,69,353,78,418,226],"class_list":["post-5340","post","type-post","status-publish","format-standard","hentry","category-foto","tag-cats","tag-foto","tag-maine-coon","tag-makro","tag-nala","tag-natur","tag-padano","tag-pflanzen"],"jetpack_sharing_enabled":true,"jetpack_shortlink":"https:\/\/wp.me\/pq7aY-1o8","jetpack_likes_enabled":true,"jetpack-related-posts":[],"jetpack_featured_media_url":"","_links":{"self":[{"href":"https:\/\/terragina.de\/blog\/wp-json\/wp\/v2\/posts\/5340","targetHints":{"allow":["GET"]}}],"collection":[{"href":"https:\/\/terragina.de\/blog\/wp-json\/wp\/v2\/posts"}],"about":[{"href":"https:\/\/terragina.de\/blog\/wp-json\/wp\/v2\/types\/post"}],"author":[{"embeddable":true,"href":"https:\/\/terragina.de\/blog\/wp-json\/wp\/v2\/users\/1"}],"replies":[{"embeddable":true,"href":"https:\/\/terragina.de\/blog\/wp-json\/wp\/v2\/comments?post=5340"}],"version-history":[{"count":0,"href":"https:\/\/terragina.de\/blog\/wp-json\/wp\/v2\/posts\/5340\/revisions"}],"wp:attachment":[{"href":"https:\/\/terragina.de\/blog\/wp-json\/wp\/v2\/media?parent=5340"}],"wp:term":[{"taxonomy":"category","embeddable":true,"href":"https:\/\/terragina.de\/blog\/wp-json\/wp\/v2\/categories?post=5340"},{"taxonomy":"post_tag","embeddable":true,"href":"https:\/\/terragina.de\/blog\/wp-json\/wp\/v2\/tags?post=5340"}],"curies":[{"name":"wp","href":"https:\/\/api.w.org\/{rel}","templated":true}]}}