{"id":5446,"date":"2011-03-12T21:38:24","date_gmt":"2011-03-12T19:38:24","guid":{"rendered":"http:\/\/terragina.de\/blog\/2011\/03\/12\/ein-tag-im-garten\/"},"modified":"2011-07-09T09:58:24","modified_gmt":"2011-07-09T07:58:24","slug":"ein-tag-im-garten","status":"publish","type":"post","link":"https:\/\/terragina.de\/blog\/2011\/03\/12\/ein-tag-im-garten\/","title":{"rendered":"Ein Tag im Garten"},"content":{"rendered":"<p>War das heute ein gigantisches Wetter? :dance: Spitzen-Temperaturen von 17\u00c2\u00b0C &#8211; in der Sonne hat das Thermometer am Nachmittag sogar 26\u00c2\u00b0C angezeigt. Grund genug f\u00c3\u00bcr uns, endlich mal den Garten in Angriff zu nehmen.<\/p>\n<p>Da wurden Str\u00c3\u00a4ucher zur\u00c3\u00bcckgeschnitten, Laub gerecht, so manche Staude entfernt und s\u00c3\u00a4ckeweise Gr\u00c3\u00bcnschnitt zur Seite gestellt, der jetzt auf den Abtransport zur Sammelstelle wartet. Nun kann ich wieder raus schauen, ohne Gruselanf\u00c3\u00a4lle zu bekommen. :blush: Morgen noch den Rindenmulch &#8211; zumindest teilweise &#8211; verteilen und bald mal der G\u00c3\u00a4rtnerei unseres Vertrauens einen Besuch abstatten, um ein paar Fr\u00c3\u00bchbl\u00c3\u00bcher zu kaufen.<\/p>\n<p>Es war so sch\u00c3\u00b6n!<\/p>\n<p>Das Coonie-Trio sa\u00c3\u0178 auch den gr\u00c3\u00b6\u00c3\u0178ten Teil des Tages im Freigang und hat uns beim Arbeiten neugierig zugeschaut &#8211; bis der Hobbykoch sich entschloss, das Katzenkino abzubauen. Und bevor dieses zum \u00e2\u20ac\u017e\u00c3\u0153bersommern\u00e2\u20ac\u009d in den Keller getragen wurde, musste es nat\u00c3\u00bcrlich nochmal eindringlich inspiziert werden:<\/p>\n<div style=\"text-align: center;\">\n  <img loading=\"lazy\" decoding=\"async\" src=\"http:\/\/terragina.de\/blog\/wp-content\/uploads\/2011\/03\/nala_padano_20110312_01.jpg\" width=\"580\" height=\"435\" alt=\"nala_padano_20110312_01.jpg\" \/>\n<\/div>\n<div style=\"text-align: center;\">\n  \n<\/div>\n<div style=\"text-align: center;\">\n  <img loading=\"lazy\" decoding=\"async\" src=\"http:\/\/terragina.de\/blog\/wp-content\/uploads\/2011\/03\/nala_padano_20110312_02.jpg\" width=\"580\" height=\"435\" alt=\"nala_padano_20110312_02.jpg\" \/>\n<\/div>\n<p><\/p>\n<p>Ein Bild f\u00c3\u00bcr die G\u00c3\u00b6tter &#8211; wir mussten wirklich alle lachen, wie wir das gesehen haben und lie\u00c3\u0178en die beiden noch ein wenig \u00e2\u20ac\u017espielen\u00e2\u20ac\u009d.<\/p>\n<p>Und ein weiteres Foto habe ich noch dabei, geschossen mit dem i*Phone, kurz bevor es dunkel wurde:<\/p>\n<div style=\"text-align: center;\">\n<p><img loading=\"lazy\" decoding=\"async\" src=\"http:\/\/terragina.de\/blog\/wp-content\/uploads\/2011\/03\/fruehlingsgruss.jpg\" width=\"442\" height=\"598\" alt=\"fruehlingsgruss.jpg\" \/><\/p>\n<p>\n<\/div>\n<div style=\"text-align: center;\">\n  \n<\/div>\n<div style=\"text-align: left;\">\n  Und jetzt werde ich mit dem Sohnemann die Wok-WM anschauen &#8211; auch wenn`s so gar nicht winterlich da draussen ist. Habt einen sch\u00c3\u00b6nen Abend! ;)\n<\/div>\n","protected":false},"excerpt":{"rendered":"<p>War das heute ein gigantisches Wetter? :dance: Spitzen-Temperaturen von 17\u00c2\u00b0C &#8211; in der Sonne hat das Thermometer am Nachmittag sogar 26\u00c2\u00b0C angezeigt. Grund genug f\u00c3\u00bcr uns, endlich mal den Garten in Angriff zu nehmen. Da wurden Str\u00c3\u00a4ucher zur\u00c3\u00bcckgeschnitten, Laub gerecht, so manche Staude entfernt und s\u00c3\u00a4ckeweise Gr\u00c3\u00bcnschnitt zur Seite gestellt, der jetzt auf den Abtransport zur Sammelstelle wartet. Nun kann ich wieder raus schauen, ohne Gruselanf\u00c3\u00a4lle zu bekommen. :blush: Morgen noch den Rindenmulch &#8211; zumindest teilweise &#8211; verteilen und bald mal der G\u00c3\u00a4rtnerei unseres Vertrauens einen Besuch abstatten, um ein paar Fr\u00c3\u00bchbl\u00c3\u00bcher zu kaufen. Es war so sch\u00c3\u00b6n! Das Coonie-Trio sa\u00c3\u0178 auch den gr\u00c3\u00b6\u00c3\u0178ten Teil des Tages im Freigang und hat uns beim Arbeiten neugierig zugeschaut &#8211; bis der Hobbykoch sich entschloss, das Katzenkino abzubauen. Und bevor dieses zum \u00e2\u20ac\u017e\u00c3\u0153bersommern\u00e2\u20ac\u009d in den Keller getragen wurde, musste es nat\u00c3\u00bcrlich nochmal eindringlich inspiziert werden: Ein Bild f\u00c3\u00bcr die G\u00c3\u00b6tter &#8211; wir mussten wirklich alle lachen, wie wir das gesehen haben und lie\u00c3\u0178en die beiden noch ein wenig \u00e2\u20ac\u017espielen\u00e2\u20ac\u009d. Und ein weiteres Foto habe ich noch dabei, geschossen &hellip;<\/p>\n","protected":false},"author":1,"featured_media":0,"comment_status":"open","ping_status":"open","sticky":false,"template":"","format":"standard","meta":{"_jetpack_newsletter_access":"","_jetpack_dont_email_post_to_subs":false,"_jetpack_newsletter_tier_id":0,"_jetpack_memberships_contains_paywalled_content":false,"_jetpack_memberships_contains_paid_content":false,"footnotes":""},"categories":[2,114],"tags":[25,957,39,30,353,418,973],"class_list":["post-5446","post","type-post","status-publish","format-standard","hentry","category-foto","category-plauderecke","tag-cats","tag-foto","tag-katzen","tag-maine-coon","tag-nala","tag-padano","tag-plauderecke"],"jetpack_sharing_enabled":true,"jetpack_shortlink":"https:\/\/wp.me\/pq7aY-1pQ","jetpack_likes_enabled":true,"jetpack-related-posts":[],"jetpack_featured_media_url":"","_links":{"self":[{"href":"https:\/\/terragina.de\/blog\/wp-json\/wp\/v2\/posts\/5446","targetHints":{"allow":["GET"]}}],"collection":[{"href":"https:\/\/terragina.de\/blog\/wp-json\/wp\/v2\/posts"}],"about":[{"href":"https:\/\/terragina.de\/blog\/wp-json\/wp\/v2\/types\/post"}],"author":[{"embeddable":true,"href":"https:\/\/terragina.de\/blog\/wp-json\/wp\/v2\/users\/1"}],"replies":[{"embeddable":true,"href":"https:\/\/terragina.de\/blog\/wp-json\/wp\/v2\/comments?post=5446"}],"version-history":[{"count":0,"href":"https:\/\/terragina.de\/blog\/wp-json\/wp\/v2\/posts\/5446\/revisions"}],"wp:attachment":[{"href":"https:\/\/terragina.de\/blog\/wp-json\/wp\/v2\/media?parent=5446"}],"wp:term":[{"taxonomy":"category","embeddable":true,"href":"https:\/\/terragina.de\/blog\/wp-json\/wp\/v2\/categories?post=5446"},{"taxonomy":"post_tag","embeddable":true,"href":"https:\/\/terragina.de\/blog\/wp-json\/wp\/v2\/tags?post=5446"}],"curies":[{"name":"wp","href":"https:\/\/api.w.org\/{rel}","templated":true}]}}