{"id":5472,"date":"2011-03-18T08:24:16","date_gmt":"2011-03-18T06:24:16","guid":{"rendered":"http:\/\/terragina.de\/blog\/2011\/03\/18\/freitags-fuller-103\/"},"modified":"2011-07-09T09:58:12","modified_gmt":"2011-07-09T07:58:12","slug":"freitags-fuller-103","status":"publish","type":"post","link":"https:\/\/terragina.de\/blog\/2011\/03\/18\/freitags-fuller-103\/","title":{"rendered":"Freitags-F\u00c3\u00bcller #103"},"content":{"rendered":"<div style=\"text-align: center;\">\n  <a title=\"Barbara`s Scrap-Impulse mitnehmen\" href=\"http:\/\/scrap-impulse.typepad.com\/scrapimpulse\/2011\/03\/freitags-f%C3%BCller-103.html\"><br \/>\n  <img loading=\"lazy\" decoding=\"async\" src=\"http:\/\/terragina.de\/blog\/images\/freitags_fueller.jpg\" alt=\"freitags_fueller.jpg\" width=\"400\" height=\"87\" \/><\/a>\n<\/div>\n<div style=\"text-align: center;\">\n  \n<\/div>\n<p>bei Barbara &#8211; der perfekte Beginn des Tages! Fein vorbereitet von mir am gestrigen Abend, damit ich nicht so lange brauche, die L\u00c3\u00bccken auzuf\u00c3\u00bcllen. Fieserweise steht n\u00c3\u00a4mlich bereits um 8:20 Uhr ein Zahnarzttermin auf meinem Terminkalender. :oh:<\/p>\n<p>Meine Antworten heute mal in einem sch\u00c3\u00b6nen Brombeerton (und der gewohnten Fettschrift). Fr\u00c3\u00bchling ist derzeit da drau\u00c3\u0178en leider nicht wirklich.<\/p>\n<p><\/p>\n<p>1. Die Ereignisse in Japan <b><font color=\"#8E6583\">ersch\u00c3\u00bcttern die ganze Welt. Ich versp\u00c3\u00bcre Traurigkeit, Mitgef\u00c3\u00bchl, Wut, Sprachlosigkeit, Unverst\u00c3\u00a4ndnis und noch einiges mehr<\/font><\/b>. :(<\/p>\n<p>2. <b><font color=\"#8E6583\">War das ein miesepetriges Wetter<\/font><\/b> gestern.<\/p>\n<p>3. Energiesparen <b><font color=\"#8E6583\">ist ein gro\u00c3\u0178es Thema im Moment<\/font><\/b>.<\/p>\n<p>4. <b><font color=\"#8E6583\">\u00e2\u20ac\u017eI Do\u00e2\u20ac\u009d von Colbie Caillat<\/font><\/b> ist mein aktueller Lieblingssong im Radio. Er klingt so sch\u00c3\u00b6n nach Fr\u00c3\u00bchling.<\/p>\n<p>5. Zur Einstimmung auf den Fr\u00c3\u00bchling <b><font color=\"#8E6583\">habe ich meinen Kerzenst\u00c3\u00a4nder dekoriert, Bl\u00c3\u00bcmchen auf dem Schrank und gestern eine kleine Lieferung bekommen, die nun auch mein Highboard ziert. Davon aber mehr an anderer Stelle in diesem Blog<\/font><\/b>.<\/p>\n<p>6. <b><font color=\"#8E6583\">Ich tauche ein wenig ab in die Yogawelt &#8211;<\/font><\/b> mit Leib und Seele. <s>(und habe mir irgendwie den R\u00c3\u00bccken verrenkt&#8230;.)<\/s><\/p>\n<p>7. Was das Wochenende angeht, heute abend freue ich mich auf <font color=\"#8E6583\"><b>einen gem\u00c3\u00bctlichen Abend mit meinen Lieben<\/b><\/font>, morgen habe ich <b><font color=\"#8E6583\">eine kleine Einkaufstour und abends feiern<\/font><\/b> geplant (eine meiner liebsten Freundinnen feiert ihren 40.sten Geburtstag) und Sonntag m\u00c3\u00b6chte ich <b><font color=\"#8E6583\">mich ggf. von der Fete erholen und mich einfach nur ein wenig ausruhen. Die Woche war anstrengend<\/font><\/b>. ;)<\/p>\n<p>\nDas war\u00c2\u00b4s von mir f\u00c3\u00bcr heute &#8211; denn ich noch einiges vor. Zahnarzt, eine Freundin besuchen, Kuchen backen, eine Freundin kommt&#8230;. ich w\u00c3\u00bcnsche Euch allen ein sch\u00c3\u00b6nes Wochenende!<\/p>\n","protected":false},"excerpt":{"rendered":"<p>bei Barbara &#8211; der perfekte Beginn des Tages! Fein vorbereitet von mir am gestrigen Abend, damit ich nicht so lange brauche, die L\u00c3\u00bccken auzuf\u00c3\u00bcllen. Fieserweise steht n\u00c3\u00a4mlich bereits um 8:20 Uhr ein Zahnarzttermin auf meinem Terminkalender. :oh: Meine Antworten heute mal in einem sch\u00c3\u00b6nen Brombeerton (und der gewohnten Fettschrift). Fr\u00c3\u00bchling ist derzeit da drau\u00c3\u0178en leider nicht wirklich. 1. Die Ereignisse in Japan ersch\u00c3\u00bcttern die ganze Welt. Ich versp\u00c3\u00bcre Traurigkeit, Mitgef\u00c3\u00bchl, Wut, Sprachlosigkeit, Unverst\u00c3\u00a4ndnis und noch einiges mehr. :( 2. War das ein miesepetriges Wetter gestern. 3. Energiesparen ist ein gro\u00c3\u0178es Thema im Moment. 4. \u00e2\u20ac\u017eI Do\u00e2\u20ac\u009d von Colbie Caillat ist mein aktueller Lieblingssong im Radio. Er klingt so sch\u00c3\u00b6n nach Fr\u00c3\u00bchling. 5. Zur Einstimmung auf den Fr\u00c3\u00bchling habe ich meinen Kerzenst\u00c3\u00a4nder dekoriert, Bl\u00c3\u00bcmchen auf dem Schrank und gestern eine kleine Lieferung bekommen, die nun auch mein Highboard ziert. Davon aber mehr an anderer Stelle in diesem Blog. 6. Ich tauche ein wenig ab in die Yogawelt &#8211; mit Leib und Seele. (und habe mir irgendwie den R\u00c3\u00bccken verrenkt&#8230;.) 7. Was das Wochenende angeht, heute abend &hellip;<\/p>\n","protected":false},"author":1,"featured_media":0,"comment_status":"open","ping_status":"open","sticky":false,"template":"","format":"standard","meta":{"_jetpack_newsletter_access":"","_jetpack_dont_email_post_to_subs":false,"_jetpack_newsletter_tier_id":0,"_jetpack_memberships_contains_paywalled_content":false,"_jetpack_memberships_contains_paid_content":false,"footnotes":""},"categories":[114,94],"tags":[973,969],"class_list":["post-5472","post","type-post","status-publish","format-standard","hentry","category-plauderecke","category-stoeckchen","tag-plauderecke","tag-stoeckchen"],"jetpack_sharing_enabled":true,"jetpack_shortlink":"https:\/\/wp.me\/pq7aY-1qg","jetpack_likes_enabled":true,"jetpack-related-posts":[],"jetpack_featured_media_url":"","_links":{"self":[{"href":"https:\/\/terragina.de\/blog\/wp-json\/wp\/v2\/posts\/5472","targetHints":{"allow":["GET"]}}],"collection":[{"href":"https:\/\/terragina.de\/blog\/wp-json\/wp\/v2\/posts"}],"about":[{"href":"https:\/\/terragina.de\/blog\/wp-json\/wp\/v2\/types\/post"}],"author":[{"embeddable":true,"href":"https:\/\/terragina.de\/blog\/wp-json\/wp\/v2\/users\/1"}],"replies":[{"embeddable":true,"href":"https:\/\/terragina.de\/blog\/wp-json\/wp\/v2\/comments?post=5472"}],"version-history":[{"count":0,"href":"https:\/\/terragina.de\/blog\/wp-json\/wp\/v2\/posts\/5472\/revisions"}],"wp:attachment":[{"href":"https:\/\/terragina.de\/blog\/wp-json\/wp\/v2\/media?parent=5472"}],"wp:term":[{"taxonomy":"category","embeddable":true,"href":"https:\/\/terragina.de\/blog\/wp-json\/wp\/v2\/categories?post=5472"},{"taxonomy":"post_tag","embeddable":true,"href":"https:\/\/terragina.de\/blog\/wp-json\/wp\/v2\/tags?post=5472"}],"curies":[{"name":"wp","href":"https:\/\/api.w.org\/{rel}","templated":true}]}}