{"id":5491,"date":"2011-03-22T13:00:32","date_gmt":"2011-03-22T11:00:32","guid":{"rendered":"http:\/\/terragina.de\/blog\/2011\/03\/22\/kleines-gesundheits-update\/"},"modified":"2011-07-09T09:58:04","modified_gmt":"2011-07-09T07:58:04","slug":"kleines-gesundheits-update","status":"publish","type":"post","link":"https:\/\/terragina.de\/blog\/2011\/03\/22\/kleines-gesundheits-update\/","title":{"rendered":"Kleines Gesundheits-Update"},"content":{"rendered":"<p>Wie gemein ist es bitte, wenn draussen alles spriesst, gr\u00c3\u00bcnt und bl\u00c3\u00bcht und der Fr\u00c3\u00bchling endlich da ist, und man sich bescheiden f\u00c3\u00bchlt? :zunge:<\/p>\n<p>Am Sonntag ging es mir schon nicht besonders gut, aber gestern merkte ich doch sehr genau, dass ich mir wohl eine Stirn- bzw. Nebenh\u00c3\u00b6hlen-Entz\u00c3\u00bcndung eingefangen habe. Wundert mich auch nicht, denn durch die Medikamente, die ich nehme, wird das Immunsystem ja ausgebremst.<\/p>\n<p>Nun gut. Hatte ich doch am gestrigen Nachmittag sowieso schon einen Termin beim HNO-Arzt wegen dem Schwindel. Nach einer wirklich kurzen Wartezeit stellte sich heraus, dass dieser wohl in einem \u00e2\u20ac\u009d<a href=\"http:\/\/de.wikipedia.org\/wiki\/Gutartiger_Lagerungsschwindel\" title=\"Was ist bitte ein gutartiger Lagerungsschwindel?\">gutartigen Lagerungsschwindel<\/a>\u00e2\u20ac\u009d seine Ursache hat. Sachen gibt`s &#8211; das hatte ich bis dato noch nie geh\u00c3\u00b6rt. Zur schnellen Abhilfe kann man\/frau im akuten Fall eine kleine Turn\u00c3\u00bcbung machen&#8230;. daf\u00c3\u00bcr habe ich jetzt hier ein Merkblatt. :oh:<\/p>\n<p>Mehr Sorgen bereitet mir aber derzeit mein Kopf. Ich hasse es, wenn ich die Augen kaum aufkriege, ich das Gef\u00c3\u00bchl habe, dass mir permanent jemand auf die Stirn dr\u00c3\u00bcckt. Aber auch das werde ich in den Griff bekommen. Ich habe jetzt ein paar Tage Auszeit und werde mich schonen, nat\u00c3\u00bcrlich immer eine Tasse Tee in der N\u00c3\u00a4he und die Tat\u00c3\u00bcs griffbereit.<\/p>\n<p>Und sonst? Ja, sonst gibt`s positive Neuigkeiten aus der Rheuma-Ecke. Meine Blutwerte habe sich unter Cortison und MTX noch weiter gebessert, so dass ich ab sofort auf 10 mg\/Tag reduzieren kann. Ich darf mich selber erinnern: Start-Dosierung waren 25 mg. Das ist doch was, oder? Doch, dar\u00c3\u00bcber freue ich mich und hoffe, dass die Schmerzen auch nicht zur\u00c3\u00bcck kommen, das w\u00c3\u00a4re n\u00c3\u00a4mlich schon ein bisschen doof.<\/p>\n<p>Heute ist wieder Spritzentag &#8211; die 6. mittlerweile. Aber der Mensch ist bekanntlich ein Gewohnheitstier und wenn ich dann beschwerdefrei bin, dann ist doch alles gut!<\/p>\n<p>So &#8211; genug von der Gesundheit. Zum Schluss dieses kleinen Blogeintrags habe ich noch ein Foto mitgebracht&#8230;<\/p>\n<p><\/p>\n<p style=\"text-align: center;\"><b><font color=\"#A6782D\">DIE ZWEI VON DER BUSHALTESTELLE<\/font><\/b><\/p>\n<div style=\"text-align: center;\">\n  <img loading=\"lazy\" decoding=\"async\" src=\"http:\/\/terragina.de\/blog\/wp-content\/uploads\/2011\/03\/nala_padano_20110320.jpg\" width=\"442\" height=\"598\" alt=\"nala_padano_20110320.jpg\" \/>\n<\/div>\n<p><\/p>\n<p>Warum Bushaltestelle? Die beiden sassen wirklich da, als h\u00c3\u00a4tten sie auf den Bus gewartet. Die \u00e2\u20ac\u017egro\u00c3\u0178e\u00e2\u20ac\u009d Kamera war zu weit weg und das h\u00c3\u00a4tte zu lange gedauert &#8211; deswegen habe ich mir schnell das i*Phone geschnappt.<\/p>\n<p>Im entscheidenden Moment starteten beide mit Verlegenheits-Putzen. Sehr s\u00c3\u00bc\u00c3\u0178!<\/p>\n","protected":false},"excerpt":{"rendered":"<p>Wie gemein ist es bitte, wenn draussen alles spriesst, gr\u00c3\u00bcnt und bl\u00c3\u00bcht und der Fr\u00c3\u00bchling endlich da ist, und man sich bescheiden f\u00c3\u00bchlt? :zunge: Am Sonntag ging es mir schon nicht besonders gut, aber gestern merkte ich doch sehr genau, dass ich mir wohl eine Stirn- bzw. Nebenh\u00c3\u00b6hlen-Entz\u00c3\u00bcndung eingefangen habe. Wundert mich auch nicht, denn durch die Medikamente, die ich nehme, wird das Immunsystem ja ausgebremst. Nun gut. Hatte ich doch am gestrigen Nachmittag sowieso schon einen Termin beim HNO-Arzt wegen dem Schwindel. Nach einer wirklich kurzen Wartezeit stellte sich heraus, dass dieser wohl in einem \u00e2\u20ac\u009dgutartigen Lagerungsschwindel\u00e2\u20ac\u009d seine Ursache hat. Sachen gibt`s &#8211; das hatte ich bis dato noch nie geh\u00c3\u00b6rt. Zur schnellen Abhilfe kann man\/frau im akuten Fall eine kleine Turn\u00c3\u00bcbung machen&#8230;. daf\u00c3\u00bcr habe ich jetzt hier ein Merkblatt. :oh: Mehr Sorgen bereitet mir aber derzeit mein Kopf. Ich hasse es, wenn ich die Augen kaum aufkriege, ich das Gef\u00c3\u00bchl habe, dass mir permanent jemand auf die Stirn dr\u00c3\u00bcckt. Aber auch das werde ich in den Griff bekommen. Ich habe jetzt ein paar &hellip;<\/p>\n","protected":false},"author":1,"featured_media":0,"comment_status":"open","ping_status":"open","sticky":false,"template":"","format":"standard","meta":{"_jetpack_newsletter_access":"","_jetpack_dont_email_post_to_subs":false,"_jetpack_newsletter_tier_id":0,"_jetpack_memberships_contains_paywalled_content":false,"_jetpack_memberships_contains_paid_content":false,"footnotes":""},"categories":[2,114],"tags":[25,957,30,353,418,973],"class_list":["post-5491","post","type-post","status-publish","format-standard","hentry","category-foto","category-plauderecke","tag-cats","tag-foto","tag-maine-coon","tag-nala","tag-padano","tag-plauderecke"],"jetpack_sharing_enabled":true,"jetpack_shortlink":"https:\/\/wp.me\/pq7aY-1qz","jetpack_likes_enabled":true,"jetpack-related-posts":[],"jetpack_featured_media_url":"","_links":{"self":[{"href":"https:\/\/terragina.de\/blog\/wp-json\/wp\/v2\/posts\/5491","targetHints":{"allow":["GET"]}}],"collection":[{"href":"https:\/\/terragina.de\/blog\/wp-json\/wp\/v2\/posts"}],"about":[{"href":"https:\/\/terragina.de\/blog\/wp-json\/wp\/v2\/types\/post"}],"author":[{"embeddable":true,"href":"https:\/\/terragina.de\/blog\/wp-json\/wp\/v2\/users\/1"}],"replies":[{"embeddable":true,"href":"https:\/\/terragina.de\/blog\/wp-json\/wp\/v2\/comments?post=5491"}],"version-history":[{"count":0,"href":"https:\/\/terragina.de\/blog\/wp-json\/wp\/v2\/posts\/5491\/revisions"}],"wp:attachment":[{"href":"https:\/\/terragina.de\/blog\/wp-json\/wp\/v2\/media?parent=5491"}],"wp:term":[{"taxonomy":"category","embeddable":true,"href":"https:\/\/terragina.de\/blog\/wp-json\/wp\/v2\/categories?post=5491"},{"taxonomy":"post_tag","embeddable":true,"href":"https:\/\/terragina.de\/blog\/wp-json\/wp\/v2\/tags?post=5491"}],"curies":[{"name":"wp","href":"https:\/\/api.w.org\/{rel}","templated":true}]}}