{"id":5536,"date":"2011-03-26T08:39:47","date_gmt":"2011-03-26T06:39:47","guid":{"rendered":"http:\/\/terragina.de\/blog\/2011\/03\/26\/schones-wochenende\/"},"modified":"2011-07-09T09:57:52","modified_gmt":"2011-07-09T07:57:52","slug":"schones-wochenende","status":"publish","type":"post","link":"https:\/\/terragina.de\/blog\/2011\/03\/26\/schones-wochenende\/","title":{"rendered":"Sch\u00c3\u00b6nes Wochenende!"},"content":{"rendered":"<p>Draussen ist es grau.<\/p>\n<p>Nach einer wundervollen Woche mit Sonne satt, nimmt der Fr\u00c3\u00bchling sich mal eine Auszeit. Ich bringe Euch den Fr\u00c3\u00bchling und w\u00c3\u00bcnsche all meinen lieben Leserinnen und Lesern ein sch\u00c3\u00b6nes Wochenende. Die Bilder habe ich gestern in unserem Vorgarten geknipst.<\/p>\n<p><\/p>\n<p style=\"text-align: center;\">Am Montag ist die Sonne wieder da&#8230;.<\/p>\n<div style=\"text-align: center;\">\n  \n<\/div>\n<div style=\"text-align: center;\">\n  <a href=\"http:\/\/terragina.de\/blog\/wp-content\/uploads\/2011\/03\/fruehlingsgruss_wochenende.jpg\" rel=\"lightbox[5536]\"><img loading=\"lazy\" decoding=\"async\" src=\"http:\/\/terragina.de\/blog\/wp-content\/uploads\/2011\/03\/fruehlingsgruss_wochenende-tm.jpg\" width=\"480\" height=\"369\" alt=\"Sch\u00c3\u00b6nes Wochenende!\" \/><\/a>\n<\/div>\n<div style=\"text-align: center;\">\n  <small>~ klick macht gro\u00c3\u0178 ~<\/small>\n<\/div>\n<h1 class=\"sg12\" style=\"text-align: center;\"><font size=\"4\"><span style=\"font-size: 14px;\">Fr\u00c3\u00bchling<\/span><\/font><\/h1>\n<p class=\"stext\">\n<div style=\"text-align: center;\">\n  <font size=\"3\"><span style=\"font-size: 13px;\">Der Fr\u00c3\u00bchling ist im<\/span><\/font> <font size=\"3\"><span style=\"font-size: 13px;\">Lande mit seinem frischen Wehn,<\/span><\/font>\n<\/div>\n<div style=\"text-align: center;\">\n  <font size=\"3\"><span style=\"font-size: 13px;\">Schon kannst du allerorten sein Banner flattern sehn!<\/span><br \/><\/font>\n<\/div>\n<div style=\"text-align: center;\">\n  <font size=\"3\"><span style=\"font-size: 13px;\"><span style=\"font-size: 12px;\"><font size=\"3\"><span style=\"font-size: 13px;\">Er l\u00c3\u00a4sst die Blumen bl\u00c3\u00bch<\/span><\/font><font size=\"3\"><span style=\"font-size: 13px;\">en, wohin sein<\/span><\/font> Auge <font size=\"3\"><span style=\"font-size: 13px;\">schaut,<\/span><\/font><\/span><br \/><\/span><\/font>\n<\/div>\n<div style=\"text-align: center;\">\n  <font size=\"3\"><span style=\"font-size: 12px;\"><font size=\"3\"><span style=\"font-size: 13px;\">Und lehrt die<\/span><\/font> V\u00c3\u00b6gel <font size=\"3\"><span style=\"font-size: 13px;\">singen so jubelvoll und laut.<\/span><\/font><\/span><br \/><\/font>\n<\/div>\n<div style=\"text-align: center;\">\n  <font size=\"3\"><br \/><\/font>\n<\/div>\n<div style=\"text-align: center;\">\n  <font size=\"3\"><span style=\"font-size: 13px;\">O Fr\u00c3\u00bchling, lieber Fr\u00c3\u00bchling, dir weicht des Winters Hauch,<br \/><\/span><\/font>\n<\/div>\n<div style=\"text-align: center;\">\n  <font size=\"3\"><span style=\"font-size: 13px;\"><span style=\"font-size: 12px;\"><font size=\"3\"><span style=\"font-size: 13px;\">O nimm von unserm Herzen die starre<\/span><\/font> K\u00c3\u00a4lte <font size=\"3\"><span style=\"font-size: 13px;\">auch,<\/span><\/font><\/span><br \/><\/span><\/font>\n<\/div>\n<div style=\"text-align: center;\">\n  <font size=\"3\"><span style=\"font-size: 13px;\">Lass uns so selig atmen in deinem Sonnenschein,<\/span><br \/><\/font>\n<\/div>\n<div style=\"text-align: center;\">\n  <font size=\"3\"><span style=\"font-size: 13px;\"><span style=\"font-size: 12px;\"><font size=\"3\"><span style=\"font-size: 13px;\">Wie oben, hoch im Blauen, die kleinen<\/span><\/font> V\u00c3\u00b6gel <font size=\"3\"><span style=\"font-size: 13px;\">dein!<\/span><\/font><\/span><br \/><\/span><\/font>\n<\/div>\n<div style=\"text-align: center;\">\n  <font size=\"3\"><br \/><\/font>\n<\/div>\n<div style=\"text-align: center;\">\n  <font size=\"3\"><span style=\"font-size: 13px;\"><span style=\"font-size: 12px;\"><font size=\"3\"><span style=\"font-size: 13px;\">Es ziehen Wellen Duftes vom blauen<\/span><\/font> Flieder <font size=\"3\"><span style=\"font-size: 13px;\">her,<\/span><\/font><\/span><br \/><\/span><\/font>\n<\/div>\n<div style=\"text-align: center;\">\n  <font size=\"3\"><span style=\"font-size: 12px;\"><font size=\"3\"><span style=\"font-size: 13px;\">Und wonnig weht ein Gr\u00c3\u00bc\u00c3\u0178en weit \u00c3\u00bcber<\/span><\/font> Land <font size=\"3\"><span style=\"font-size: 13px;\">und Meer,<\/span><\/font><\/span><br \/><\/font>\n<\/div>\n<div style=\"text-align: center;\">\n  <font size=\"3\"><span style=\"font-size: 12px;\"><font size=\"3\"><span style=\"font-size: 13px;\">Dir wird\u00e2\u20ac\u2122s im<\/span><\/font> Herzen <font size=\"3\"><span style=\"font-size: 13px;\">stille \u00e2\u20ac\u201c o frag nicht wie\u00e2\u20ac\u2122s geschah \u00e2\u20ac\u201c<\/span><\/font><\/span><br \/><\/font>\n<\/div>\n<div style=\"text-align: center;\">\n  <font size=\"3\"><span style=\"font-size: 12px;\"><font size=\"3\"><span style=\"font-size: 13px;\">Mit seinem<\/span><\/font> Glanz <font size=\"3\"><span style=\"font-size: 13px;\">und Jubel der Fr\u00c3\u00bchling<\/span><\/font> <font size=\"3\"><span style=\"font-size: 13px;\">er ist da!!<\/span><\/font><\/span><br \/><\/font>\n<\/div>\n<p class=\"sg9\" style=\"text-align: center;\"><font size=\"3\"><span style=\"font-size: 13px;\"><i>Ida von Conring<\/i><\/span><\/font><\/p>\n<p><\/p>\n<p class=\"sg9\" style=\"text-align: center;\"><font size=\"3\"><span style=\"font-size: 13px;\"><i><a href=\"http:\/\/gedichte.xbib.de\" title=\"Die Deutsche Gedichte-Bibliothek\">Quelle<\/a><\/i><\/span><\/font><\/p>\n","protected":false},"excerpt":{"rendered":"<p>Draussen ist es grau. Nach einer wundervollen Woche mit Sonne satt, nimmt der Fr\u00c3\u00bchling sich mal eine Auszeit. Ich bringe Euch den Fr\u00c3\u00bchling und w\u00c3\u00bcnsche all meinen lieben Leserinnen und Lesern ein sch\u00c3\u00b6nes Wochenende. Die Bilder habe ich gestern in unserem Vorgarten geknipst. Am Montag ist die Sonne wieder da&#8230;. ~ klick macht gro\u00c3\u0178 ~ Fr\u00c3\u00bchling Der Fr\u00c3\u00bchling ist im Lande mit seinem frischen Wehn, Schon kannst du allerorten sein Banner flattern sehn! Er l\u00c3\u00a4sst die Blumen bl\u00c3\u00bchen, wohin sein Auge schaut, Und lehrt die V\u00c3\u00b6gel singen so jubelvoll und laut. O Fr\u00c3\u00bchling, lieber Fr\u00c3\u00bchling, dir weicht des Winters Hauch, O nimm von unserm Herzen die starre K\u00c3\u00a4lte auch, Lass uns so selig atmen in deinem Sonnenschein, Wie oben, hoch im Blauen, die kleinen V\u00c3\u00b6gel dein! Es ziehen Wellen Duftes vom blauen Flieder her, Und wonnig weht ein Gr\u00c3\u00bc\u00c3\u0178en weit \u00c3\u00bcber Land und Meer, Dir wird\u00e2\u20ac\u2122s im Herzen stille \u00e2\u20ac\u201c o frag nicht wie\u00e2\u20ac\u2122s geschah \u00e2\u20ac\u201c Mit seinem Glanz und Jubel der Fr\u00c3\u00bchling er ist da!! Ida von Conring Quelle<\/p>\n","protected":false},"author":1,"featured_media":0,"comment_status":"open","ping_status":"open","sticky":false,"template":"","format":"standard","meta":{"_jetpack_newsletter_access":"","_jetpack_dont_email_post_to_subs":false,"_jetpack_newsletter_tier_id":0,"_jetpack_memberships_contains_paywalled_content":false,"_jetpack_memberships_contains_paid_content":false,"footnotes":""},"categories":[2],"tags":[975,957,78,226],"class_list":["post-5536","post","type-post","status-publish","format-standard","hentry","category-foto","tag-blumen","tag-foto","tag-natur","tag-pflanzen"],"jetpack_sharing_enabled":true,"jetpack_shortlink":"https:\/\/wp.me\/pq7aY-1ri","jetpack_likes_enabled":true,"jetpack-related-posts":[],"jetpack_featured_media_url":"","_links":{"self":[{"href":"https:\/\/terragina.de\/blog\/wp-json\/wp\/v2\/posts\/5536","targetHints":{"allow":["GET"]}}],"collection":[{"href":"https:\/\/terragina.de\/blog\/wp-json\/wp\/v2\/posts"}],"about":[{"href":"https:\/\/terragina.de\/blog\/wp-json\/wp\/v2\/types\/post"}],"author":[{"embeddable":true,"href":"https:\/\/terragina.de\/blog\/wp-json\/wp\/v2\/users\/1"}],"replies":[{"embeddable":true,"href":"https:\/\/terragina.de\/blog\/wp-json\/wp\/v2\/comments?post=5536"}],"version-history":[{"count":0,"href":"https:\/\/terragina.de\/blog\/wp-json\/wp\/v2\/posts\/5536\/revisions"}],"wp:attachment":[{"href":"https:\/\/terragina.de\/blog\/wp-json\/wp\/v2\/media?parent=5536"}],"wp:term":[{"taxonomy":"category","embeddable":true,"href":"https:\/\/terragina.de\/blog\/wp-json\/wp\/v2\/categories?post=5536"},{"taxonomy":"post_tag","embeddable":true,"href":"https:\/\/terragina.de\/blog\/wp-json\/wp\/v2\/tags?post=5536"}],"curies":[{"name":"wp","href":"https:\/\/api.w.org\/{rel}","templated":true}]}}