{"id":5677,"date":"2011-04-15T07:59:41","date_gmt":"2011-04-15T05:59:41","guid":{"rendered":"http:\/\/terragina.de\/blog\/2011\/04\/15\/freitags-fuller-107\/"},"modified":"2011-07-09T09:57:06","modified_gmt":"2011-07-09T07:57:06","slug":"freitags-fuller-107","status":"publish","type":"post","link":"https:\/\/terragina.de\/blog\/2011\/04\/15\/freitags-fuller-107\/","title":{"rendered":"Freitags-F\u00c3\u00bcller #107"},"content":{"rendered":"<div style=\"text-align: left;\">\n<p>Eine kurzweilige Woche liegt hinter mir, obwohl ich meinen Pflichten nachgekommen bin. Und schon ist wieder ein Freitag und wieder Zeit f\u00c3\u00bcr Barbaras<\/p>\n<\/div>\n<div style=\"text-align: center;\">\n  <font color=\"#0000EE\"><u><br \/><\/u><\/font> <a title=\"Barbara`s Scrap-Impulse mitnehmen\" href=\"http:\/\/scrap-impulse.typepad.com\/scrapimpulse\/2011\/04\/freitags-f%C3%BCller-107.html\"><img loading=\"lazy\" decoding=\"async\" src=\"http:\/\/terragina.de\/blog\/images\/freitags_fueller.jpg\" alt=\"freitags_fueller.jpg\" width=\"400\" height=\"87\" \/><\/a>\n<\/div>\n<div style=\"text-align: center;\">\n  \n<\/div>\n<p>Nun haben wir schon KW 15 &#8211; bald ist das erste Viertel des Jahres schon wieder rum. Kaum zu glauben, wie schnell die Zeit vergeht. Noch gar nicht lang ist`s her, dass wir vielerorts eingeschneit waren. Nun aber ist der Fr\u00c3\u00bchling da und ich glaube, wir genie\u00c3\u0178en dieses tolle Wetter alle. Oder habt Ihr etwa kein sch\u00c3\u00b6nes Wetter?<\/p>\n<p>Meine Antworten heute wieder in bold und einem warmen Orange-Ton ;)<\/p>\n<p><\/p>\n<p>1. Ich muss unbedingt <b><font color=\"#FF7732\">zu meinem Lieblings-Gartencenter und ein paar Bl\u00c3\u00bcmchen f\u00c3\u00bcr den Garten und die K\u00c3\u00bcbel besorgen<\/font><\/b>.<\/p>\n<p>2. <b><font color=\"#FF7732\">Der Anblick vom Vorgarten besch\u00c3\u00a4ftigt mich schon<\/font><\/b> schon seit einiger Zeit. <b><font color=\"#FF7732\">Da m\u00c3\u00bcssen wir endlich mal Hand anlegen&#8230;<\/font><\/b><\/p>\n<p>3. Mein Lieblingsfr\u00c3\u00bchst\u00c3\u00bcck am Wochenende <font color=\"#8E4EB8\"><b><font color=\"#FF7732\">genie\u00c3\u0178e ich am liebsten im Kreise meiner Lieben. Leider schlafen die Kinder aus und der Hobbykoch ist eben leider kein gro\u00c3\u0178artiger Fr\u00c3\u00bchst\u00c3\u00bccker, so dass diese Gelegenheiten gez\u00c3\u00a4hlt sind<\/font>.<\/b><\/font><\/p>\n<p>4. <b><font color=\"#FF7732\">Mit der Dosierung meiner Medikamente und deren Erfolg kann ich sehr zufrieden sein &#8211;<\/font><\/b> bis auf weiteres.<\/p>\n<p>5. Es ist immer sch\u00c3\u00b6n <b><font color=\"#FF7732\">wenn draussen die Sonne so sch\u00c3\u00b6n scheint, da geht`s einem doch gleich richtig gut<\/font><\/b>.<\/p>\n<p>6. <b><font color=\"#FF7732\">An einem sch\u00c3\u00b6nen wei\u00c3\u0178en Strand mit Palmen, eine Pina Colada in der Hand &#8211;<\/font><\/b> da w\u00c3\u00a4re ich jetzt gerne.<\/p>\n<p>7. Was das Wochenende angeht, heute abend freue ich mich auf <b><font color=\"#FF7732\">den Anblick meines frisch aufbereiteten Snoopys mit Sommerreifen und den einen Tag versp\u00c3\u00a4teten Geburtstags-Umtrunk bei einer lieben Freundin<\/font><\/b>, morgen habe ich <b><font color=\"#FF7732\">ein wenig Gartenarbeit und gemeinsames Grillen mit genau eben dieser bereits erw\u00c3\u00a4hnten Freundin<\/font><\/b> geplant und Sonntag m\u00c3\u00b6chte ich <font color=\"#8E4EB8\"><b><font color=\"#FF7732\">relaxen und Dinge tun, die uns Spa\u00c3\u0178 machen<\/font>.<\/b><\/font> ;)<\/p>\n<p><\/p>\n<p>Geniesst das tolle Wetter und macht die Dinge, die Euch Spa\u00c3\u0178 machen &#8211; wir machen`s genauso. Hach &#8211; ich liebe Wochenenden! :sing:<\/p>\n","protected":false},"excerpt":{"rendered":"<p>Eine kurzweilige Woche liegt hinter mir, obwohl ich meinen Pflichten nachgekommen bin. Und schon ist wieder ein Freitag und wieder Zeit f\u00c3\u00bcr Barbaras Nun haben wir schon KW 15 &#8211; bald ist das erste Viertel des Jahres schon wieder rum. Kaum zu glauben, wie schnell die Zeit vergeht. Noch gar nicht lang ist`s her, dass wir vielerorts eingeschneit waren. Nun aber ist der Fr\u00c3\u00bchling da und ich glaube, wir genie\u00c3\u0178en dieses tolle Wetter alle. Oder habt Ihr etwa kein sch\u00c3\u00b6nes Wetter? Meine Antworten heute wieder in bold und einem warmen Orange-Ton ;) 1. Ich muss unbedingt zu meinem Lieblings-Gartencenter und ein paar Bl\u00c3\u00bcmchen f\u00c3\u00bcr den Garten und die K\u00c3\u00bcbel besorgen. 2. Der Anblick vom Vorgarten besch\u00c3\u00a4ftigt mich schon schon seit einiger Zeit. Da m\u00c3\u00bcssen wir endlich mal Hand anlegen&#8230; 3. Mein Lieblingsfr\u00c3\u00bchst\u00c3\u00bcck am Wochenende genie\u00c3\u0178e ich am liebsten im Kreise meiner Lieben. Leider schlafen die Kinder aus und der Hobbykoch ist eben leider kein gro\u00c3\u0178artiger Fr\u00c3\u00bchst\u00c3\u00bccker, so dass diese Gelegenheiten gez\u00c3\u00a4hlt sind. 4. Mit der Dosierung meiner Medikamente und deren Erfolg kann ich sehr zufrieden &hellip;<\/p>\n","protected":false},"author":1,"featured_media":0,"comment_status":"open","ping_status":"open","sticky":false,"template":"","format":"standard","meta":{"_jetpack_newsletter_access":"","_jetpack_dont_email_post_to_subs":false,"_jetpack_newsletter_tier_id":0,"_jetpack_memberships_contains_paywalled_content":false,"_jetpack_memberships_contains_paid_content":false,"footnotes":""},"categories":[114,94],"tags":[973,969],"class_list":["post-5677","post","type-post","status-publish","format-standard","hentry","category-plauderecke","category-stoeckchen","tag-plauderecke","tag-stoeckchen"],"jetpack_sharing_enabled":true,"jetpack_shortlink":"https:\/\/wp.me\/pq7aY-1tz","jetpack_likes_enabled":true,"jetpack-related-posts":[],"jetpack_featured_media_url":"","_links":{"self":[{"href":"https:\/\/terragina.de\/blog\/wp-json\/wp\/v2\/posts\/5677","targetHints":{"allow":["GET"]}}],"collection":[{"href":"https:\/\/terragina.de\/blog\/wp-json\/wp\/v2\/posts"}],"about":[{"href":"https:\/\/terragina.de\/blog\/wp-json\/wp\/v2\/types\/post"}],"author":[{"embeddable":true,"href":"https:\/\/terragina.de\/blog\/wp-json\/wp\/v2\/users\/1"}],"replies":[{"embeddable":true,"href":"https:\/\/terragina.de\/blog\/wp-json\/wp\/v2\/comments?post=5677"}],"version-history":[{"count":0,"href":"https:\/\/terragina.de\/blog\/wp-json\/wp\/v2\/posts\/5677\/revisions"}],"wp:attachment":[{"href":"https:\/\/terragina.de\/blog\/wp-json\/wp\/v2\/media?parent=5677"}],"wp:term":[{"taxonomy":"category","embeddable":true,"href":"https:\/\/terragina.de\/blog\/wp-json\/wp\/v2\/categories?post=5677"},{"taxonomy":"post_tag","embeddable":true,"href":"https:\/\/terragina.de\/blog\/wp-json\/wp\/v2\/tags?post=5677"}],"curies":[{"name":"wp","href":"https:\/\/api.w.org\/{rel}","templated":true}]}}