{"id":5848,"date":"2011-05-23T16:25:12","date_gmt":"2011-05-23T14:25:12","guid":{"rendered":"http:\/\/terragina.de\/blog\/2011\/05\/23\/kleine-bayern-foto-love-story\/"},"modified":"2011-07-09T09:56:01","modified_gmt":"2011-07-09T07:56:01","slug":"kleine-bayern-foto-love-story","status":"publish","type":"post","link":"https:\/\/terragina.de\/blog\/2011\/05\/23\/kleine-bayern-foto-love-story\/","title":{"rendered":"Kleine Bayern-Foto-Love-Story"},"content":{"rendered":"<p>F\u00c3\u00bcr die meisten ist es \u00e2\u20ac\u017eeinfach nur\u00e2\u20ac\u009d Bayern &#8211; ob tief oder weniger tief, dass sei einmal dahin gestellt. *lol* F\u00c3\u00bcr uns bedeutet es eben eine 400 km lange Fahrt quer durch Bayern &#8211; also so \u00e2\u20ac\u017erichtig tief rein\u00e2\u20ac\u009d. :) Soviel nur zur Erkl\u00c3\u00a4rung f\u00c3\u00bcr die, die es ganz genau wissen wollten. ;)<\/p>\n<p>Ziel war der gro\u00c3\u0178e Bruder und seine liebe Frau &#8211; wir freuten uns schon seit Wochen darauf. Und eben die bereits <a href=\"http:\/\/terragina.de\/blog\/2011\/05\/20\/freitags-fuller-112\/\" title=\"Freitags-F\u00c3\u00bcller #112\">am vergangenen Freitag<\/a> erw\u00c3\u00a4hnte Konfirmation.<\/p>\n<p>Ein wundersch\u00c3\u00b6nes H\u00c3\u00a4uschen mit einem wundersch\u00c3\u00b6nen Garten wartete auf uns, mit sehr lieben Bewohnern. <a href=\"http:\/\/www.pullach.de\/\" title=\"Pullach im Isartal\">Hier<\/a>. Auch das Wetter war auf unsere Seite &#8211; die angek\u00c3\u00bcndigten Gewitter blieben n\u00c3\u00a4mlich aus. :dance: Ein paar wenige Eindr\u00c3\u00bccke habe ich mitgebracht. F\u00c3\u00bcr mich und f\u00c3\u00bcr alle, die es interessiert. ;)<\/p>\n<div style=\"text-align: center;\">\n  <img loading=\"lazy\" decoding=\"async\" src=\"http:\/\/terragina.de\/blog\/wp-content\/uploads\/2011\/05\/pullach_20110521_01.jpg\" width=\"580\" height=\"445\" alt=\"pullach_20110521_01.jpg\" \/>\n<\/div>\n<p>Nach einem leichten, vegetarischen und sehr leckerem Mittagessen machten wir einen kleinen Spaziergang am Isar-Hochufer. Leider ist auf dem Foto nicht viel zu sehen von der Isar, aber wir hatten von der G\u00c3\u00a4steterrasse beim <a href=\"http:\/\/www.rabenwirt.de\/pages_rabenwirt\/rabenwirt00.html\" title=\"Rabenwirt in Pullach\">Rabenwirt<\/a> einen wundersch\u00c3\u00b6nen Blick \u00c3\u00bcber das Isartal.<\/p>\n<p>Wieder \u00e2\u20ac\u017edaheim\u00e2\u20ac\u009d angekommen konnten wir schon langsam ans Grillen denken und diesesmal gab es f\u00c3\u00bcr mich nichts zu tun &#8211; ich liess kochen und schaute interessiert zu, schlie\u00c3\u0178lich kann man ja immer was dazu lernen. :yes:<\/p>\n<div style=\"text-align: center;\">\n  <img loading=\"lazy\" decoding=\"async\" src=\"http:\/\/terragina.de\/blog\/wp-content\/uploads\/2011\/05\/pullach_20110521_02.jpg\" width=\"580\" height=\"435\" alt=\"pullach_20110521_02.jpg\" \/>\n<\/div>\n<p><\/p>\n<p>Neben H\u00c3\u00a4hnchenfleisch, Bratw\u00c3\u00bcrstchen sowie ein paar vegetarischen, grillbaren K\u00c3\u00b6stlichkeiten und herrlichen <a href=\"http:\/\/www.chefkoch.de\/rezepte\/21641005556326\/Kanarische-Runzelkartoffeln.html\" title=\"Kanarische Runzelkartoffeln\">Papas arrugadas<\/a> gab es sensationell eingelegte Oliven und eine rote sowie eine gr\u00c3\u00bcne Mojo &#8211; die ich unbedingt nachmachen werde, wenn die Zeit daf\u00c3\u00bcr gekommen ist.<\/p>\n<p>Das Essen war super-lecker und die Zeit verging wieder einmal viel zu schnell&#8230;. schon bald ging die Sonne unter und die angek\u00c3\u00bcndigten Gewitter blieben aus. :yes1: Man k\u00c3\u00b6nnte sagen&#8230;. \u00e2\u20ac\u017ewenn Engel reisen&#8230;\u00e2\u20ac\u009d &#8211; aber so weit m\u00c3\u00b6chte ich mich gar nicht aus dem Fenster lehnen&#8230;.<\/p>\n<div style=\"text-align: center;\">\n  <img loading=\"lazy\" decoding=\"async\" src=\"http:\/\/terragina.de\/blog\/wp-content\/uploads\/2011\/05\/pullach_20110521_03.jpg\" width=\"580\" height=\"445\" alt=\"pullach_20110521_03.jpg\" \/>\n<\/div>\n<p>Wir sassen noch ein Weilchen gem\u00c3\u00bctlich bei einem Glas leckeren Wein zusammen und liessen den Abend ausklingen &#8211; schlie\u00c3\u0178lich mussten wir am n\u00c3\u00a4chsten Morgen wieder recht fr\u00c3\u00bch aufstehen &#8211; die Konfirmation stand ja f\u00c3\u00bcr Sonntag auf dem Programm &#8211; ca. 1 Stunde Autofahrt entfernt.<\/p>\n<p>An dieser Stelle nochmal ein ganz ganz herzliches Dankesch\u00c3\u00b6n an Euch beide, Ihr Lieben. Es war wirklich sehr, sehr sch\u00c3\u00b6n bei Euch und ich werde mich noch lange und gerne daran erinnern. Der Rest der Familie auch. ;)<\/p>\n<p>Der Sonntag war ebenfalls sehr sch\u00c3\u00b6n. Auch, wenn der Gottesdienst mit 2 Stunden alles toppte, was wir bislang an Konfirmationen erlebt haben &#8211; so war es doch ein sch\u00c3\u00b6nes Erlebnis. Und nach der obligatorischen Familienfeier in einem wirklich netten Restaurant mit sehr leckerem Essen machten wir uns gegen 16 Uhr auf den Heimweg (nun waren auch die Gewitter angekommen). Je n\u00c3\u00a4her wir der Heimat kamen, umso sch\u00c3\u00b6ner wurde das Wetter wieder.<\/p>\n<p>Die Miezen freuten sich, als wir um 19:30 Uhr wieder dahei ankamen. ;)<\/p>\n<p style=\"text-align: center;\">~~~~~~~~~~~~~~~~~~~~~~~~~~~<\/p>\n<p>Und noch zwei Bildchen habe ich in petto &#8211; welche aber nicht mehr in die Kategorie \u00e2\u20ac\u017eBayern\u00e2\u20ac\u009d geh\u00c3\u00b6ren, sondern viel eher in \u00e2\u20ac\u017eNatur\u00e2\u20ac\u009d oder \u00e2\u20ac\u017eMein Garten und ich\u00e2\u20ac\u009d einzuordnen sind.<\/p>\n<p>Ich freue mir ein Loch in den Bauch, dass diese Bl\u00c3\u00bcte das Wochenende noch gewartet hat und mich mit ihrer Sch\u00c3\u00b6nheit erst heute \u00c3\u00bcberraschte, als ich von der Arbeit und dem anschlie\u00c3\u0178enden Sport nach Hause kam. Es ist meine erste ihrer Art und ich bin ganz happy, dass sie so gut in unserem Garten gedeiht. M\u00c3\u00b6gen dieser noch viele weitere Bl\u00c3\u00bcten folgen. ;)<\/p>\n<div style=\"text-align: center;\">\n  <img loading=\"lazy\" decoding=\"async\" src=\"http:\/\/terragina.de\/blog\/wp-content\/uploads\/2011\/05\/passionsblume_01.jpg\" width=\"580\" height=\"445\" alt=\"passionsblume_01.jpg\" \/>\n<\/div>\n<div style=\"text-align: center;\">\n  \n<\/div>\n<div style=\"text-align: center;\">\n  <img loading=\"lazy\" decoding=\"async\" src=\"http:\/\/terragina.de\/blog\/wp-content\/uploads\/2011\/05\/passionsblume_02.jpg\" width=\"580\" height=\"445\" alt=\"passionsblume_02.jpg\" \/>\n<\/div>\n<p><\/p>\n<div style=\"text-align: center;\">\n  All meinen Leserinnen und Lesern w\u00c3\u00bcnsche ich eine sch\u00c3\u00b6ne Woche &#8211; ich geniesse jetzt noch ein wenig den Sonnenschein. :winke:\n<\/div>\n","protected":false},"excerpt":{"rendered":"<p>F\u00c3\u00bcr die meisten ist es \u00e2\u20ac\u017eeinfach nur\u00e2\u20ac\u009d Bayern &#8211; ob tief oder weniger tief, dass sei einmal dahin gestellt. *lol* F\u00c3\u00bcr uns bedeutet es eben eine 400 km lange Fahrt quer durch Bayern &#8211; also so \u00e2\u20ac\u017erichtig tief rein\u00e2\u20ac\u009d. :) Soviel nur zur Erkl\u00c3\u00a4rung f\u00c3\u00bcr die, die es ganz genau wissen wollten. ;) Ziel war der gro\u00c3\u0178e Bruder und seine liebe Frau &#8211; wir freuten uns schon seit Wochen darauf. Und eben die bereits am vergangenen Freitag erw\u00c3\u00a4hnte Konfirmation. Ein wundersch\u00c3\u00b6nes H\u00c3\u00a4uschen mit einem wundersch\u00c3\u00b6nen Garten wartete auf uns, mit sehr lieben Bewohnern. Hier. Auch das Wetter war auf unsere Seite &#8211; die angek\u00c3\u00bcndigten Gewitter blieben n\u00c3\u00a4mlich aus. :dance: Ein paar wenige Eindr\u00c3\u00bccke habe ich mitgebracht. F\u00c3\u00bcr mich und f\u00c3\u00bcr alle, die es interessiert. ;) Nach einem leichten, vegetarischen und sehr leckerem Mittagessen machten wir einen kleinen Spaziergang am Isar-Hochufer. Leider ist auf dem Foto nicht viel zu sehen von der Isar, aber wir hatten von der G\u00c3\u00a4steterrasse beim Rabenwirt einen wundersch\u00c3\u00b6nen Blick \u00c3\u00bcber das Isartal. Wieder \u00e2\u20ac\u017edaheim\u00e2\u20ac\u009d angekommen konnten wir schon langsam ans Grillen &hellip;<\/p>\n","protected":false},"author":1,"featured_media":0,"comment_status":"open","ping_status":"open","sticky":false,"template":"","format":"standard","meta":{"_jetpack_newsletter_access":"","_jetpack_dont_email_post_to_subs":false,"_jetpack_newsletter_tier_id":0,"_jetpack_memberships_contains_paywalled_content":false,"_jetpack_memberships_contains_paid_content":false,"footnotes":""},"categories":[2],"tags":[975,957,78],"class_list":["post-5848","post","type-post","status-publish","format-standard","hentry","category-foto","tag-blumen","tag-foto","tag-natur"],"jetpack_sharing_enabled":true,"jetpack_shortlink":"https:\/\/wp.me\/pq7aY-1wk","jetpack_likes_enabled":true,"jetpack-related-posts":[],"jetpack_featured_media_url":"","_links":{"self":[{"href":"https:\/\/terragina.de\/blog\/wp-json\/wp\/v2\/posts\/5848","targetHints":{"allow":["GET"]}}],"collection":[{"href":"https:\/\/terragina.de\/blog\/wp-json\/wp\/v2\/posts"}],"about":[{"href":"https:\/\/terragina.de\/blog\/wp-json\/wp\/v2\/types\/post"}],"author":[{"embeddable":true,"href":"https:\/\/terragina.de\/blog\/wp-json\/wp\/v2\/users\/1"}],"replies":[{"embeddable":true,"href":"https:\/\/terragina.de\/blog\/wp-json\/wp\/v2\/comments?post=5848"}],"version-history":[{"count":0,"href":"https:\/\/terragina.de\/blog\/wp-json\/wp\/v2\/posts\/5848\/revisions"}],"wp:attachment":[{"href":"https:\/\/terragina.de\/blog\/wp-json\/wp\/v2\/media?parent=5848"}],"wp:term":[{"taxonomy":"category","embeddable":true,"href":"https:\/\/terragina.de\/blog\/wp-json\/wp\/v2\/categories?post=5848"},{"taxonomy":"post_tag","embeddable":true,"href":"https:\/\/terragina.de\/blog\/wp-json\/wp\/v2\/tags?post=5848"}],"curies":[{"name":"wp","href":"https:\/\/api.w.org\/{rel}","templated":true}]}}