{"id":5977,"date":"2011-06-19T10:56:54","date_gmt":"2011-06-19T08:56:54","guid":{"rendered":"http:\/\/terragina.de\/blog\/2011\/06\/19\/eltern-tag\/"},"modified":"2011-07-09T09:55:19","modified_gmt":"2011-07-09T07:55:19","slug":"eltern-tag","status":"publish","type":"post","link":"https:\/\/terragina.de\/blog\/2011\/06\/19\/eltern-tag\/","title":{"rendered":"Eltern-Tag"},"content":{"rendered":"<p>War das lange her! Nur der Hobbykoch und ich alleine in der Frankfurter Innenstadt. Einen ganzen Tag lang. Ohne Kinder! Nur wir beide&#8230; sch\u00c3\u00b6n war\u00c2\u00b4s!<\/p>\n<p>Begonnen hat der Tag auf dem Messegel\u00c3\u00a4nde Frankfurt, wo erstmals die <a href=\"http:\/\/maintier.messefrankfurt.com\/frankfurt\/de\/besucher\/willkommen\/erleben.html\" title=\"Maintier Messe Frankfurt 2011\">Maintier Messe<\/a> stattfand. Leider war es etwas entt\u00c3\u00a4uschend, denn die Messe ist recht klein. Dennoch hatten wir Freude, verschiedene Katzenrassen anzusehen und uns mit den Z\u00c3\u00bcchtern zu unterhalten. Fotos gibt\u00c2\u00b4s von dort keine, irgendwie hatte ich keine Lust, meine Kamera hervor zu kramen.<\/p>\n<p>Gleichzeitig fand auf dem gro\u00c3\u0178en Messegel\u00c3\u00a4nde der <a href=\"http:\/\/www.ffh.de\/home\/rewe-family-day-2010-8475.php\" title=\"REWE Family Day 2011\">REWE Family Day<\/a> statt &#8211; und dort tobte wirklich der B\u00c3\u00a4r. Chips, Milchprodukte, Getr\u00c3\u00a4nke, Gummib\u00c3\u00a4rchen und Schokolade, aber auch Kochshows und leckeres Essen gab es dort. Und eine gro\u00c3\u0178e B\u00c3\u00bchne, vor der sich die Jugend Frankfurts tummelte &#8211; wurde doch am Nachmittag der neue \u00e2\u20ac\u009dSuperstar\u00e2\u20ac\u009d erwartet. So lange blieben wir nat\u00c3\u00bcrlich nicht &#8211; aber ein Foto habe ich dennoch schnell gemacht. Der Herr f\u00c3\u00bchrte gerade einen Mini-Talent-Wettbewerb im Tanzen, Hip-Hoppen oder Grooven durch, w\u00c3\u00a4hrend wir gem\u00c3\u00bctlich ein Radler (f\u00c3\u00bcr den Hobbykoch) bzw. das neue <a href=\"http:\/\/drinkmix.de\/index.php\/news\/produktnews\/1238-klassik-trifft-exotik-schoefferhofer-birne-ingwer-\" title=\"Sch\u00c3\u00b6fferhofer Birne-Ingwer\">Sch\u00c3\u00b6fferhofer Birne-Ingwer<\/a> (f\u00c3\u00bcr Terragina) tranken.<\/p>\n<p style=\"text-align: center;\"><img loading=\"lazy\" decoding=\"async\" src=\"http:\/\/terragina.de\/blog\/wp-content\/uploads\/2011\/06\/rewe_family_2011.jpg\" width=\"580\" height=\"435\" alt=\"rewe_family_2011.jpg\" \/><\/p>\n<p>Lange hielt es uns allerdings dort nicht und so fuhren wir mit der S-Bahn weiter zur Alten Oper. Denn dort findet in diesen Tagen das 33. <a href=\"http:\/\/www.frankfurt-tourismus.de\/cms\/tourismussuite\/de\/messen_frankfurt_veranstaltungen\/opernplatzfest_frankfurt.html\" title=\"Opernplatzfest 2011\">Opernplatzfest<\/a> statt. Vor der Alten Oper rund um den Brunnen viele kulinarische K\u00c3\u00b6stlichkeiten aus verschiedenen L\u00c3\u00a4ndern, dazu am Nachmittag auch nette Musik &#8211; es war wirklich sehr sch\u00c3\u00b6n dort. Auch, wenn ich zu gerne den Wind abgeschaltet h\u00c3\u00a4tte und es ruhig ein paar Grad w\u00c3\u00a4rmer h\u00c3\u00a4tte sein k\u00c3\u00b6nnen.<\/p>\n<p>Nachdem ich einen leckeren Flammkuchen mit K\u00c3\u00a4se und Rucola und der Hobbykoch ein argentinisches Steak-Br\u00c3\u00b6tchen vertilgt hatten, g\u00c3\u00b6nnte ich mir ein <s>Gl\u00c3\u00a4schen<\/s> Plastikbecherchen Erdbeerbowle.<\/p>\n<div style=\"text-align: center;\">\n  \n<\/div>\n<div style=\"text-align: center;\">\n  <img loading=\"lazy\" decoding=\"async\" src=\"http:\/\/terragina.de\/blog\/wp-content\/uploads\/2011\/06\/opernplatz_01.jpg\" width=\"580\" height=\"435\" alt=\"opernplatz_01.jpg\" \/>\n<\/div>\n<div style=\"text-align: center;\">\n  \n<\/div>\n<div style=\"text-align: center;\">\n  <img loading=\"lazy\" decoding=\"async\" src=\"http:\/\/terragina.de\/blog\/wp-content\/uploads\/2011\/06\/opernplatz_02.jpg\" width=\"580\" height=\"435\" alt=\"opernplatz_02.jpg\" \/>\n<\/div>\n<div style=\"text-align: center;\">\n  \n<\/div>\n<div style=\"text-align: center;\">\n  <img loading=\"lazy\" decoding=\"async\" src=\"http:\/\/terragina.de\/blog\/wp-content\/uploads\/2011\/06\/opernplatz_03.jpg\" width=\"580\" height=\"435\" alt=\"opernplatz_03.jpg\" \/><img loading=\"lazy\" decoding=\"async\" src=\"http:\/\/terragina.de\/blog\/wp-content\/uploads\/2011\/06\/opernplatz_04.jpg\" width=\"580\" height=\"435\" alt=\"opernplatz_04.jpg\" \/>\n<\/div>\n<p>Gest\u00c3\u00a4rkt liefen wir noch ein bisschen Richtung Zeil und &#8211; wie bef\u00c3\u00bcrchtet &#8211; kam ich nicht am \u00ef\u00a3\u00bf-Store vorbei. Ben\u00c3\u00b6tigt wurde ein neuer Router, der endlich das heimische Netz so versorgt, dass wir von \u00c3\u00bcberall im Garten und im Haus auf das WLAN-Netzwerk zugreifen k\u00c3\u00b6nnen. Der Hobbykoch nahm diese Aufgabe erfolgreich in die Hand und f\u00c3\u00bcr mich sprang noch ein nettes h\u00c3\u00bcbsches \u00e2\u20ac\u017eKleidchen\u00e2\u20ac\u009d f\u00c3\u00bcrs i*Phone heraus:<\/p>\n<p style=\"text-align: center;\"><img loading=\"lazy\" decoding=\"async\" src=\"http:\/\/terragina.de\/blog\/wp-content\/uploads\/2011\/06\/iphone_huelle.jpg\" width=\"580\" height=\"435\" alt=\"iphone_huelle.jpg\" \/><\/p>\n<p>Oops &#8211; nun hatten wir doch einiges zu tragen und dachten, wir trinken noch einen Cocktail f\u00c3\u00bcr Terragina und ein Hefeweizen f\u00c3\u00bcr den Hobbykoch. Also zur\u00c3\u00bcck zum Opernplatzfest. Inzwischen sang sich auch <a href=\"http:\/\/www.celtic-chakra.de\/de\/\" title=\"Celtic Chakra\">Celtic Chakra<\/a> warm und wir konnten noch ein wenig den sch\u00c3\u00b6nen Kl\u00c3\u00a4ngen lauschen.<\/p>\n<p style=\"text-align: center;\"><\/p>\n<div style=\"text-align: center;\">\n  \n<\/div>\n<div style=\"text-align: center;\">\n  <img loading=\"lazy\" decoding=\"async\" src=\"http:\/\/terragina.de\/blog\/wp-content\/uploads\/2011\/06\/caipi.jpg\" width=\"442\" height=\"598\" alt=\"caipi.jpg\" \/>\n<\/div>\n<p style=\"text-align: center;\">&#8230; w\u00c3\u00a4hrend es einen kurzen Schauer gab&#8230;<\/p>\n<div style=\"text-align: center;\">\n  \n<\/div>\n<div style=\"text-align: center;\">\n  <img loading=\"lazy\" decoding=\"async\" src=\"http:\/\/terragina.de\/blog\/wp-content\/uploads\/2011\/06\/opernplatz_05.jpg\" width=\"580\" height=\"435\" alt=\"opernplatz_05.jpg\" \/>\n<\/div>\n<p style=\"text-align: center;\">sassen wir sch\u00c3\u00b6n im Trockenen. :yes: Rechts neben dem Brunnen im Hintergrund die B\u00c3\u00bchne&#8230;<\/p>\n<div style=\"text-align: center;\">\n  \n<\/div>\n<div style=\"text-align: center;\">\n  <img loading=\"lazy\" decoding=\"async\" src=\"http:\/\/terragina.de\/blog\/wp-content\/uploads\/2011\/06\/celtic_chakra.jpg\" width=\"580\" height=\"435\" alt=\"celtic_chakra.jpg\" \/>\n<\/div>\n<p style=\"text-align: center;\">&#8230; und hier nochmal die Band aus der N\u00c3\u00a4he &#8211; bevor wir uns links vorbei auf den Heimweg machten, schliesslich musste der Hobbykoch den neuen Router noch anschlie\u00c3\u0178en. Und ich kann ihn nur loben: Die Verbindung nun ist schnell und stark &#8211; alles prima! :hearts:<\/p>\n<p><\/p>\n<p>Hach, es war ein sch\u00c3\u00b6ner Tag! Das sollten wir unbedingt wiederholen. :yes1:<\/p>\n","protected":false},"excerpt":{"rendered":"<p>War das lange her! Nur der Hobbykoch und ich alleine in der Frankfurter Innenstadt. Einen ganzen Tag lang. Ohne Kinder! Nur wir beide&#8230; sch\u00c3\u00b6n war\u00c2\u00b4s! Begonnen hat der Tag auf dem Messegel\u00c3\u00a4nde Frankfurt, wo erstmals die Maintier Messe stattfand. Leider war es etwas entt\u00c3\u00a4uschend, denn die Messe ist recht klein. Dennoch hatten wir Freude, verschiedene Katzenrassen anzusehen und uns mit den Z\u00c3\u00bcchtern zu unterhalten. Fotos gibt\u00c2\u00b4s von dort keine, irgendwie hatte ich keine Lust, meine Kamera hervor zu kramen. Gleichzeitig fand auf dem gro\u00c3\u0178en Messegel\u00c3\u00a4nde der REWE Family Day statt &#8211; und dort tobte wirklich der B\u00c3\u00a4r. Chips, Milchprodukte, Getr\u00c3\u00a4nke, Gummib\u00c3\u00a4rchen und Schokolade, aber auch Kochshows und leckeres Essen gab es dort. Und eine gro\u00c3\u0178e B\u00c3\u00bchne, vor der sich die Jugend Frankfurts tummelte &#8211; wurde doch am Nachmittag der neue \u00e2\u20ac\u009dSuperstar\u00e2\u20ac\u009d erwartet. So lange blieben wir nat\u00c3\u00bcrlich nicht &#8211; aber ein Foto habe ich dennoch schnell gemacht. Der Herr f\u00c3\u00bchrte gerade einen Mini-Talent-Wettbewerb im Tanzen, Hip-Hoppen oder Grooven durch, w\u00c3\u00a4hrend wir gem\u00c3\u00bctlich ein Radler (f\u00c3\u00bcr den Hobbykoch) bzw. das neue Sch\u00c3\u00b6fferhofer Birne-Ingwer (f\u00c3\u00bcr Terragina) tranken. &hellip;<\/p>\n","protected":false},"author":1,"featured_media":0,"comment_status":"open","ping_status":"open","sticky":false,"template":"","format":"standard","meta":{"_jetpack_newsletter_access":"","_jetpack_dont_email_post_to_subs":false,"_jetpack_newsletter_tier_id":0,"_jetpack_memberships_contains_paywalled_content":false,"_jetpack_memberships_contains_paid_content":false,"footnotes":""},"categories":[2,114],"tags":[957,973],"class_list":["post-5977","post","type-post","status-publish","format-standard","hentry","category-foto","category-plauderecke","tag-foto","tag-plauderecke"],"jetpack_sharing_enabled":true,"jetpack_shortlink":"https:\/\/wp.me\/pq7aY-1yp","jetpack_likes_enabled":true,"jetpack-related-posts":[],"jetpack_featured_media_url":"","_links":{"self":[{"href":"https:\/\/terragina.de\/blog\/wp-json\/wp\/v2\/posts\/5977","targetHints":{"allow":["GET"]}}],"collection":[{"href":"https:\/\/terragina.de\/blog\/wp-json\/wp\/v2\/posts"}],"about":[{"href":"https:\/\/terragina.de\/blog\/wp-json\/wp\/v2\/types\/post"}],"author":[{"embeddable":true,"href":"https:\/\/terragina.de\/blog\/wp-json\/wp\/v2\/users\/1"}],"replies":[{"embeddable":true,"href":"https:\/\/terragina.de\/blog\/wp-json\/wp\/v2\/comments?post=5977"}],"version-history":[{"count":0,"href":"https:\/\/terragina.de\/blog\/wp-json\/wp\/v2\/posts\/5977\/revisions"}],"wp:attachment":[{"href":"https:\/\/terragina.de\/blog\/wp-json\/wp\/v2\/media?parent=5977"}],"wp:term":[{"taxonomy":"category","embeddable":true,"href":"https:\/\/terragina.de\/blog\/wp-json\/wp\/v2\/categories?post=5977"},{"taxonomy":"post_tag","embeddable":true,"href":"https:\/\/terragina.de\/blog\/wp-json\/wp\/v2\/tags?post=5977"}],"curies":[{"name":"wp","href":"https:\/\/api.w.org\/{rel}","templated":true}]}}