{"id":7420,"date":"2011-07-28T18:35:07","date_gmt":"2011-07-28T16:35:07","guid":{"rendered":"http:\/\/terragina.de\/blog\/?p=7420"},"modified":"2011-07-28T20:27:54","modified_gmt":"2011-07-28T18:27:54","slug":"inside7-und-ein-wenig-kuchen-lekture","status":"publish","type":"post","link":"https:\/\/terragina.de\/blog\/2011\/07\/28\/inside7-und-ein-wenig-kuchen-lekture\/","title":{"rendered":"Inside7 und ein wenig K\u00c3\u00bcchen-Lekt\u00c3\u00bcre"},"content":{"rendered":"<p><a href=\"http:\/\/nebenbeibemerkt.de\/?page=inside7.htm\" target=\"blank\"><img loading=\"lazy\" decoding=\"async\" title=\"inside7 von Annelie\" src=\"http:\/\/terragina.de\/blog\/wp-content\/uploads\/2011\/07\/inside7.jpg\" alt=\"Inside7 von Annelie - eigentlich immer mittwochs\" width=\"120\" height=\"120\" style=\"float:right; margin-leftt:10px; margin-bottom:10px;\" \/><\/a> Ich wei\u00c3\u0178 es genau &#8211; auch wenn es schon lange her ist. Aber ich habe mich vor einiger Zeit schon einmal den \u00e2\u20ac\u017eInside7\u00e2\u20ac\u009d von Annelie gewidmet. :yes: Heute nun ist es mal wieder soweit, weil mir die Denkanst\u00c3\u00b6sse beim Surfen wieder \u00c3\u00b6fter begegnet sind und ich einfach heute einmal Lust dazu hatte.<\/p>\n<p>Ich habe gerade noch einmal im Blog nachgesehen &#8211; <a href=\"http:\/\/terragina.de\/blog\/2010\/04\/07\/premiere-bei-7inside\/\" title=\"Premiere bei Annelies Inside7\">hier<\/a> hatte ich die L\u00c3\u00bccken das erste mal und auch das einzige mal erg\u00c3\u00a4nzt. :blush: Das ist ja schon deutlich \u00c3\u00bcber ein Jahr her\u00e2\u20ac\u00a6. :blush1: &#8211; unfassbar! Und dann bin ich auch noch einen Tag zu sp\u00c3\u00a4t\u00e2\u20ac\u00a6. :blush2: Aber was soll`s &#8211; \u00e2\u20ac\u017edabei ist alles\u00e2\u20ac\u009d, oder wie war das? Liebe Annelie, bitte entschuldige meine Versp\u00c3\u00a4tung\u00e2\u20ac\u00a6. ;)<\/p>\n<p>st\u00c3\u00bcndlich&#8230; <strong>etwas zu trinken &#8211; daran erinnert mich mein i*Phone App!<\/strong> <em>(anders w\u00c3\u00bcrde ich wohl kaum an die gew\u00c3\u00bcnschte Tagesmenge von 3 Litern kommen)<\/em><\/p>\n<p>t\u00c3\u00a4glich&#8230; <strong>lauern die Katzen morgens auf mich, weil sie ja solch einen gro\u00c3\u0178en Hunger haben!<\/strong><\/p>\n<p>w\u00c3\u00b6chentlich&#8230; <strong>wird dienstags das Spritzchen notwendig.<\/strong> <em>Ich wundere mich immer wieder, wie schnell doch wieder Dienstag ist.<\/em><\/p>\n<p>monatlich\u00e2\u20ac\u00a6 <strong>halte ich gegen Ende des Monats meine Abrechnung in der Hand. Ein sehr beruhigendes Gef\u00c3\u00bchl.<\/strong><\/p>\n<p>viertelj\u00c3\u00a4hrliche\u00e2\u20ac\u00a6 <strong>Treffen mit lieben Freunden sollen ein absolutes Minimum sein.<\/strong><em>*hinterdieOhrenschreib*<\/em><\/p>\n<p>j\u00c3\u00a4hrlich&#8230; <strong>kommt Weihnachten auf einmal ganz pl\u00c3\u00b6tzlich und ich freue mich immer sehr darauf.<\/strong><\/p>\n<p>dazu passt\u00e2\u20ac\u00a6 <strong>der gute Vorsatz, sch\u00c3\u00b6ne Geschenke endlich ein wenig fr\u00c3\u00bcher zu besorgen als auf den letzten Dr\u00c3\u00bccker.<\/strong><\/p>\n<p><\/p>\n<p>Es hat mir gro\u00c3\u0178en Spa\u00c3\u0178 gemacht, die grauen Zellen ein wenig zu bem\u00c3\u00bchen und die S\u00c3\u00a4tze zu vervollst\u00c3\u00a4ndigen. Mein Dank geht an Annelie, die sich jeden Mittwoch aufs Neue sieben Wortfetzen ausdenkt &#8211; ich finde das toll!<\/p>\n<p style=\"text-align: center;\">~~~~~~~~~~~~~~~~~~~~~~<\/p>\n<p>Und sonst der Tag heute?<\/p>\n<p>Vormittags regnet es in Str\u00c3\u00b6men und ist grau in grau. Ich habe meinen letzten Arbeitstag der Woche. :dance:<\/p>\n<p>Mittags Kontrolltermin bei der Rheumatologin meines Vertrauens. Alles ist soweit ok und ich darf das Kortison noch weiter reduzieren. Somit bin ich nun bei 7mg\/Tag angekommen. Ein gutes Gef\u00c3\u00bchl. :dance: Ich bin schon ganz hibbelig, ob der Nierenwert in den letzten 6 Wochen nun noch weiter gesunken ist &#8211; das w\u00c3\u00a4re gro\u00c3\u0178artig. Dann h\u00c3\u00a4tte ich berechtigte Hoffnung, dass sich alles wieder normalisiert. <em>Ein paar gedr\u00c3\u00bcckte Daumen k\u00c3\u00b6nnen sicher nicht schaden\u00e2\u20ac\u00a6<\/em><\/p>\n<p>Daheim angekommen erwartete mich ein herrliches Nudelgericht mit Hackfleisch und Frischk\u00c3\u00a4se &#8211; das Tochterkind hatte gekocht. <em>Sehr lecker!<\/em><\/p>\n<p>Nach dem Essen die Teenagerin geschnappt und mit ihr zum Lieblings-Drogeriemarkt und in ein gro\u00c3\u0178es gr\u00c3\u00bcnes M\u00c3\u00b6belhaus gefahren. Beim Bummeln kam ich an einer h\u00c3\u00bcbschen Bettw\u00c3\u00a4sche nicht vorbei, die ich dann letztenendes zum Kn\u00c3\u00bcllerpreis erstanden habe. So macht Shoppen Freude.<\/p>\n<p>Nun sitze ich hier und blogge, neben mir ein neues Kochbuch, das der nette Postmann mir bereits gestern vorbei gebracht hat. Bei <a href=\"http:\/\/peho.typepad.com\/chili_und_ciabatta\/2011\/07\/pikante-nudeln-mit-shrimp-fideus-seco.html\" title=\"Chilli und Ciabatta\">Petra<\/a> hatte ich davon gelesen, Petras Link folgend <a href=\"http:\/\/www.valentinas-kochbuch.de\/index.php?article_id=795\" title=\"Valentinas Kochbuch\">hier<\/a> noch mehr Informationen gefunden und es letztenendes dann <a href=\"http:\/\/www.amazon.de\/Mexikanisch-Kochen-einfach-Thomasina-Miers\/dp\/3831018448\" title=\"Bei Amazon luschern gehen\">hier<\/a> bestellt.<\/p>\n<div style=\"text-align: center;\">\n  <img loading=\"lazy\" decoding=\"async\" src=\"http:\/\/terragina.de\/blog\/wp-content\/uploads\/2011\/07\/mexikanisch_kochen.jpg\" width=\"580\" height=\"435\" alt=\"mexikanisch_kochen.jpg\" \/>\n<\/div>\n<p>Der Hobbykoch und die Teenagerin haben schon gebl\u00c3\u00a4ttert und ich ziehe mich jetzt auch zur\u00c3\u00bcck, denn bislang habe ich es nur \u00c3\u00bcberfliegen k\u00c3\u00b6nnen.<\/p>\n<p>Entschuldigt mich bitte &#8211; wer mich sucht &#8211; ich sitze bei fr\u00c3\u00bch-abendlichem Sonnenschein, auf der Terrasse. :yes1:<\/p>\n<p><\/p>\n<p><em><font color=\"#048976\">\u00c3\u0153brigens: Dem Sohnemann geht`s in seinem Zeltlager gut, wie die Freundin der Teenagerin (die ebenfalls im gleichen Zeltlager ist) selbiger per SMS gestern mitgeteilt hat. Er hat sich n\u00c3\u00a4mlich an die Anweisungen auf der Packliste gehalten und sein Handy daheim gelassen. Braver Bub!<br \/><\/font><\/em><\/p>\n<p><em><font color=\"#048976\">Und wie ist es denn im Grunde? Wenn man nichts h\u00c3\u00b6rt, dann ist alles in Ordnung. ;)<\/font><\/em><\/p>\n","protected":false},"excerpt":{"rendered":"<p>Ich wei\u00c3\u0178 es genau &#8211; auch wenn es schon lange her ist. Aber ich habe mich vor einiger Zeit schon einmal den \u00e2\u20ac\u017eInside7\u00e2\u20ac\u009d von Annelie gewidmet. :yes: Heute nun ist es mal wieder soweit, weil mir die Denkanst\u00c3\u00b6sse beim Surfen wieder \u00c3\u00b6fter begegnet sind und ich einfach heute einmal Lust dazu hatte. Ich habe gerade noch einmal im Blog nachgesehen &#8211; hier hatte ich die L\u00c3\u00bccken das erste mal und auch das einzige mal erg\u00c3\u00a4nzt. :blush: Das ist ja schon deutlich \u00c3\u00bcber ein Jahr her\u00e2\u20ac\u00a6. :blush1: &#8211; unfassbar! Und dann bin ich auch noch einen Tag zu sp\u00c3\u00a4t\u00e2\u20ac\u00a6. :blush2: Aber was soll`s &#8211; \u00e2\u20ac\u017edabei ist alles\u00e2\u20ac\u009d, oder wie war das? Liebe Annelie, bitte entschuldige meine Versp\u00c3\u00a4tung\u00e2\u20ac\u00a6. ;) st\u00c3\u00bcndlich&#8230; etwas zu trinken &#8211; daran erinnert mich mein i*Phone App! (anders w\u00c3\u00bcrde ich wohl kaum an die gew\u00c3\u00bcnschte Tagesmenge von 3 Litern kommen) t\u00c3\u00a4glich&#8230; lauern die Katzen morgens auf mich, weil sie ja solch einen gro\u00c3\u0178en Hunger haben! w\u00c3\u00b6chentlich&#8230; wird dienstags das Spritzchen notwendig. Ich wundere mich immer wieder, wie schnell doch wieder Dienstag ist. monatlich\u00e2\u20ac\u00a6 halte &hellip;<\/p>\n","protected":false},"author":1,"featured_media":0,"comment_status":"open","ping_status":"open","sticky":false,"template":"","format":"standard","meta":{"_jetpack_newsletter_access":"","_jetpack_dont_email_post_to_subs":false,"_jetpack_newsletter_tier_id":0,"_jetpack_memberships_contains_paywalled_content":false,"_jetpack_memberships_contains_paid_content":false,"footnotes":""},"categories":[114,168,94],"tags":[48,170,973,969],"class_list":["post-7420","post","type-post","status-publish","format-standard","hentry","category-plauderecke","category-rund-ums-kochen","category-stoeckchen","tag-buecher","tag-kochen","tag-plauderecke","tag-stoeckchen"],"jetpack_sharing_enabled":true,"jetpack_shortlink":"https:\/\/wp.me\/pq7aY-1VG","jetpack_likes_enabled":true,"jetpack-related-posts":[],"jetpack_featured_media_url":"","_links":{"self":[{"href":"https:\/\/terragina.de\/blog\/wp-json\/wp\/v2\/posts\/7420","targetHints":{"allow":["GET"]}}],"collection":[{"href":"https:\/\/terragina.de\/blog\/wp-json\/wp\/v2\/posts"}],"about":[{"href":"https:\/\/terragina.de\/blog\/wp-json\/wp\/v2\/types\/post"}],"author":[{"embeddable":true,"href":"https:\/\/terragina.de\/blog\/wp-json\/wp\/v2\/users\/1"}],"replies":[{"embeddable":true,"href":"https:\/\/terragina.de\/blog\/wp-json\/wp\/v2\/comments?post=7420"}],"version-history":[{"count":0,"href":"https:\/\/terragina.de\/blog\/wp-json\/wp\/v2\/posts\/7420\/revisions"}],"wp:attachment":[{"href":"https:\/\/terragina.de\/blog\/wp-json\/wp\/v2\/media?parent=7420"}],"wp:term":[{"taxonomy":"category","embeddable":true,"href":"https:\/\/terragina.de\/blog\/wp-json\/wp\/v2\/categories?post=7420"},{"taxonomy":"post_tag","embeddable":true,"href":"https:\/\/terragina.de\/blog\/wp-json\/wp\/v2\/tags?post=7420"}],"curies":[{"name":"wp","href":"https:\/\/api.w.org\/{rel}","templated":true}]}}