{"id":7472,"date":"2011-08-02T18:44:12","date_gmt":"2011-08-02T16:44:12","guid":{"rendered":"http:\/\/terragina.de\/blog\/2011\/08\/02\/mittwoch-ist-yogatag\/"},"modified":"2011-08-20T12:34:50","modified_gmt":"2011-08-20T10:34:50","slug":"mittwoch-ist-yogatag","status":"publish","type":"post","link":"https:\/\/terragina.de\/blog\/2011\/08\/02\/mittwoch-ist-yogatag\/","title":{"rendered":"Mittwoch ist Yogatag"},"content":{"rendered":"<p>Die aufmerksamen Leser dieses Blogs wissen das bereits. Und ich freue mich sagen zu k\u00c3\u00b6nnen, dass ich auch kein Problem damit h\u00c3\u00a4tte, 2x in der Woche zum Yoga zu gehen. Leider ist das logistisch nicht gut machbar, denn ich arbeite ja nur halbtags. Zu \u00c3\u00bcberbr\u00c3\u00bccken w\u00c3\u00a4ren f\u00c3\u00bcnf Stunden montags und das ist mir definitiv zu lang. Aber vielleicht tut sich ja eines sch\u00c3\u00b6nen Tages eine andere M\u00c3\u00b6glichkeit auf.<\/p>\n<p>Ich freue mich \u00c3\u00bcbrigens sagen zu k\u00c3\u00b6nnen, dass auch der Hobbykoch jetzt unter die Yogis geht. Am Donnerstag hat er seine erste Probestunde (90 min.) &#8211; <a title=\"Balance Yoga in Frankfurt\" href=\"http:\/\/www.balanceyoga.de\/\">hier<\/a> (das Studio w\u00c3\u00bcrde mir auch gefallen\u00e2\u20ac\u00a6.) Mal sehen, was er zu berichten hat und ich w\u00c3\u00bcnsche ihm, dass er hat auch Spa\u00c3\u0178 daran hat und nicht frustriert ist, wenn es nicht gleich auf Anhieb klappt.<\/p>\n<p>Aber dar\u00c3\u00bcber wollte ich eigentlich nur am Rande schreiben. Eigentlich ist es n\u00c3\u00a4mlich so, dass heute wieder einmal der nette Mann vom Paketdienst geklingelt hat und mir meine neue Yoga- bzw. Sporttasche brachte. Toll &#8211; dann kann ich sie n\u00c3\u00a4mlich morgen schon benutzen.<\/p>\n<p>Tadaa &#8211; hier ist das schicke Teil:<\/p>\n<div style=\"text-align: center;\">\n  <img loading=\"lazy\" decoding=\"async\" src=\"http:\/\/terragina.de\/blog\/wp-content\/uploads\/2011\/08\/dakine_yogatasche.jpg\" alt=\"dakine_yogatasche.jpg\" width=\"580\" height=\"435\" \/>\n<\/div>\n<p>Das Beste daran: Sie hat endlich ein separates Schuhfach, das von der Schmalseite sehr leicht zu \u00c3\u00b6ffnen ist. Und endlich auch ein paar kleinere Aussenf\u00c3\u00a4cher, in denen man wunderbar Krimskrams verstauen kann. Vom mp3-Player \u00c3\u00bcber die Mitgliedskarte, Portemonnaie und Autoschl\u00c3\u00bcssel. Meine alte hatte da nichts zu bieten. Ausser einer einzigen kleinen Aussentasche war da nichts vorhanden.<\/p>\n<p>Nun steht sie gepackt parat und wird morgen erstmalig ausgef\u00c3\u00bchrt. :dance:<\/p>\n<p>Und wer von Euch derzeit auch nach einer stabilen Sporttasche, Laptoptasche oder einem Rucksack sucht\u00e2\u20ac\u00a6 bei <a title=\"Dakine-Shop\" href=\"http:\/\/www.dakine-shop.de\/\">Dakine<\/a> findet derzeit ein Ausverkauf statt und da ist f\u00c3\u00bcr M\u00c3\u00a4nner, Frauen und Kinder was dabei.<\/p>\n<p>Schn\u00c3\u00a4ppchenj\u00c3\u00a4ger &#8211; Vorbeischauen lohnt sich! ;)<\/p>\n","protected":false},"excerpt":{"rendered":"<p>Die aufmerksamen Leser dieses Blogs wissen das bereits. Und ich freue mich sagen zu k\u00c3\u00b6nnen, dass ich auch kein Problem damit h\u00c3\u00a4tte, 2x in der Woche zum Yoga zu gehen. Leider ist das logistisch nicht gut machbar, denn ich arbeite ja nur halbtags. Zu \u00c3\u00bcberbr\u00c3\u00bccken w\u00c3\u00a4ren f\u00c3\u00bcnf Stunden montags und das ist mir definitiv zu lang. Aber vielleicht tut sich ja eines sch\u00c3\u00b6nen Tages eine andere M\u00c3\u00b6glichkeit auf. Ich freue mich \u00c3\u00bcbrigens sagen zu k\u00c3\u00b6nnen, dass auch der Hobbykoch jetzt unter die Yogis geht. Am Donnerstag hat er seine erste Probestunde (90 min.) &#8211; hier (das Studio w\u00c3\u00bcrde mir auch gefallen\u00e2\u20ac\u00a6.) Mal sehen, was er zu berichten hat und ich w\u00c3\u00bcnsche ihm, dass er hat auch Spa\u00c3\u0178 daran hat und nicht frustriert ist, wenn es nicht gleich auf Anhieb klappt. Aber dar\u00c3\u00bcber wollte ich eigentlich nur am Rande schreiben. Eigentlich ist es n\u00c3\u00a4mlich so, dass heute wieder einmal der nette Mann vom Paketdienst geklingelt hat und mir meine neue Yoga- bzw. Sporttasche brachte. Toll &#8211; dann kann ich sie n\u00c3\u00a4mlich morgen schon benutzen. Tadaa &#8211; &hellip;<\/p>\n","protected":false},"author":1,"featured_media":0,"comment_status":"open","ping_status":"open","sticky":false,"template":"","format":"standard","meta":{"_jetpack_newsletter_access":"","_jetpack_dont_email_post_to_subs":false,"_jetpack_newsletter_tier_id":0,"_jetpack_memberships_contains_paywalled_content":false,"_jetpack_memberships_contains_paid_content":false,"footnotes":""},"categories":[114,322],"tags":[973,420],"class_list":["post-7472","post","type-post","status-publish","format-standard","hentry","category-plauderecke","category-sport","tag-plauderecke","tag-yoga"],"jetpack_sharing_enabled":true,"jetpack_shortlink":"https:\/\/wp.me\/pq7aY-1Ww","jetpack_likes_enabled":true,"jetpack-related-posts":[],"jetpack_featured_media_url":"","_links":{"self":[{"href":"https:\/\/terragina.de\/blog\/wp-json\/wp\/v2\/posts\/7472","targetHints":{"allow":["GET"]}}],"collection":[{"href":"https:\/\/terragina.de\/blog\/wp-json\/wp\/v2\/posts"}],"about":[{"href":"https:\/\/terragina.de\/blog\/wp-json\/wp\/v2\/types\/post"}],"author":[{"embeddable":true,"href":"https:\/\/terragina.de\/blog\/wp-json\/wp\/v2\/users\/1"}],"replies":[{"embeddable":true,"href":"https:\/\/terragina.de\/blog\/wp-json\/wp\/v2\/comments?post=7472"}],"version-history":[{"count":0,"href":"https:\/\/terragina.de\/blog\/wp-json\/wp\/v2\/posts\/7472\/revisions"}],"wp:attachment":[{"href":"https:\/\/terragina.de\/blog\/wp-json\/wp\/v2\/media?parent=7472"}],"wp:term":[{"taxonomy":"category","embeddable":true,"href":"https:\/\/terragina.de\/blog\/wp-json\/wp\/v2\/categories?post=7472"},{"taxonomy":"post_tag","embeddable":true,"href":"https:\/\/terragina.de\/blog\/wp-json\/wp\/v2\/tags?post=7472"}],"curies":[{"name":"wp","href":"https:\/\/api.w.org\/{rel}","templated":true}]}}