{"id":7485,"date":"2011-08-03T17:09:53","date_gmt":"2011-08-03T15:09:53","guid":{"rendered":"http:\/\/terragina.de\/blog\/2011\/08\/03\/inside-7-diesmal-punktlich\/"},"modified":"2011-08-10T18:14:22","modified_gmt":"2011-08-10T16:14:22","slug":"inside-7-diesmal-punktlich","status":"publish","type":"post","link":"https:\/\/terragina.de\/blog\/2011\/08\/03\/inside-7-diesmal-punktlich\/","title":{"rendered":"Inside 7, diesmal p\u00c3\u00bcnktlich!"},"content":{"rendered":"<p><a href=\"http:\/\/nebenbeibemerkt.de\/?page=inside7.htm\" target=\"blank\"><img loading=\"lazy\" decoding=\"async\" title=\"inside7 von Annelie\" src=\"http:\/\/terragina.de\/blog\/wp-content\/uploads\/2011\/07\/inside7.jpg\" alt=\"Inside7 von Annelie - eigentlich immer mittwochs\" width=\"120\" height=\"120\" style=\"float:right; margin-left:10px; margin-bottom:10px;\" \/><\/a>Heute denke ich an Annelies Inside 7 &#8211; ich habe mich schon den ganzen Tag darauf gefreut. W\u00c3\u00a4hrend es draussen gewittert, habe ich mich entschlossen, den Macci mal anzulassen und nun sitze ich hier und erg\u00c3\u00a4nze die Vorgaben. Sonst noch jemand Lust?<\/p>\n<p><\/p>\n<p>vor dem Fenster\u00e2\u20ac\u00a6 <b>sch\u00c3\u00bcttet es gerade wie aus Eimern und ein paarmal hat es auch heftigst gedonnert.<\/b><\/p>\n<p>ich m\u00c3\u00b6chte so gern\u00e2\u20ac\u00a6 <strong>viel mehr Zeit haben. Zum Blogs lesen und kommentieren, zum Fotografieren, zum Basteln. Und nach USA. Und nach Australien. Und nach Kanada<\/strong><strong>\u00e2\u20ac\u00a6. diese Liste l\u00c3\u00a4sst sich beliebig verl\u00c3\u00a4ngern. ;)<\/strong><\/p>\n<p>ich erinnere mich\u00e2\u20ac\u00a6 <strong>unheimlich gerne an die Zeit, als die Kinder noch ganz klein waren.<\/strong> <em>Und trotzdem bin ich froh, dass sie schon so gro\u00c3\u0178 und selbst\u00c3\u00a4ndig sind.<\/em><\/p>\n<p>gl\u00c3\u00bccklich macht mich\u00e2\u20ac\u00a6 <strong>ein strahlendes L\u00c3\u00a4cheln meiner Kinder und ein \u00e2\u20ac\u017eIch hab` Dich lieb\u00e2\u20ac\u009d.<\/strong><\/p>\n<p>mein Leben\u00e2\u20ac\u00a6 <strong>war nicht immer so sch\u00c3\u00b6n wie jetzt &#8211; ich bin froh, heute da zu stehen, wo ich bin.<\/strong><\/p>\n<p>ich sorge mich\u00e2\u20ac\u00a6 <strong>immer um meine Kinder, wenn sie nicht p\u00c3\u00bcnktlich zu Hause sind. Und sie mal wieder das Handy vergessen oder der Akku leer ist. :oh:<\/strong><\/p>\n<p>ich w\u00c3\u00bcnschte\u00e2\u20ac\u00a6 <strong>dass Frieden in der Welt herrscht und alle Menschen einander begegnen, wie sie es sich selber w\u00c3\u00bcnschen.<\/strong><\/p>\n<p><strong><br \/><\/strong><\/p>\n<p><strong><br \/><\/strong><\/p>\n<p style=\"text-align: center;\">~~~~~~~~~~~~~~~~~~~~~~~~~~~~~~~~~~<\/p>\n<p><\/p>\n<p>Ein Bild des Tages habe ich heute noch zum Bloggen vorgesehen &#8211; und eine kleine Erl\u00c3\u00a4uterung dazu:<\/p>\n<p>K\u00c3\u00b6nnt Ihr Euch vorstellen, wie es ist, wenn das Geb\u00c3\u00a4ude, in dem man ca. 5-6 Jahre gearbeitet hat, auf einmal erdbodengleich gemacht werden soll? Ich sehe das Geb\u00c3\u00a4ude, wenn ich mittwochs duch das Werksgel\u00c3\u00a4nde laufe und zum Yoga fahre. Ich hatte nur das i*Phone dabei. ;)<\/p>\n<p><\/p>\n<p style=\"text-align: center;\">Auf dem Hinweg zum Yoga\u00e2\u20ac\u00a6<\/p>\n<div style=\"text-align: center;\">\n  \n<\/div>\n<div style=\"text-align: center;\">\n  <img loading=\"lazy\" decoding=\"async\" src=\"http:\/\/terragina.de\/blog\/wp-content\/uploads\/2011\/08\/G865_01.jpg\" width=\"435\" height=\"580\" alt=\"G865_01.jpg\" \/>\n<\/div>\n<p style=\"text-align: center;\">Und auf dem R\u00c3\u00bcckweg:<\/p>\n<div style=\"text-align: center;\">\n  \n<\/div>\n<div style=\"text-align: center;\">\n  <img loading=\"lazy\" decoding=\"async\" src=\"http:\/\/terragina.de\/blog\/wp-content\/uploads\/2011\/08\/G865_02.jpg\" width=\"435\" height=\"580\" alt=\"G865_02.jpg\" \/>\n<\/div>\n<p style=\"text-align: center;\">Ein komisches Gef\u00c3\u00bchl\u00e2\u20ac\u00a6 ein sehr komisches\u00e2\u20ac\u00a6.<\/p>\n","protected":false},"excerpt":{"rendered":"<p>Heute denke ich an Annelies Inside 7 &#8211; ich habe mich schon den ganzen Tag darauf gefreut. W\u00c3\u00a4hrend es draussen gewittert, habe ich mich entschlossen, den Macci mal anzulassen und nun sitze ich hier und erg\u00c3\u00a4nze die Vorgaben. Sonst noch jemand Lust? vor dem Fenster\u00e2\u20ac\u00a6 sch\u00c3\u00bcttet es gerade wie aus Eimern und ein paarmal hat es auch heftigst gedonnert. ich m\u00c3\u00b6chte so gern\u00e2\u20ac\u00a6 viel mehr Zeit haben. Zum Blogs lesen und kommentieren, zum Fotografieren, zum Basteln. Und nach USA. Und nach Australien. Und nach Kanada\u00e2\u20ac\u00a6. diese Liste l\u00c3\u00a4sst sich beliebig verl\u00c3\u00a4ngern. ;) ich erinnere mich\u00e2\u20ac\u00a6 unheimlich gerne an die Zeit, als die Kinder noch ganz klein waren. Und trotzdem bin ich froh, dass sie schon so gro\u00c3\u0178 und selbst\u00c3\u00a4ndig sind. gl\u00c3\u00bccklich macht mich\u00e2\u20ac\u00a6 ein strahlendes L\u00c3\u00a4cheln meiner Kinder und ein \u00e2\u20ac\u017eIch hab` Dich lieb\u00e2\u20ac\u009d. mein Leben\u00e2\u20ac\u00a6 war nicht immer so sch\u00c3\u00b6n wie jetzt &#8211; ich bin froh, heute da zu stehen, wo ich bin. ich sorge mich\u00e2\u20ac\u00a6 immer um meine Kinder, wenn sie nicht p\u00c3\u00bcnktlich zu Hause sind. Und sie mal wieder das Handy vergessen &hellip;<\/p>\n","protected":false},"author":1,"featured_media":0,"comment_status":"open","ping_status":"open","sticky":false,"template":"","format":"standard","meta":{"_jetpack_newsletter_access":"","_jetpack_dont_email_post_to_subs":false,"_jetpack_newsletter_tier_id":0,"_jetpack_memberships_contains_paywalled_content":false,"_jetpack_memberships_contains_paid_content":false,"footnotes":""},"categories":[114,94],"tags":[421,973,969],"class_list":["post-7485","post","type-post","status-publish","format-standard","hentry","category-plauderecke","category-stoeckchen","tag-fotoalbum","tag-plauderecke","tag-stoeckchen"],"jetpack_sharing_enabled":true,"jetpack_shortlink":"https:\/\/wp.me\/pq7aY-1WJ","jetpack_likes_enabled":true,"jetpack-related-posts":[],"jetpack_featured_media_url":"","_links":{"self":[{"href":"https:\/\/terragina.de\/blog\/wp-json\/wp\/v2\/posts\/7485","targetHints":{"allow":["GET"]}}],"collection":[{"href":"https:\/\/terragina.de\/blog\/wp-json\/wp\/v2\/posts"}],"about":[{"href":"https:\/\/terragina.de\/blog\/wp-json\/wp\/v2\/types\/post"}],"author":[{"embeddable":true,"href":"https:\/\/terragina.de\/blog\/wp-json\/wp\/v2\/users\/1"}],"replies":[{"embeddable":true,"href":"https:\/\/terragina.de\/blog\/wp-json\/wp\/v2\/comments?post=7485"}],"version-history":[{"count":0,"href":"https:\/\/terragina.de\/blog\/wp-json\/wp\/v2\/posts\/7485\/revisions"}],"wp:attachment":[{"href":"https:\/\/terragina.de\/blog\/wp-json\/wp\/v2\/media?parent=7485"}],"wp:term":[{"taxonomy":"category","embeddable":true,"href":"https:\/\/terragina.de\/blog\/wp-json\/wp\/v2\/categories?post=7485"},{"taxonomy":"post_tag","embeddable":true,"href":"https:\/\/terragina.de\/blog\/wp-json\/wp\/v2\/tags?post=7485"}],"curies":[{"name":"wp","href":"https:\/\/api.w.org\/{rel}","templated":true}]}}