{"id":7489,"date":"2011-08-05T08:40:52","date_gmt":"2011-08-05T06:40:52","guid":{"rendered":"http:\/\/terragina.de\/blog\/2011\/08\/05\/freitags-fuller-123\/"},"modified":"2011-08-05T20:18:13","modified_gmt":"2011-08-05T18:18:13","slug":"freitags-fuller-123","status":"publish","type":"post","link":"https:\/\/terragina.de\/blog\/2011\/08\/05\/freitags-fuller-123\/","title":{"rendered":"Freitags-F\u00c3\u00bcller #123"},"content":{"rendered":"<div style=\"text-align: left;\">\n<p>Nach einer ersten Tasse Kaffee, dem Ausr\u00c3\u00a4umen der Sp\u00c3\u00bclmaschine und dem Versorgen der Katzen widme ich mich zum Start des Tages erstmal Barbaras<\/p>\n<\/div>\n<div style=\"text-align: center;\">\n  <font color=\"#0000EE\"><u><br \/><\/u><\/font> <a title=\"Barbara`s Scrap-Impulse mitnehmen\" href=\"http:\/\/scrap-impulse.typepad.com\/scrapimpulse\/2011\/08\/freitags-f%C3%BCller-123.html\"><img loading=\"lazy\" decoding=\"async\" src=\"http:\/\/terragina.de\/blog\/images\/freitags_fueller.jpg\" alt=\"freitags_fueller.jpg\" width=\"400\" height=\"87\" \/><\/a>\n<\/div>\n<div style=\"text-align: left;\">\n  \n<\/div>\n<div style=\"text-align: center;\">\n  \n<\/div>\n<p>Heute habe ich mich f\u00c3\u00bcr T\u00c3\u00bcrkis-Gr\u00c3\u00bcn entschieden und die obligatorische Fettschrift. :)<\/p>\n<p><\/p>\n<p>1. Ich f\u00c3\u00bchl mich gut, wenn <strong><font color=\"#39C0AC\">am fr\u00c3\u00bchen schon die Sonne scheint bei angenehmen Temperaturen und ich keine Socken oder Str\u00c3\u00bcmpfe brauche<\/font><\/strong>.<\/p>\n<p>2. <strong><font color=\"#39C0AC\">In der neuen Bettw\u00c3\u00a4sche ist ganz sch\u00c3\u00b6n viel<\/font><\/strong> gr\u00c3\u00bcn.<\/p>\n<p>3. Bald gibt es wieder <strong><font color=\"#39C0AC\">\u00c3\u0153-Eier. Wie ich darauf komme? Das erz\u00c3\u00a4hle ich Euch vielleicht ein andermal<\/font><\/strong>. ;)<\/p>\n<p><b><span style=\"font-weight: normal;\">4. <strong><font color=\"#39C0AC\">Ein bisschen Traubensaft mit ganz viel Wasser,<\/font><\/strong>mein bester Durstl\u00c3\u00b6scher bei gro\u00c3\u0178er Hitze.<\/span><\/b><\/p>\n<p>5. Ich kann mich nicht entscheiden <b><font color=\"#39C0AC\">soll ich heute die FlipFlops oder die Sandaletten mit Bastsohle anziehen?<\/font><\/b><\/p>\n<p>6. <b><font color=\"#39C0AC\">Der Sommer k\u00c3\u00b6nnte ruhig noch ein wenig l\u00c3\u00a4nger andauern &#8211;<\/font><\/b> oder etwa nicht?<\/p>\n<p>7. Was das Wochenende angeht, heute abend freue ich mich auf <strong><font color=\"#39C0AC\">einen sch\u00c3\u00b6nen Familienabend (endlich wieder mit dem Sohnemann)<\/font><\/strong>, morgen habe ich <strong><font color=\"#39C0AC\">den 40.sten Geburtstag einer sehr lieben Freundin<\/font><\/strong> geplant und Sonntag <strong><font color=\"#39C0AC\">werde ich das tun, worauf ich gerade Lust habe<\/font><\/strong>. ;)<\/p>\n<p>Ich werde mich jetzt fertig machen, um meiner lieben Nagelfee einen Besuch abzustatten (meine G\u00c3\u00bcte, meine N\u00c3\u00a4gel sind ein Graus). 6 Wochen sind definitiv zu lang&#8230;<\/p>\n<p><em>Heute und morgen soll es nochmal warm werden und gar nicht sooo viel regnen &#8211; versucht, das Beste draus zu machen!<\/em><\/p>\n","protected":false},"excerpt":{"rendered":"<p>Nach einer ersten Tasse Kaffee, dem Ausr\u00c3\u00a4umen der Sp\u00c3\u00bclmaschine und dem Versorgen der Katzen widme ich mich zum Start des Tages erstmal Barbaras Heute habe ich mich f\u00c3\u00bcr T\u00c3\u00bcrkis-Gr\u00c3\u00bcn entschieden und die obligatorische Fettschrift. :) 1. Ich f\u00c3\u00bchl mich gut, wenn am fr\u00c3\u00bchen schon die Sonne scheint bei angenehmen Temperaturen und ich keine Socken oder Str\u00c3\u00bcmpfe brauche. 2. In der neuen Bettw\u00c3\u00a4sche ist ganz sch\u00c3\u00b6n viel gr\u00c3\u00bcn. 3. Bald gibt es wieder \u00c3\u0153-Eier. Wie ich darauf komme? Das erz\u00c3\u00a4hle ich Euch vielleicht ein andermal. ;) 4. Ein bisschen Traubensaft mit ganz viel Wasser,mein bester Durstl\u00c3\u00b6scher bei gro\u00c3\u0178er Hitze. 5. Ich kann mich nicht entscheiden soll ich heute die FlipFlops oder die Sandaletten mit Bastsohle anziehen? 6. Der Sommer k\u00c3\u00b6nnte ruhig noch ein wenig l\u00c3\u00a4nger andauern &#8211; oder etwa nicht? 7. Was das Wochenende angeht, heute abend freue ich mich auf einen sch\u00c3\u00b6nen Familienabend (endlich wieder mit dem Sohnemann), morgen habe ich den 40.sten Geburtstag einer sehr lieben Freundin geplant und Sonntag werde ich das tun, worauf ich gerade Lust habe. ;) Ich werde mich jetzt &hellip;<\/p>\n","protected":false},"author":1,"featured_media":0,"comment_status":"open","ping_status":"open","sticky":false,"template":"","format":"standard","meta":{"_jetpack_newsletter_access":"","_jetpack_dont_email_post_to_subs":false,"_jetpack_newsletter_tier_id":0,"_jetpack_memberships_contains_paywalled_content":false,"_jetpack_memberships_contains_paid_content":false,"footnotes":""},"categories":[114,94],"tags":[973,969],"class_list":["post-7489","post","type-post","status-publish","format-standard","hentry","category-plauderecke","category-stoeckchen","tag-plauderecke","tag-stoeckchen"],"jetpack_sharing_enabled":true,"jetpack_shortlink":"https:\/\/wp.me\/pq7aY-1WN","jetpack_likes_enabled":true,"jetpack-related-posts":[],"jetpack_featured_media_url":"","_links":{"self":[{"href":"https:\/\/terragina.de\/blog\/wp-json\/wp\/v2\/posts\/7489","targetHints":{"allow":["GET"]}}],"collection":[{"href":"https:\/\/terragina.de\/blog\/wp-json\/wp\/v2\/posts"}],"about":[{"href":"https:\/\/terragina.de\/blog\/wp-json\/wp\/v2\/types\/post"}],"author":[{"embeddable":true,"href":"https:\/\/terragina.de\/blog\/wp-json\/wp\/v2\/users\/1"}],"replies":[{"embeddable":true,"href":"https:\/\/terragina.de\/blog\/wp-json\/wp\/v2\/comments?post=7489"}],"version-history":[{"count":0,"href":"https:\/\/terragina.de\/blog\/wp-json\/wp\/v2\/posts\/7489\/revisions"}],"wp:attachment":[{"href":"https:\/\/terragina.de\/blog\/wp-json\/wp\/v2\/media?parent=7489"}],"wp:term":[{"taxonomy":"category","embeddable":true,"href":"https:\/\/terragina.de\/blog\/wp-json\/wp\/v2\/categories?post=7489"},{"taxonomy":"post_tag","embeddable":true,"href":"https:\/\/terragina.de\/blog\/wp-json\/wp\/v2\/tags?post=7489"}],"curies":[{"name":"wp","href":"https:\/\/api.w.org\/{rel}","templated":true}]}}