{"id":7643,"date":"2011-08-23T17:34:42","date_gmt":"2011-08-23T15:34:42","guid":{"rendered":"http:\/\/terragina.de\/blog\/2011\/08\/23\/kamera-check\/"},"modified":"2011-08-23T17:34:42","modified_gmt":"2011-08-23T15:34:42","slug":"kamera-check","status":"publish","type":"post","link":"https:\/\/terragina.de\/blog\/2011\/08\/23\/kamera-check\/","title":{"rendered":"Kamera-Check"},"content":{"rendered":"<p>Wir kennen es alle: Manchmal kommt es anders, als man denkt\u00e2\u20ac\u00a6<\/p>\n<p>Just ein paar Tage vor unserem geplanten Trip nach Hamburg und Berlin &#8211; um genau zu sein, vorgestern &#8211; machte die Kamera vom Sohnemann die Gr\u00c3\u00a4tsche. Filmen kann sie noch &#8211; aber fotografieren\u00e2\u20ac\u00a6 n\u00c3\u00b6! Arbeitsverweigerung. Und ein Fotoapparat hiesse nicht Fotoapparat, wenn man damit nicht vordergr\u00c3\u00bcndig Fotos machen wollen w\u00c3\u00bcrde. Sonst h\u00c3\u00a4tten wir uns ja seinerzeit auch eine Videokamera gekauft. ;)<\/p>\n<p>Da der Sohnemann aber so gerne knipst und nun auf meine Kleine Ixus spekulierte, wurde vergangenen Sonntag ein kleiner Familienrat einberufen und wir entschlossen uns, die kleine Ixus dem Sohnemann zu vererben und uns nach einer neuen Kleinen umzusehen, die wir dann in der kommenden Woche ausgiebig testen wollen.<\/p>\n<p>Wie gewohnt liefert Ama*zon ja recht schnell und ich finde sie doch sehr schnuckelig:<\/p>\n<div style=\"text-align: center;\">\n  <img loading=\"lazy\" decoding=\"async\" src=\"http:\/\/terragina.de\/blog\/wp-content\/uploads\/2011\/08\/canon_powershot.jpg\" width=\"580\" height=\"435\" alt=\"canon_powershot.jpg\" \/>\n<\/div>\n<p><\/p>\n<p>Nach vielen Jahren treuen Ixus-Diensten wurden wir abtr\u00c3\u00bcnnig und entschieden uns dieses Mal f\u00c3\u00bcr das n\u00c3\u00a4chst-gr\u00c3\u00b6\u00c3\u0178ere Modell von Can*on. Rein optisch finde ich sie schon toll, aber nat\u00c3\u00bcrlich musste ich auch so schnell wie m\u00c3\u00b6glich erste Testbilder machen und mich ein wenig in die Bedienungsanleitung einlesen\u00e2\u20ac\u00a6. hier also nun die ersten Fotos.<\/p>\n<div style=\"text-align: center;\">\n  \n<\/div>\n<div style=\"text-align: center;\">\n  <img loading=\"lazy\" decoding=\"async\" src=\"http:\/\/terragina.de\/blog\/wp-content\/uploads\/2011\/08\/canon_powershot_test_01.jpg\" width=\"580\" height=\"435\" alt=\"canon_powershot_test_01.jpg\" \/>\n<\/div>\n<div style=\"text-align: center;\">\n  \n<\/div>\n<div style=\"text-align: center;\">\n  <img loading=\"lazy\" decoding=\"async\" src=\"http:\/\/terragina.de\/blog\/wp-content\/uploads\/2011\/08\/canon_powershot_test_02.jpg\" width=\"580\" height=\"435\" alt=\"canon_powershot_test_02.jpg\" \/>\n<\/div>\n<div style=\"text-align: center;\">\n  \n<\/div>\n<div style=\"text-align: center;\">\n  <img loading=\"lazy\" decoding=\"async\" src=\"http:\/\/terragina.de\/blog\/wp-content\/uploads\/2011\/08\/canon_powershot_test_03.jpg\" width=\"580\" height=\"435\" alt=\"canon_powershot_test_03.jpg\" \/>\n<\/div>\n<div style=\"text-align: center;\">\n  \n<\/div>\n<div style=\"text-align: center;\">\n  <img loading=\"lazy\" decoding=\"async\" src=\"http:\/\/terragina.de\/blog\/wp-content\/uploads\/2011\/08\/canon_powershot_test_04.jpg\" width=\"580\" height=\"435\" alt=\"canon_powershot_test_04.jpg\" \/>\n<\/div>\n<div style=\"text-align: center;\">\n  \n<\/div>\n<div style=\"text-align: center;\">\n  <img loading=\"lazy\" decoding=\"async\" src=\"http:\/\/terragina.de\/blog\/wp-content\/uploads\/2011\/08\/canon_powershot_test_05.jpg\" width=\"580\" height=\"435\" alt=\"canon_powershot_test_05.jpg\" \/>\n<\/div>\n<p>Besonders begeistert bin ich von der Menuf\u00c3\u00bchrung (die man auch deaktivieren kann. F\u00c3\u00bcr den Anfang sehr hilfreich).<\/p>\n<p>Ich habe mich gleich im Manuell-Modus probiert. Absolut genial: Lichtverh\u00c3\u00a4ltnisse zeigen sich bereits auf dem gro\u00c3\u0178en Display der Kamera und so ist es ein Leichtes, Verschlu\u00c3\u0178zeit und Blende einzustellen. Ich bin ja schon lange kein Freund der Foto-Klick-Fotografie mehr und schraube gerne ein wenig an meinen Bildern rum.<\/p>\n<p>Ganz neu f\u00c3\u00bcr mich: L\u00c3\u00a4cheln-Erkennung &#8211; habe ich noch nie von geh\u00c3\u00b6rt. Gesichter-Erkennung ja, aber L\u00c3\u00a4cheln? Das will unbedingt noch ausgetestet werden.<\/p>\n<p>Das pdf-Manual (warum gibt`s keine gedrucktes Benutzerhandbuch mehr?) ist schon aufs Laptop geladen und im Urlaub <s>werde ich mich<\/s> werden wir uns gr\u00c3\u00bcndlich mit der \u00e2\u20ac\u017ekleinen Lilanen\u00e2\u20ac\u009d auseinander setzen.<\/p>\n<p>Der erste Eindruck ist durchweg sehr positiv\u00e2\u20ac\u00a6 Wahnsinn, was sich da in den letzten Jahren getan hat. Ich erinnere mich da noch an eine PowerShot, die mindestens doppelt so gro\u00c3\u0178 war wie die jetzige (die wirklich nur unwesentlich gr\u00c3\u00b6\u00c3\u0178er ist als die kleine Ixus). Meine G\u00c3\u00bcte, ist das lange her, dass sie in unserem Haus gewohnt hat. Wenn ich mich nicht irre, gab es da unsere Teenagerin noch gar nicht\u00e2\u20ac\u00a6. *lol*<\/p>\n<p>Hach, fotografieren macht so viel Spa\u00c3\u0178!! Jetzt \u00c3\u00bcberlege ich nur noch, ob ich die gro\u00c3\u0178e EOS auch mitschleppe nach Hamburg oder mich voll auf das Testen der Kleinen konzentriere? Werde ich mich da vielleicht \u00c3\u00a4rgern? Wir fahren ja mit dem Auto, ich glaube, ich werde den Fotorucksack schon einpacken, nicht dass ich was bereue&#8230;<\/p>\n","protected":false},"excerpt":{"rendered":"<p>Wir kennen es alle: Manchmal kommt es anders, als man denkt\u00e2\u20ac\u00a6 Just ein paar Tage vor unserem geplanten Trip nach Hamburg und Berlin &#8211; um genau zu sein, vorgestern &#8211; machte die Kamera vom Sohnemann die Gr\u00c3\u00a4tsche. Filmen kann sie noch &#8211; aber fotografieren\u00e2\u20ac\u00a6 n\u00c3\u00b6! Arbeitsverweigerung. Und ein Fotoapparat hiesse nicht Fotoapparat, wenn man damit nicht vordergr\u00c3\u00bcndig Fotos machen wollen w\u00c3\u00bcrde. Sonst h\u00c3\u00a4tten wir uns ja seinerzeit auch eine Videokamera gekauft. ;) Da der Sohnemann aber so gerne knipst und nun auf meine Kleine Ixus spekulierte, wurde vergangenen Sonntag ein kleiner Familienrat einberufen und wir entschlossen uns, die kleine Ixus dem Sohnemann zu vererben und uns nach einer neuen Kleinen umzusehen, die wir dann in der kommenden Woche ausgiebig testen wollen. Wie gewohnt liefert Ama*zon ja recht schnell und ich finde sie doch sehr schnuckelig: Nach vielen Jahren treuen Ixus-Diensten wurden wir abtr\u00c3\u00bcnnig und entschieden uns dieses Mal f\u00c3\u00bcr das n\u00c3\u00a4chst-gr\u00c3\u00b6\u00c3\u0178ere Modell von Can*on. Rein optisch finde ich sie schon toll, aber nat\u00c3\u00bcrlich musste ich auch so schnell wie m\u00c3\u00b6glich erste Testbilder machen und mich &hellip;<\/p>\n","protected":false},"author":1,"featured_media":0,"comment_status":"open","ping_status":"open","sticky":false,"template":"","format":"standard","meta":{"_jetpack_newsletter_access":"","_jetpack_dont_email_post_to_subs":false,"_jetpack_newsletter_tier_id":0,"_jetpack_memberships_contains_paywalled_content":false,"_jetpack_memberships_contains_paid_content":false,"footnotes":""},"categories":[2],"tags":[965,975,25,957,39,353],"class_list":["post-7643","post","type-post","status-publish","format-standard","hentry","category-foto","tag-beverly","tag-blumen","tag-cats","tag-foto","tag-katzen","tag-nala"],"jetpack_sharing_enabled":true,"jetpack_shortlink":"https:\/\/wp.me\/pq7aY-1Zh","jetpack_likes_enabled":true,"jetpack-related-posts":[],"jetpack_featured_media_url":"","_links":{"self":[{"href":"https:\/\/terragina.de\/blog\/wp-json\/wp\/v2\/posts\/7643","targetHints":{"allow":["GET"]}}],"collection":[{"href":"https:\/\/terragina.de\/blog\/wp-json\/wp\/v2\/posts"}],"about":[{"href":"https:\/\/terragina.de\/blog\/wp-json\/wp\/v2\/types\/post"}],"author":[{"embeddable":true,"href":"https:\/\/terragina.de\/blog\/wp-json\/wp\/v2\/users\/1"}],"replies":[{"embeddable":true,"href":"https:\/\/terragina.de\/blog\/wp-json\/wp\/v2\/comments?post=7643"}],"version-history":[{"count":0,"href":"https:\/\/terragina.de\/blog\/wp-json\/wp\/v2\/posts\/7643\/revisions"}],"wp:attachment":[{"href":"https:\/\/terragina.de\/blog\/wp-json\/wp\/v2\/media?parent=7643"}],"wp:term":[{"taxonomy":"category","embeddable":true,"href":"https:\/\/terragina.de\/blog\/wp-json\/wp\/v2\/categories?post=7643"},{"taxonomy":"post_tag","embeddable":true,"href":"https:\/\/terragina.de\/blog\/wp-json\/wp\/v2\/tags?post=7643"}],"curies":[{"name":"wp","href":"https:\/\/api.w.org\/{rel}","templated":true}]}}