{"id":7740,"date":"2011-09-06T12:32:22","date_gmt":"2011-09-06T10:32:22","guid":{"rendered":"http:\/\/terragina.de\/blog\/2011\/09\/06\/berlin-berlin-teil-i\/"},"modified":"2011-09-07T10:16:53","modified_gmt":"2011-09-07T08:16:53","slug":"berlin-berlin-teil-i","status":"publish","type":"post","link":"https:\/\/terragina.de\/blog\/2011\/09\/06\/berlin-berlin-teil-i\/","title":{"rendered":"Berlin, Berlin [Teil I]"},"content":{"rendered":"<p>\u00e2\u20ac\u00a6. wir <s style=\"text-decoration: line-through\">fahren nach Berlin<\/s> waren in Berlin! :yeah: Und unser erster Eindruck war: Gro\u00c3\u0178. Sehr gro\u00c3\u0178. Alles. Und weite Wege. Ohne Fahrkarte undenkbar. Trotzdem haben wir uns die F\u00c3\u00bcsse wund gelaufen. Auch der Hobbykoch.<\/p>\n<p>Aber toll war`s und wir haben viel gesehen.<\/p>\n<p>F\u00c3\u00bcr meinen Blog habe ich &#8211; f\u00c3\u00bcr`s Erste &#8211; eine kleine Auswahl der knapp 400 Fotos mitgebracht, die ich geknipst habe. Wer Lust und Zeit hat, kann sich gemeinsam mit uns auf eine kleine Reise durch die Berliner Innenstadt begeben. Viel Spa\u00c3\u0178!<\/p>\n<div style=\"text-align: center;\">\n  <a href=\"http:\/\/terragina.de\/blog\/wp-content\/uploads\/2011\/09\/berlin_01.jpg\" rel=\"lightbox[7740]\"><img loading=\"lazy\" decoding=\"async\" src=\"http:\/\/terragina.de\/blog\/wp-content\/uploads\/2011\/09\/berlin_01-tm.jpg\" width=\"210\" height=\"277\" alt=\"Der erste Weg f\u00c3\u00bchrte uns ins Sony-Center\" \/><\/a> <a href=\"http:\/\/terragina.de\/blog\/wp-content\/uploads\/2011\/09\/berlin_02.jpg\" rel=\"lightbox[7740]\"><img loading=\"lazy\" decoding=\"async\" src=\"http:\/\/terragina.de\/blog\/wp-content\/uploads\/2011\/09\/berlin_02-tm.jpg\" width=\"210\" height=\"277\" alt=\"Beeindruckend, dieses architektonische Wunderwerk!\" \/><\/a>\n<\/div>\n<div style=\"text-align: center;\">\n  \n<\/div>\n<div style=\"text-align: center;\">\n  <a href=\"http:\/\/terragina.de\/blog\/wp-content\/uploads\/2011\/09\/berlin_03.jpg\" rel=\"lightbox[7740]\"><img loading=\"lazy\" decoding=\"async\" src=\"http:\/\/terragina.de\/blog\/wp-content\/uploads\/2011\/09\/berlin_03-tm.jpg\" width=\"160\" height=\"120\" alt=\"Vorbei am Holocaust-Denkmal\u00e2\u20ac\u00a6\" \/><\/a> <a href=\"http:\/\/terragina.de\/blog\/wp-content\/uploads\/2011\/09\/berlin_04.jpg\" rel=\"lightbox[7740]\"><img loading=\"lazy\" decoding=\"async\" src=\"http:\/\/terragina.de\/blog\/wp-content\/uploads\/2011\/09\/berlin_04-tm.jpg\" width=\"160\" height=\"120\" alt=\"\u00e2\u20ac\u00a6 und diesem s\u00c3\u00bc\u00c3\u0178en Kampfschmuser \u00e2\u20ac\u00a6\" \/><\/a> <a href=\"http:\/\/terragina.de\/blog\/wp-content\/uploads\/2011\/09\/berlin_05.jpg\" rel=\"lightbox[7740]\"><img loading=\"lazy\" decoding=\"async\" src=\"http:\/\/terragina.de\/blog\/wp-content\/uploads\/2011\/09\/berlin_05-tm.jpg\" width=\"160\" height=\"120\" alt=\"\u00e2\u20ac\u00a6 erreichten wir das Brandenburger Tor (wie leider viele andere Touris auch)\" \/><\/a>\n<\/div>\n<div style=\"text-align: center;\">\n  \n<\/div>\n<div style=\"text-align: center;\">\n  <a href=\"http:\/\/terragina.de\/blog\/wp-content\/uploads\/2011\/09\/berlin_06.jpg\" rel=\"lightbox[7740]\"><img loading=\"lazy\" decoding=\"async\" src=\"http:\/\/terragina.de\/blog\/wp-content\/uploads\/2011\/09\/berlin_06-tm.jpg\" width=\"160\" height=\"120\" alt=\"Mein kleiner Faible f\u00c3\u00bcr Kanaldeckel (auch wenn er ohne Kippen sch\u00c3\u00b6ner w\u00c3\u00a4re\u00e2\u20ac\u00a6)\" \/><\/a> <a href=\"http:\/\/terragina.de\/blog\/wp-content\/uploads\/2011\/09\/berlin_07.jpg\" rel=\"lightbox[7740]\"><img loading=\"lazy\" decoding=\"async\" src=\"http:\/\/terragina.de\/blog\/wp-content\/uploads\/2011\/09\/berlin_07-tm.jpg\" width=\"160\" height=\"120\" alt=\"Der Weg f\u00c3\u00bchrte uns vorbei an der Humboldt-Universit\u00c3\u00a4t\" \/><\/a> <a href=\"http:\/\/terragina.de\/blog\/wp-content\/uploads\/2011\/09\/berlin_08.jpg\" rel=\"lightbox[7740]\"><img loading=\"lazy\" decoding=\"async\" src=\"http:\/\/terragina.de\/blog\/wp-content\/uploads\/2011\/09\/berlin_08-tm.jpg\" width=\"160\" height=\"120\" alt=\"weiter Richtung Alex und wir konnten einen ersten Blick auf den Dom erhaschen.\" \/><\/a>\n<\/div>\n<div style=\"text-align: center;\">\n  \n<\/div>\n<div style=\"text-align: center;\">\n  <a href=\"http:\/\/terragina.de\/blog\/wp-content\/uploads\/2011\/09\/berlin_09.jpg\" rel=\"lightbox[7740]\"><img loading=\"lazy\" decoding=\"async\" src=\"http:\/\/terragina.de\/blog\/wp-content\/uploads\/2011\/09\/berlin_09-tm.jpg\" width=\"160\" height=\"120\" alt=\"Noch ein bisschen weiter laufen - dann war der Blick frei.\" \/><\/a> <a href=\"http:\/\/terragina.de\/blog\/wp-content\/uploads\/2011\/09\/berlin_10.jpg\" rel=\"lightbox[7740]\"><img loading=\"lazy\" decoding=\"async\" src=\"http:\/\/terragina.de\/blog\/wp-content\/uploads\/2011\/09\/berlin_10-tm.jpg\" width=\"160\" height=\"120\" alt=\"Noch ein paar hundert Schritte weiter waren wir dann auch an unserem Tagesziel - dem Alexanderplatz - angekommen.\" \/><\/a> <a href=\"http:\/\/terragina.de\/blog\/wp-content\/uploads\/2011\/09\/berlin_11.jpg\" rel=\"lightbox[7740]\"><img loading=\"lazy\" decoding=\"async\" src=\"http:\/\/terragina.de\/blog\/wp-content\/uploads\/2011\/09\/berlin_11-tm.jpg\" width=\"160\" height=\"120\" alt=\"Die Weltzeituhr am Alex\" \/><\/a>\n<\/div>\n<p><\/p>\n<p>F\u00c3\u00bcr den Anfang sollten diese Bilder reichen &#8211; sie sind alle nur vom ersten Tag. :blush:<\/p>\n<p>Ich habe noch einige mehr in petto &#8211; Fortsetzung folgt. :winke:<\/p>\n","protected":false},"excerpt":{"rendered":"<p>\u00e2\u20ac\u00a6. wir fahren nach Berlin waren in Berlin! :yeah: Und unser erster Eindruck war: Gro\u00c3\u0178. Sehr gro\u00c3\u0178. Alles. Und weite Wege. Ohne Fahrkarte undenkbar. Trotzdem haben wir uns die F\u00c3\u00bcsse wund gelaufen. Auch der Hobbykoch. Aber toll war`s und wir haben viel gesehen. F\u00c3\u00bcr meinen Blog habe ich &#8211; f\u00c3\u00bcr`s Erste &#8211; eine kleine Auswahl der knapp 400 Fotos mitgebracht, die ich geknipst habe. Wer Lust und Zeit hat, kann sich gemeinsam mit uns auf eine kleine Reise durch die Berliner Innenstadt begeben. Viel Spa\u00c3\u0178! F\u00c3\u00bcr den Anfang sollten diese Bilder reichen &#8211; sie sind alle nur vom ersten Tag. :blush: Ich habe noch einige mehr in petto &#8211; Fortsetzung folgt. :winke:<\/p>\n","protected":false},"author":1,"featured_media":0,"comment_status":"open","ping_status":"open","sticky":false,"template":"","format":"standard","meta":{"_jetpack_newsletter_access":"","_jetpack_dont_email_post_to_subs":false,"_jetpack_newsletter_tier_id":0,"_jetpack_memberships_contains_paywalled_content":false,"_jetpack_memberships_contains_paid_content":false,"footnotes":""},"categories":[114],"tags":[421,973,419],"class_list":["post-7740","post","type-post","status-publish","format-standard","hentry","category-plauderecke","tag-fotoalbum","tag-plauderecke","tag-unterwegs"],"jetpack_sharing_enabled":true,"jetpack_shortlink":"https:\/\/wp.me\/pq7aY-20Q","jetpack_likes_enabled":true,"jetpack-related-posts":[],"jetpack_featured_media_url":"","_links":{"self":[{"href":"https:\/\/terragina.de\/blog\/wp-json\/wp\/v2\/posts\/7740","targetHints":{"allow":["GET"]}}],"collection":[{"href":"https:\/\/terragina.de\/blog\/wp-json\/wp\/v2\/posts"}],"about":[{"href":"https:\/\/terragina.de\/blog\/wp-json\/wp\/v2\/types\/post"}],"author":[{"embeddable":true,"href":"https:\/\/terragina.de\/blog\/wp-json\/wp\/v2\/users\/1"}],"replies":[{"embeddable":true,"href":"https:\/\/terragina.de\/blog\/wp-json\/wp\/v2\/comments?post=7740"}],"version-history":[{"count":0,"href":"https:\/\/terragina.de\/blog\/wp-json\/wp\/v2\/posts\/7740\/revisions"}],"wp:attachment":[{"href":"https:\/\/terragina.de\/blog\/wp-json\/wp\/v2\/media?parent=7740"}],"wp:term":[{"taxonomy":"category","embeddable":true,"href":"https:\/\/terragina.de\/blog\/wp-json\/wp\/v2\/categories?post=7740"},{"taxonomy":"post_tag","embeddable":true,"href":"https:\/\/terragina.de\/blog\/wp-json\/wp\/v2\/tags?post=7740"}],"curies":[{"name":"wp","href":"https:\/\/api.w.org\/{rel}","templated":true}]}}