{"id":7776,"date":"2011-09-07T12:06:19","date_gmt":"2011-09-07T10:06:19","guid":{"rendered":"http:\/\/terragina.de\/blog\/2011\/09\/07\/berlin-berlin-teil-ii\/"},"modified":"2011-09-09T16:10:17","modified_gmt":"2011-09-09T14:10:17","slug":"berlin-berlin-teil-ii","status":"publish","type":"post","link":"https:\/\/terragina.de\/blog\/2011\/09\/07\/berlin-berlin-teil-ii\/","title":{"rendered":"Berlin, Berlin [Teil II]"},"content":{"rendered":"<p>Och doch, ich habe einige Fotos gemacht, das Sichten f\u00c3\u00a4llt gar nicht so leicht. Welche Fotos m\u00c3\u00b6chte ich f\u00c3\u00bcr mich zur Erinnerung und f\u00c3\u00bcr meine lieben Blog-Besucherinnen und Besucher auf den Blog stellen?<\/p>\n<p>Ich hoffe, ich treffe ein wenig Euren Geschmack und Ihr habt genauso viel Freude am Durchschauen der Fotos wie ich. Diese hier sind alle am Mittwoch entstanden. Wobei wir an diesem Tag noch einiges mehr gesehen haben, aber ich m\u00c3\u00b6chte Euch auch nicht \u00c3\u00bcberfordern. *lol*<\/p>\n<div style=\"text-align: center;\">\n  <a href=\"http:\/\/terragina.de\/blog\/wp-content\/uploads\/2011\/09\/berlin_12.jpg\" rel=\"lightbox[7776]\"><img loading=\"lazy\" decoding=\"async\" src=\"http:\/\/terragina.de\/blog\/wp-content\/uploads\/2011\/09\/berlin_12-tm.jpg\" width=\"160\" height=\"120\" alt=\"Ein erster Blick auf den Reichstag\" \/><\/a><a href=\"http:\/\/terragina.de\/blog\/wp-content\/uploads\/2011\/09\/berlin_13.jpg\" rel=\"lightbox[7776]\"><img loading=\"lazy\" decoding=\"async\" src=\"http:\/\/terragina.de\/blog\/wp-content\/uploads\/2011\/09\/berlin_13-tm.jpg\" width=\"160\" height=\"120\" alt=\"Ein stolzes Geb\u00c3\u00a4ude\" \/><\/a><a href=\"http:\/\/terragina.de\/blog\/wp-content\/uploads\/2011\/09\/berlin_14.jpg\" rel=\"lightbox[7776]\"><img loading=\"lazy\" decoding=\"async\" src=\"http:\/\/terragina.de\/blog\/wp-content\/uploads\/2011\/09\/berlin_14-tm.jpg\" width=\"160\" height=\"120\" alt=\"Sowjetisches Ehrenmal\" \/><\/a>\n<\/div>\n<p><\/p>\n<p>Ein erster Blick auf den Reichstag. Leider wurden wir beim Versuch, die Kuppel zu besuchen, wieder weg geschickt. Das Besichtigen ist n\u00c3\u00a4mlich seit geraumer Zeit nur noch nach vorheriger Online-Anmeldung m\u00c3\u00b6glich. :( Ein Hoch auf die Smartphones, denn so konnten wir wenigstens direkt das Online-Formular ausf\u00c3\u00bcllen und zwei Tage sp\u00c3\u00a4ter morgens um 8:30 Uhr die Kuppel besuchen. Dazu aber mehr in einem anderen Blogbeitrag. ;)<\/p>\n<p>Entlang des Tiergartens auf der Stra\u00c3\u0178e des 17. Juni ging es Richtung Siegess\u00c3\u00a4ule &#8211; vorbei am <a href=\"http:\/\/de.wikipedia.org\/wiki\/Sowjetisches_Ehrenmal_(Tiergarten)\" title=\"Mehr Infos zum Sowjetischen Ehrenmal\">Sowjetischen Ehrenmal<\/a>. Ohne Menschen h\u00c3\u00a4tte mir das Foto noch besser gefallen, aber als sie nach 5 Minuten warten immer noch nicht verschwunden waren, hatte ich keine Lust mehr.<\/p>\n<\/p>\n<div style=\"text-align: center;\">\n  <a href=\"http:\/\/terragina.de\/blog\/wp-content\/uploads\/2011\/09\/berlin_15.jpg\" rel=\"lightbox[7776]\"><img loading=\"lazy\" decoding=\"async\" src=\"http:\/\/terragina.de\/blog\/wp-content\/uploads\/2011\/09\/berlin_15-tm.jpg\" width=\"120\" height=\"160\" alt=\"Komponisten-Denkmal im Tiergarten\" \/><\/a> <a href=\"http:\/\/terragina.de\/blog\/wp-content\/uploads\/2011\/09\/berlin_16.jpg\" rel=\"lightbox[7776]\"><img loading=\"lazy\" decoding=\"async\" src=\"http:\/\/terragina.de\/blog\/wp-content\/uploads\/2011\/09\/berlin_16-tm.jpg\" width=\"120\" height=\"160\" alt=\"Berliner Siegess\u00c3\u00a4ule\" \/><\/a>\n<\/div>\n<p><\/p>\n<p>Klar liefen wir auch ein St\u00c3\u00bcck in den Tiergarten hinein &#8211; allerdings habe ich nur dieses eine Denkmal, das <a href=\"http:\/\/de.wikipedia.org\/wiki\/Beethoven-Haydn-Mozart-Denkmal\" title=\"Weitere Infos zum Komponisten-Denkmal\">Beethoven-Haydn-Mozart-Denkmal<\/a>, dort fotografiert (Asche auf mein Haupt). Ein Blick in den Reisef\u00c3\u00bchrer zeigte mir, dass der Tiergarten noch einige mehr zu bieten gehabt h\u00c3\u00a4tte. :( Zur\u00c3\u00bcck auf der Stra\u00c3\u0178e des 17. Juni hatten wir dann aber einen tollen Blick auf die <a href=\"http:\/\/de.wikipedia.org\/wiki\/Berliner_Siegess%C3%A4ule\" title=\"Die Berliner Siegess\u00c3\u00a4ule\">Berliner Siegess\u00c3\u00a4ule<\/a>.<\/p>\n<div style=\"text-align: center;\">\n  <a href=\"http:\/\/terragina.de\/blog\/wp-content\/uploads\/2011\/09\/berlin_17.jpg\" rel=\"lightbox[7776]\"><img loading=\"lazy\" decoding=\"async\" src=\"http:\/\/terragina.de\/blog\/wp-content\/uploads\/2011\/09\/berlin_17-tm.jpg\" width=\"160\" height=\"120\" alt=\"Schloss Bellevue\" \/><\/a> <a href=\"http:\/\/terragina.de\/blog\/wp-content\/uploads\/2011\/09\/berlin_18.jpg\" rel=\"lightbox[7776]\"><img loading=\"lazy\" decoding=\"async\" src=\"http:\/\/terragina.de\/blog\/wp-content\/uploads\/2011\/09\/berlin_18-tm.jpg\" width=\"160\" height=\"120\" alt=\"Noch ein schneller Blick auf die Siegess\u00c3\u00a4ule\" \/><\/a>\n<\/div>\n<p><\/p>\n<p>Bald waren wir dann auch am Schloss Bellevue angekommen\u00e2\u20ac\u00a6 ich habe Herrn Wulff einmal kurz zugewunken. Ob er allerdings zu Hause war\u00e2\u20ac\u00a6? :) Einen letzten nahen Blick auf die Siegess\u00c3\u00a4ule konnten wir erhaschen, bevor unser Bus schneller ankam als gedacht. Ein bisschen schade ist das schon, so habe ich nur dieses eine Bild gemacht.<\/p>\n<div style=\"text-align: center;\">\n  <a href=\"http:\/\/terragina.de\/blog\/wp-content\/uploads\/2011\/09\/berlin_19.jpg\" rel=\"lightbox[7776]\"><img loading=\"lazy\" decoding=\"async\" src=\"http:\/\/terragina.de\/blog\/wp-content\/uploads\/2011\/09\/berlin_19-tm.jpg\" width=\"160\" height=\"120\" alt=\"Viele\u00e2\u20ac\u00a6\" \/><\/a> <a href=\"http:\/\/terragina.de\/blog\/wp-content\/uploads\/2011\/09\/berlin_21.jpg\" rel=\"lightbox[7776]\"><img loading=\"lazy\" decoding=\"async\" src=\"http:\/\/terragina.de\/blog\/wp-content\/uploads\/2011\/09\/berlin_21-tm.jpg\" width=\"160\" height=\"120\" alt=\"\u00e2\u20ac\u00a6bunte\u00e2\u20ac\u00a6\" \/><\/a> <a href=\"http:\/\/terragina.de\/blog\/wp-content\/uploads\/2011\/09\/berlin_20.jpg\" rel=\"lightbox[7776]\"><img loading=\"lazy\" decoding=\"async\" src=\"http:\/\/terragina.de\/blog\/wp-content\/uploads\/2011\/09\/berlin_20-tm.jpg\" width=\"160\" height=\"120\" alt=\"Buddy-B\u00c3\u00a4ren\" \/><\/a>\n<\/div>\n<div style=\"text-align: center;\">\n  <br \/>\n  <a href=\"http:\/\/terragina.de\/blog\/wp-content\/uploads\/2011\/09\/berlin_22.jpg\" rel=\"lightbox[7776]\"><img loading=\"lazy\" decoding=\"async\" src=\"http:\/\/terragina.de\/blog\/wp-content\/uploads\/2011\/09\/berlin_22-tm.jpg\" width=\"160\" height=\"120\" alt=\"Man muss sie einfach m\u00c3\u00b6gen, oder nicht?!\" \/><\/a>\n<\/div>\n<p><\/p>\n<p>Wir fuhren mit der Buslinie 100 (eine sch\u00c3\u00b6ne, kosteng\u00c3\u00bcnstige Sightseeing-Buslinie, vorbei an vielen Sehensw\u00c3\u00bcrdigkeiten) ein paar Haltestellen weiter. Um genau zu sein: Bis zur Endstation waren es nur noch 3-4 Haltepunkte &#8211; und schon waren wir am Ku&#8217;damm. Dort wurden wir von vielen bunten Buddy-B\u00c3\u00a4ren empfangen. Wer mehr dar\u00c3\u00bcber erfahren m\u00c3\u00b6chte, liest am besten einmal <a href=\"http:\/\/www.buddy-baer.com\/de.html\" title=\"Was sind denn bitte Buddy-B\u00c3\u00a4ren?\">hier<\/a>.<\/p>\n<div style=\"text-align: center;\">\n  <a href=\"http:\/\/terragina.de\/blog\/wp-content\/uploads\/2011\/09\/berlin_23.jpg\" rel=\"lightbox[7776]\"><img loading=\"lazy\" decoding=\"async\" src=\"http:\/\/terragina.de\/blog\/wp-content\/uploads\/2011\/09\/berlin_23-tm.jpg\" width=\"160\" height=\"120\" alt=\"Man kann sich schon wohlf\u00c3\u00bchlen\" \/><\/a> <a href=\"http:\/\/terragina.de\/blog\/wp-content\/uploads\/2011\/09\/berlin_24.jpg\" rel=\"lightbox[7776]\"><img loading=\"lazy\" decoding=\"async\" src=\"http:\/\/terragina.de\/blog\/wp-content\/uploads\/2011\/09\/berlin_24-tm.jpg\" width=\"160\" height=\"120\" alt=\"im Hard Rock Cafe Berlin\" \/><\/a> <a href=\"http:\/\/terragina.de\/blog\/wp-content\/uploads\/2011\/09\/berlin_25.jpg\" rel=\"lightbox[7776]\"><img loading=\"lazy\" decoding=\"async\" src=\"http:\/\/terragina.de\/blog\/wp-content\/uploads\/2011\/09\/berlin_25-tm.jpg\" width=\"160\" height=\"120\" alt=\"Die Berliner Weisse schmeckt hier ganz besonders gut!\" \/><\/a>\n<\/div>\n<p><\/p>\n<p>In Hamburg haben wir vergeblich versucht, dem Hard Rock Cafe einen Besuch abzustatten. Es war einfach kein Reinkommen vor lauter Menschen. Auf dem Kurf\u00c3\u00bcstendamm hingegen waren wir am sp\u00c3\u00a4ten Vormittag fast die Einzigen\u00e2\u20ac\u00a6 es hat mir schon s..gut gefallen, das <a href=\"http:\/\/www.hardrock.com\/locations\/cafes3\/cafe.aspx?LocationID=573&amp;MIBEnumID=3\" title=\"Hard Rock Cafe Berlin\">Hard Rock Caf\u00c3\u00a9 Berlin<\/a>. Ich h\u00c3\u00a4tte es dort gerne noch ein wenig l\u00c3\u00a4nger ausgehalten.<\/p>\n<p>Und mit der Gitarre von Reamonn verabschiede ich mich f\u00c3\u00bcr heute und verspreche, dass noch weitere Berlin-Bilder folgen werden &#8211; schlie\u00c3\u0178lich gab es letze Woche auch noch einen Donnerstag und einen Freitag (und den Rest vom Mittwoch)\u00e2\u20ac\u00a6<\/p>\n","protected":false},"excerpt":{"rendered":"<p>Och doch, ich habe einige Fotos gemacht, das Sichten f\u00c3\u00a4llt gar nicht so leicht. Welche Fotos m\u00c3\u00b6chte ich f\u00c3\u00bcr mich zur Erinnerung und f\u00c3\u00bcr meine lieben Blog-Besucherinnen und Besucher auf den Blog stellen? Ich hoffe, ich treffe ein wenig Euren Geschmack und Ihr habt genauso viel Freude am Durchschauen der Fotos wie ich. Diese hier sind alle am Mittwoch entstanden. Wobei wir an diesem Tag noch einiges mehr gesehen haben, aber ich m\u00c3\u00b6chte Euch auch nicht \u00c3\u00bcberfordern. *lol* Ein erster Blick auf den Reichstag. Leider wurden wir beim Versuch, die Kuppel zu besuchen, wieder weg geschickt. Das Besichtigen ist n\u00c3\u00a4mlich seit geraumer Zeit nur noch nach vorheriger Online-Anmeldung m\u00c3\u00b6glich. :( Ein Hoch auf die Smartphones, denn so konnten wir wenigstens direkt das Online-Formular ausf\u00c3\u00bcllen und zwei Tage sp\u00c3\u00a4ter morgens um 8:30 Uhr die Kuppel besuchen. Dazu aber mehr in einem anderen Blogbeitrag. ;) Entlang des Tiergartens auf der Stra\u00c3\u0178e des 17. Juni ging es Richtung Siegess\u00c3\u00a4ule &#8211; vorbei am Sowjetischen Ehrenmal. Ohne Menschen h\u00c3\u00a4tte mir das Foto noch besser gefallen, aber als sie nach 5 &hellip;<\/p>\n","protected":false},"author":1,"featured_media":0,"comment_status":"open","ping_status":"open","sticky":false,"template":"","format":"standard","meta":{"_jetpack_newsletter_access":"","_jetpack_dont_email_post_to_subs":false,"_jetpack_newsletter_tier_id":0,"_jetpack_memberships_contains_paywalled_content":false,"_jetpack_memberships_contains_paid_content":false,"footnotes":""},"categories":[114],"tags":[421,973,419,106],"class_list":["post-7776","post","type-post","status-publish","format-standard","hentry","category-plauderecke","tag-fotoalbum","tag-plauderecke","tag-unterwegs","tag-urlaub"],"jetpack_sharing_enabled":true,"jetpack_shortlink":"https:\/\/wp.me\/pq7aY-21q","jetpack_likes_enabled":true,"jetpack-related-posts":[],"jetpack_featured_media_url":"","_links":{"self":[{"href":"https:\/\/terragina.de\/blog\/wp-json\/wp\/v2\/posts\/7776","targetHints":{"allow":["GET"]}}],"collection":[{"href":"https:\/\/terragina.de\/blog\/wp-json\/wp\/v2\/posts"}],"about":[{"href":"https:\/\/terragina.de\/blog\/wp-json\/wp\/v2\/types\/post"}],"author":[{"embeddable":true,"href":"https:\/\/terragina.de\/blog\/wp-json\/wp\/v2\/users\/1"}],"replies":[{"embeddable":true,"href":"https:\/\/terragina.de\/blog\/wp-json\/wp\/v2\/comments?post=7776"}],"version-history":[{"count":0,"href":"https:\/\/terragina.de\/blog\/wp-json\/wp\/v2\/posts\/7776\/revisions"}],"wp:attachment":[{"href":"https:\/\/terragina.de\/blog\/wp-json\/wp\/v2\/media?parent=7776"}],"wp:term":[{"taxonomy":"category","embeddable":true,"href":"https:\/\/terragina.de\/blog\/wp-json\/wp\/v2\/categories?post=7776"},{"taxonomy":"post_tag","embeddable":true,"href":"https:\/\/terragina.de\/blog\/wp-json\/wp\/v2\/tags?post=7776"}],"curies":[{"name":"wp","href":"https:\/\/api.w.org\/{rel}","templated":true}]}}