{"id":7818,"date":"2011-09-08T12:12:16","date_gmt":"2011-09-08T10:12:16","guid":{"rendered":"http:\/\/terragina.de\/blog\/2011\/09\/08\/berlin-berlin-teil-iii\/"},"modified":"2011-09-13T15:01:34","modified_gmt":"2011-09-13T13:01:34","slug":"berlin-berlin-teil-iii","status":"publish","type":"post","link":"https:\/\/terragina.de\/blog\/2011\/09\/08\/berlin-berlin-teil-iii\/","title":{"rendered":"Berlin, Berlin [Teil III]"},"content":{"rendered":"<p>Habt Ihr noch Lust, gemeinsam mit mir durch Berlin zu schlendern? Hoffentlich, denn ich habe noch ein paar mehr Fotos in petto, die ich gern noch bloggen wollte. Und da heute mein letzter Urlaubstag ist und ich nicht wei\u00c3\u0178, ob ich die n\u00c3\u00a4chsten Tage noch die Bilder verkleinern und optimieren kann, gibt es heute noch einen dritten und <s style=\"text-decoration: line-through\">letzten<\/s> vorletzten Schwung Berlin-Eindr\u00c3\u00bccke hier an dieser Stelle. ;)<\/p>\n<p>Nat\u00c3\u00bcrlich durfte auch ein Besuch des KaDeWe`s nicht fehlen. Schon faszinierend &#8211; allerdings ist die Familie Terragina wohl nicht ganz die Zielgruppe und wir besuchten das Traditions-Kaufhaus frei nach dem Motto: Ansehen ja, aber \u00e2\u20ac\u017egeshoppt\u00e2\u20ac\u009d wird wo anders.<\/p>\n<div style=\"text-align: center;\">\n  <a href=\"http:\/\/terragina.de\/blog\/wp-content\/uploads\/2011\/09\/berlin_29.jpg\" rel=\"lightbox[7818]\"><img loading=\"lazy\" decoding=\"async\" src=\"http:\/\/terragina.de\/blog\/wp-content\/uploads\/2011\/09\/berlin_29-tm.jpg\" width=\"160\" height=\"120\" alt=\"Ein erster Blick auf das KaDeWe\" \/><\/a>\n<\/div>\n<p style=\"text-align: center;\"><a href=\"http:\/\/terragina.de\/blog\/wp-content\/uploads\/2011\/09\/berlin_26.jpg\" rel=\"lightbox[7818]\"><img loading=\"lazy\" decoding=\"async\" src=\"http:\/\/terragina.de\/blog\/wp-content\/uploads\/2011\/09\/berlin_26-tm.jpg\" width=\"120\" height=\"160\" alt=\"Sehr edel\" \/><\/a> <a href=\"http:\/\/terragina.de\/blog\/wp-content\/uploads\/2011\/09\/berlin_27.jpg\" rel=\"lightbox[7818]\"><img loading=\"lazy\" decoding=\"async\" src=\"http:\/\/terragina.de\/blog\/wp-content\/uploads\/2011\/09\/berlin_27-tm.jpg\" width=\"120\" height=\"160\" alt=\"Sehr teuer\" \/><\/a> <a href=\"http:\/\/terragina.de\/blog\/wp-content\/uploads\/2011\/09\/berlin_28.jpg\" rel=\"lightbox[7818]\"><img loading=\"lazy\" decoding=\"async\" src=\"http:\/\/terragina.de\/blog\/wp-content\/uploads\/2011\/09\/berlin_28-tm.jpg\" width=\"120\" height=\"160\" alt=\"Aber auch sehr sehenswert\" \/><\/a><\/p>\n<p><\/p>\n<p>Das <a href=\"http:\/\/www.europa-center-berlin.de\/\" title=\"Europa-Center Berlin\">Europa-Center<\/a> ist dann wohl eher auf unser Budget ausgerichtet und auch hier schlenderten wir gem\u00c3\u00bctlich durch. Besonders toll: <a href=\"http:\/\/www.europa-center-berlin.de\/sehenswertes\/die-uhr-der-fliessenden-zeit.html\" title=\"Die Uhr der fliessenden Zeit\">Die Uhr der fliessenden Zeit<\/a> &#8211; sehr sch\u00c3\u00b6n anzuschauen! Auch das Caf\u00c3\u00a9 hat uns sehr gut gefallen und gerne h\u00c3\u00a4tte ich dort ein P\u00c3\u00a4uschen gemacht &#8211; aber der Hobbykoch wollte weiter. Ausserdem war es f\u00c3\u00bcr ein \u00e2\u20ac\u017eFr\u00c3\u00bchst\u00c3\u00bcck bei Tiffanys\u00e2\u20ac\u009d auch schon zu sp\u00c3\u00a4t.<\/p>\n<div style=\"text-align: center;\">\n  <a href=\"http:\/\/terragina.de\/blog\/wp-content\/uploads\/2011\/09\/berlin_30.jpg\" rel=\"lightbox[7818]\"><img loading=\"lazy\" decoding=\"async\" src=\"http:\/\/terragina.de\/blog\/wp-content\/uploads\/2011\/09\/berlin_30-tm.jpg\" width=\"120\" height=\"160\" alt=\"Faszination Zeit\" \/><\/a> <a href=\"http:\/\/terragina.de\/blog\/wp-content\/uploads\/2011\/09\/berlin_31.jpg\" rel=\"lightbox[7818]\"><img loading=\"lazy\" decoding=\"async\" src=\"http:\/\/terragina.de\/blog\/wp-content\/uploads\/2011\/09\/berlin_31-tm.jpg\" width=\"120\" height=\"160\" alt=\"Sieht es nicht super gem\u00c3\u00bctlich aus...\" \/><\/a>\n<\/div>\n<div style=\"text-align: center;\">\n  \n<\/div>\n<div style=\"text-align: center;\">\n  <a href=\"http:\/\/terragina.de\/blog\/wp-content\/uploads\/2011\/09\/berlin_32.jpg\" rel=\"lightbox[7818]\"><img loading=\"lazy\" decoding=\"async\" src=\"http:\/\/terragina.de\/blog\/wp-content\/uploads\/2011\/09\/berlin_32-tm.jpg\" width=\"160\" height=\"120\" alt=\"\u00e2\u20ac\u00a6 das Caf\u00c3\u00a8 Tiffanys?\" \/><\/a>\n<\/div>\n<p><\/p>\n<p>Am Donnerstag dann machten wir uns auf zum sogenannten \u00e2\u20ac\u017eMauer-Walk\u00e2\u20ac\u009d &#8211; ein bedr\u00c3\u00bcckendes und beklemmendes Gef\u00c3\u00bchl und f\u00c3\u00bcr Nicht-Berliner kaum vorstellbar, dass diese Stadt und unser Land einfach in zwei Teile getrennt worden ist. Ein Teil Deutscher Geschichte, der f\u00c3\u00bcr mich immer noch so gar nicht nachvollziehbar ist. Am Potsdamer Bahnhof sind noch ein paar Mauerst\u00c3\u00bccke zu besichtigen.<\/p>\n<div style=\"text-align: center;\">\n  <a href=\"http:\/\/terragina.de\/blog\/wp-content\/uploads\/2011\/09\/berlin_33.jpg\" rel=\"lightbox[7818]\"><img loading=\"lazy\" decoding=\"async\" src=\"http:\/\/terragina.de\/blog\/wp-content\/uploads\/2011\/09\/berlin_33-tm.jpg\" width=\"120\" height=\"160\" alt=\"Da werden Erinnerungen wach\u00e2\u20ac\u00a6\" \/><\/a> <a href=\"http:\/\/terragina.de\/blog\/wp-content\/uploads\/2011\/09\/berlin_34.jpg\" rel=\"lightbox[7818]\"><img loading=\"lazy\" decoding=\"async\" src=\"http:\/\/terragina.de\/blog\/wp-content\/uploads\/2011\/09\/berlin_34-tm.jpg\" width=\"120\" height=\"160\" alt=\"\u00e2\u20ac\u00a6 an Zeiten, die Gott sei Dank vorbei sind!\" \/><\/a>\n<\/div>\n<div style=\"text-align: center;\">\n  \n<\/div>\n<div style=\"text-align: center;\">\n  <a href=\"http:\/\/terragina.de\/blog\/wp-content\/uploads\/2011\/09\/berlin_35.jpg\" rel=\"lightbox[7818]\"><img loading=\"lazy\" decoding=\"async\" src=\"http:\/\/terragina.de\/blog\/wp-content\/uploads\/2011\/09\/berlin_35-tm.jpg\" width=\"160\" height=\"120\" alt=\"Der Checkpoint Charlie\" \/><\/a> <a href=\"http:\/\/terragina.de\/blog\/wp-content\/uploads\/2011\/09\/berlin_36.jpg\" rel=\"lightbox[7818]\"><img loading=\"lazy\" decoding=\"async\" src=\"http:\/\/terragina.de\/blog\/wp-content\/uploads\/2011\/09\/berlin_36-tm.jpg\" width=\"160\" height=\"120\" alt=\"und die Markierung auf dem Asphalt, wo ehemals die Mauer verlief.\" \/><\/a>\n<\/div>\n<div style=\"text-align: center;\">\n  <br \/>\n  <a href=\"http:\/\/terragina.de\/blog\/wp-content\/uploads\/2011\/09\/berlin_37.jpg\" rel=\"lightbox[7818]\"><img loading=\"lazy\" decoding=\"async\" src=\"http:\/\/terragina.de\/blog\/wp-content\/uploads\/2011\/09\/berlin_37-tm.jpg\" width=\"160\" height=\"120\" alt=\"Traurige und bedr\u00c3\u00bcckende\" \/><\/a> <a href=\"http:\/\/terragina.de\/blog\/wp-content\/uploads\/2011\/09\/berlin_38.jpg\" rel=\"lightbox[7818]\"><img loading=\"lazy\" decoding=\"async\" src=\"http:\/\/terragina.de\/blog\/wp-content\/uploads\/2011\/09\/berlin_38-tm.jpg\" width=\"160\" height=\"120\" alt=\"deutsche Geschichte\" \/><\/a>\n<\/div>\n<p><\/p>\n<p>Zwangsl\u00c3\u00a4ufig werden Erinnerungen wach und beim Blick auf den Boden immer wieder die Frage: \u00e2\u20ac\u017eSind wir nun im ehemaligen Osten oder Westen?\u00e2\u20ac\u009d Ein beklemmendes Gef\u00c3\u00bchl. :(<\/p>\n<p><\/p>\n<p style=\"text-align: center;\">~ Themawechsel ~<\/p>\n<p><\/p>\n<p>Nat\u00c3\u00bcrlich haben wir es uns auch kulinarisch gut gehen lassen. Auf der Franz\u00c3\u00b6sischen Stra\u00c3\u0178e befindet sich seit 2010 das weltweit erste Ritter-Sport-Flagship-Store. Und als bekennende Schokoholikerin musste ich mir das nat\u00c3\u00bcrlich auch einmal aus der N\u00c3\u00a4he betrachten. Bunt &#8211; s\u00c3\u00bc\u00c3\u0178 &#8211; lecker!<\/p>\n<p>Bereits in den Wochen vor unserer Reise wusste ich auch schon sehr genau, wo ich auf jeden Fall mit meinem Hobbykoch hin wollte: Zu <a href=\"http:\/\/www.cynthiabarcomi.com\/barcomis\/deli\/\" title=\"Cynthia Barcomi`s Deli\">Cynthia Barcomi<\/a>! Ihr kleines, nettes Caf\u00c3\u00a9 befindet sich unweit der bekannteren Hackeschen H\u00c3\u00b6fe. Wir bestellten uns eine Brotauswahl mit drei verschiedenen Brotaufstrichen und es war sehr lecker. Nat\u00c3\u00bcrlich haben wir uns auch noch etwas zum Kaffeetrinken sp\u00c3\u00a4ter mitgenommen: Einen Monster-Brownie und einen White-Chocolate-Cookie. Hmmmmh!!<\/p>\n<div style=\"text-align: center;\">\n  <a href=\"http:\/\/terragina.de\/blog\/wp-content\/uploads\/2011\/09\/berlin_39.jpg\" rel=\"lightbox[7818]\"><img loading=\"lazy\" decoding=\"async\" src=\"http:\/\/terragina.de\/blog\/wp-content\/uploads\/2011\/09\/berlin_39-tm.jpg\" width=\"160\" height=\"120\" alt=\"Ritter-Sport-Flagship-Store\" \/><\/a> <a href=\"http:\/\/terragina.de\/blog\/wp-content\/uploads\/2011\/09\/berlin_40.jpg\" rel=\"lightbox[7818]\"><img loading=\"lazy\" decoding=\"async\" src=\"http:\/\/terragina.de\/blog\/wp-content\/uploads\/2011\/09\/berlin_40-tm.jpg\" width=\"160\" height=\"120\" alt=\"Willkommen bei Cyntia\" \/><\/a>\n<\/div>\n<p style=\"text-align: center;\">Es war sehr sch\u00c3\u00b6n, durch diese H\u00c3\u00b6fe zu spazieren\u00e2\u20ac\u00a6 hat uns sehr gut gefallen!<\/p>\n<p style=\"text-align: center;\"><a href=\"http:\/\/terragina.de\/blog\/wp-content\/uploads\/2011\/09\/berlin_41.jpg\" rel=\"lightbox[7818]\"><img loading=\"lazy\" decoding=\"async\" src=\"http:\/\/terragina.de\/blog\/wp-content\/uploads\/2011\/09\/berlin_41-tm.jpg\" width=\"160\" height=\"120\" alt=\"Rund um die Hackeschen H\u00c3\u00b6fe\" \/><\/a><\/p>\n<div style=\"text-align: center;\">\n  \n<\/div>\n<div style=\"text-align: center;\">\n  <a href=\"http:\/\/terragina.de\/blog\/wp-content\/uploads\/2011\/09\/berlin_42.jpg\" rel=\"lightbox[7818]\"><img loading=\"lazy\" decoding=\"async\" src=\"http:\/\/terragina.de\/blog\/wp-content\/uploads\/2011\/09\/berlin_42-tm.jpg\" width=\"120\" height=\"160\" alt=\"Die Gegens\u00c3\u00a4tze an der Wand fand ich einfach super!\" \/><\/a> <a href=\"http:\/\/terragina.de\/blog\/wp-content\/uploads\/2011\/09\/berlin_43.jpg\" rel=\"lightbox[7818]\"><img loading=\"lazy\" decoding=\"async\" src=\"http:\/\/terragina.de\/blog\/wp-content\/uploads\/2011\/09\/berlin_43-tm.jpg\" width=\"120\" height=\"160\" alt=\"H\u00c3\u00bcbsche Fassaden\" \/><\/a>\n<\/div>\n<p><\/p>\n<p>Mit S- und U-Bahn ging es am Nachmittag dann zum Schloss Charlottenburg. Davon aber morgen mehr, denn der Hobbykoch ruft gerade zur Gem\u00c3\u00bcsepfanne. :dance:<\/p>\n","protected":false},"excerpt":{"rendered":"<p>Habt Ihr noch Lust, gemeinsam mit mir durch Berlin zu schlendern? Hoffentlich, denn ich habe noch ein paar mehr Fotos in petto, die ich gern noch bloggen wollte. Und da heute mein letzter Urlaubstag ist und ich nicht wei\u00c3\u0178, ob ich die n\u00c3\u00a4chsten Tage noch die Bilder verkleinern und optimieren kann, gibt es heute noch einen dritten und letzten vorletzten Schwung Berlin-Eindr\u00c3\u00bccke hier an dieser Stelle. ;) Nat\u00c3\u00bcrlich durfte auch ein Besuch des KaDeWe`s nicht fehlen. Schon faszinierend &#8211; allerdings ist die Familie Terragina wohl nicht ganz die Zielgruppe und wir besuchten das Traditions-Kaufhaus frei nach dem Motto: Ansehen ja, aber \u00e2\u20ac\u017egeshoppt\u00e2\u20ac\u009d wird wo anders. Das Europa-Center ist dann wohl eher auf unser Budget ausgerichtet und auch hier schlenderten wir gem\u00c3\u00bctlich durch. Besonders toll: Die Uhr der fliessenden Zeit &#8211; sehr sch\u00c3\u00b6n anzuschauen! Auch das Caf\u00c3\u00a9 hat uns sehr gut gefallen und gerne h\u00c3\u00a4tte ich dort ein P\u00c3\u00a4uschen gemacht &#8211; aber der Hobbykoch wollte weiter. Ausserdem war es f\u00c3\u00bcr ein \u00e2\u20ac\u017eFr\u00c3\u00bchst\u00c3\u00bcck bei Tiffanys\u00e2\u20ac\u009d auch schon zu sp\u00c3\u00a4t. Am Donnerstag dann machten wir uns auf zum &hellip;<\/p>\n","protected":false},"author":1,"featured_media":0,"comment_status":"open","ping_status":"open","sticky":false,"template":"","format":"standard","meta":{"_jetpack_newsletter_access":"","_jetpack_dont_email_post_to_subs":false,"_jetpack_newsletter_tier_id":0,"_jetpack_memberships_contains_paywalled_content":false,"_jetpack_memberships_contains_paid_content":false,"footnotes":""},"categories":[114],"tags":[421,973,419,106],"class_list":["post-7818","post","type-post","status-publish","format-standard","hentry","category-plauderecke","tag-fotoalbum","tag-plauderecke","tag-unterwegs","tag-urlaub"],"jetpack_sharing_enabled":true,"jetpack_shortlink":"https:\/\/wp.me\/pq7aY-226","jetpack_likes_enabled":true,"jetpack-related-posts":[],"jetpack_featured_media_url":"","_links":{"self":[{"href":"https:\/\/terragina.de\/blog\/wp-json\/wp\/v2\/posts\/7818","targetHints":{"allow":["GET"]}}],"collection":[{"href":"https:\/\/terragina.de\/blog\/wp-json\/wp\/v2\/posts"}],"about":[{"href":"https:\/\/terragina.de\/blog\/wp-json\/wp\/v2\/types\/post"}],"author":[{"embeddable":true,"href":"https:\/\/terragina.de\/blog\/wp-json\/wp\/v2\/users\/1"}],"replies":[{"embeddable":true,"href":"https:\/\/terragina.de\/blog\/wp-json\/wp\/v2\/comments?post=7818"}],"version-history":[{"count":0,"href":"https:\/\/terragina.de\/blog\/wp-json\/wp\/v2\/posts\/7818\/revisions"}],"wp:attachment":[{"href":"https:\/\/terragina.de\/blog\/wp-json\/wp\/v2\/media?parent=7818"}],"wp:term":[{"taxonomy":"category","embeddable":true,"href":"https:\/\/terragina.de\/blog\/wp-json\/wp\/v2\/categories?post=7818"},{"taxonomy":"post_tag","embeddable":true,"href":"https:\/\/terragina.de\/blog\/wp-json\/wp\/v2\/tags?post=7818"}],"curies":[{"name":"wp","href":"https:\/\/api.w.org\/{rel}","templated":true}]}}