{"id":7884,"date":"2011-09-13T15:01:45","date_gmt":"2011-09-13T13:01:45","guid":{"rendered":"http:\/\/terragina.de\/blog\/2011\/09\/13\/berlin-berlin-teil-iv-der-letzte\/"},"modified":"2011-09-13T15:01:45","modified_gmt":"2011-09-13T13:01:45","slug":"berlin-berlin-teil-iv-der-letzte","status":"publish","type":"post","link":"https:\/\/terragina.de\/blog\/2011\/09\/13\/berlin-berlin-teil-iv-der-letzte\/","title":{"rendered":"Berlin, Berlin [Teil IV &#8211; der letzte]"},"content":{"rendered":"<p>Jetzt ist doch schon wieder Dienstag, aber irgendwie habe ich es nicht vorher auf die Reihe gebracht. Hier also nun die letzten Bilder von unserer Berlin-Reise. Nicht, dass wir am Donnerstag schon genug gelaufen w\u00c3\u00a4ren. Nein! Wir fuhren auch noch ein St\u00c3\u00bcckchen mit der S-Bahn, um uns das <a href=\"http:\/\/www.spsg.de\/index.php?id=134\" title=\"Schloss Charlottenburg\">Schloss Charlottenburg<\/a> anzusehen.<\/p>\n<div style=\"text-align: center;\">\n  <a href=\"http:\/\/terragina.de\/blog\/wp-content\/uploads\/2011\/09\/berlin_44.jpg\" rel=\"lightbox[7884]\"><img loading=\"lazy\" decoding=\"async\" src=\"http:\/\/terragina.de\/blog\/wp-content\/uploads\/2011\/09\/berlin_44-tm.jpg\" width=\"160\" height=\"120\" alt=\"Orangerie?\" \/><\/a> <a href=\"http:\/\/terragina.de\/blog\/wp-content\/uploads\/2011\/09\/berlin_45.jpg\" rel=\"lightbox[7884]\"><img loading=\"lazy\" decoding=\"async\" src=\"http:\/\/terragina.de\/blog\/wp-content\/uploads\/2011\/09\/berlin_45-tm.jpg\" width=\"160\" height=\"120\" alt=\"Das wundersch\u00c3\u00b6ne Schloss Charlottenburg\" \/><\/a> <a href=\"http:\/\/terragina.de\/blog\/wp-content\/uploads\/2011\/09\/berlin_46.jpg\" rel=\"lightbox[7884]\"><img loading=\"lazy\" decoding=\"async\" src=\"http:\/\/terragina.de\/blog\/wp-content\/uploads\/2011\/09\/berlin_46-tm.jpg\" width=\"160\" height=\"120\" alt=\"Leider reichte die Zeit und Motivation nicht mehr, um es von innen zu besichtigen.\" \/><\/a>\n<\/div>\n<p><\/p>\n<p>Besonders sch\u00c3\u00b6n auch der Garten hinter dem Schloss, aber die Fotos sind leider nicht ganz so sch\u00c3\u00b6n geworden.<\/p>\n<p>Freitags dann war f\u00c3\u00bcr 8:30 Uhr unsere Reichstags-Besichtigung geplant. Wir waren angemeldet, fr\u00c3\u00bchst\u00c3\u00bcckten gem\u00c3\u00bctlich und machten uns dann auf den Weg. Gar nicht dumm, so fr\u00c3\u00bch los zu gehen &#8211; es war noch recht leer in der Kuppel.<\/p>\n<div style=\"text-align: center;\">\n  <a href=\"http:\/\/terragina.de\/blog\/wp-content\/uploads\/2011\/09\/berlin_47.jpg\" rel=\"lightbox[7884]\"><img loading=\"lazy\" decoding=\"async\" src=\"http:\/\/terragina.de\/blog\/wp-content\/uploads\/2011\/09\/berlin_47-tm.jpg\" width=\"160\" height=\"120\" alt=\"Faszinierend\u00e2\u20ac\u00a6\" \/><\/a> <a href=\"http:\/\/terragina.de\/blog\/wp-content\/uploads\/2011\/09\/berlin_48.jpg\" rel=\"lightbox[7884]\"><img loading=\"lazy\" decoding=\"async\" src=\"http:\/\/terragina.de\/blog\/wp-content\/uploads\/2011\/09\/berlin_48-tm.jpg\" width=\"160\" height=\"120\" alt=\"\u00e2\u20ac\u00a6 diese riesige Glaskuppel\" \/><\/a>\n<\/div>\n<div style=\"text-align: center;\">\n  <a href=\"http:\/\/terragina.de\/blog\/wp-content\/uploads\/2011\/09\/berlin_49.jpg\" rel=\"lightbox[7884]\"><img loading=\"lazy\" decoding=\"async\" src=\"http:\/\/terragina.de\/blog\/wp-content\/uploads\/2011\/09\/berlin_49-tm.jpg\" width=\"160\" height=\"120\" alt=\"Erstaunlicherweise ist sie oben offen\" \/><\/a> <a href=\"http:\/\/terragina.de\/blog\/wp-content\/uploads\/2011\/09\/berlin_50.jpg\" rel=\"lightbox[7884]\"><img loading=\"lazy\" decoding=\"async\" src=\"http:\/\/terragina.de\/blog\/wp-content\/uploads\/2011\/09\/berlin_50-tm.jpg\" width=\"160\" height=\"120\" alt=\"Beeindruckend!\" \/><\/a>\n<\/div>\n<p><\/p>\n<p>Alles in allem haben wir dort oben ca. 1 Stunde verbracht und die tolle Aussicht genossen. Es war ein w\u00c3\u00bcrdiger Abschluss unserer Berlin-Reise.<\/p>\n<p>Ich habe noch viel mehr Fotos &#8211; aber ich denke, bei alles in allem 50 Bildern von Berlin soll es genug sein. Wir haben uns noch den raffinierten Hauptbahnhof, das <a href=\"http:\/\/de.wikipedia.org\/wiki\/Luftbr%C3%BCckendenkmal\" title=\"Was ist das Luftbr\u00c3\u00bcckendenkmal?\">Luftbr\u00c3\u00bcckendenkmal<\/a> und den Gendarmenmarkt mit dem deutschen und dem franz\u00c3\u00b6sischen Dom angesehen, sp\u00c3\u00a4ter fuhren wir noch auf die oberste Etage des ParkInn-Hotels, um f\u00c3\u00bcr ein halbes St\u00c3\u00bcndchen die tolle Aussicht \u00c3\u00bcber Berlin zu geniessen.<\/p>\n<p>Es waren vier anstrengende, aber auch sehr erlebnisreiche Tage. Trotzdem kann ich am Ende sagen, dass mir Hamburg ein kleines bisschen besser gef\u00c3\u00a4llt? Dort w\u00c3\u00bcrde ich sogar wohnen, das k\u00c3\u00b6nnte ich mir vorstellen.<\/p>\n<p>Aber: Berlin ist auch gro\u00c3\u0178artig\u00e2\u20ac\u00a6 vor allem eben gro\u00c3\u0178. ;)<\/p>\n","protected":false},"excerpt":{"rendered":"<p>Jetzt ist doch schon wieder Dienstag, aber irgendwie habe ich es nicht vorher auf die Reihe gebracht. Hier also nun die letzten Bilder von unserer Berlin-Reise. Nicht, dass wir am Donnerstag schon genug gelaufen w\u00c3\u00a4ren. Nein! Wir fuhren auch noch ein St\u00c3\u00bcckchen mit der S-Bahn, um uns das Schloss Charlottenburg anzusehen. Besonders sch\u00c3\u00b6n auch der Garten hinter dem Schloss, aber die Fotos sind leider nicht ganz so sch\u00c3\u00b6n geworden. Freitags dann war f\u00c3\u00bcr 8:30 Uhr unsere Reichstags-Besichtigung geplant. Wir waren angemeldet, fr\u00c3\u00bchst\u00c3\u00bcckten gem\u00c3\u00bctlich und machten uns dann auf den Weg. Gar nicht dumm, so fr\u00c3\u00bch los zu gehen &#8211; es war noch recht leer in der Kuppel. Alles in allem haben wir dort oben ca. 1 Stunde verbracht und die tolle Aussicht genossen. Es war ein w\u00c3\u00bcrdiger Abschluss unserer Berlin-Reise. Ich habe noch viel mehr Fotos &#8211; aber ich denke, bei alles in allem 50 Bildern von Berlin soll es genug sein. Wir haben uns noch den raffinierten Hauptbahnhof, das Luftbr\u00c3\u00bcckendenkmal und den Gendarmenmarkt mit dem deutschen und dem franz\u00c3\u00b6sischen Dom angesehen, sp\u00c3\u00a4ter fuhren wir &hellip;<\/p>\n","protected":false},"author":1,"featured_media":0,"comment_status":"open","ping_status":"open","sticky":false,"template":"","format":"standard","meta":{"_jetpack_newsletter_access":"","_jetpack_dont_email_post_to_subs":false,"_jetpack_newsletter_tier_id":0,"_jetpack_memberships_contains_paywalled_content":false,"_jetpack_memberships_contains_paid_content":false,"footnotes":""},"categories":[114],"tags":[421,973,419,106],"class_list":["post-7884","post","type-post","status-publish","format-standard","hentry","category-plauderecke","tag-fotoalbum","tag-plauderecke","tag-unterwegs","tag-urlaub"],"jetpack_sharing_enabled":true,"jetpack_shortlink":"https:\/\/wp.me\/pq7aY-23a","jetpack_likes_enabled":true,"jetpack-related-posts":[],"jetpack_featured_media_url":"","_links":{"self":[{"href":"https:\/\/terragina.de\/blog\/wp-json\/wp\/v2\/posts\/7884","targetHints":{"allow":["GET"]}}],"collection":[{"href":"https:\/\/terragina.de\/blog\/wp-json\/wp\/v2\/posts"}],"about":[{"href":"https:\/\/terragina.de\/blog\/wp-json\/wp\/v2\/types\/post"}],"author":[{"embeddable":true,"href":"https:\/\/terragina.de\/blog\/wp-json\/wp\/v2\/users\/1"}],"replies":[{"embeddable":true,"href":"https:\/\/terragina.de\/blog\/wp-json\/wp\/v2\/comments?post=7884"}],"version-history":[{"count":0,"href":"https:\/\/terragina.de\/blog\/wp-json\/wp\/v2\/posts\/7884\/revisions"}],"wp:attachment":[{"href":"https:\/\/terragina.de\/blog\/wp-json\/wp\/v2\/media?parent=7884"}],"wp:term":[{"taxonomy":"category","embeddable":true,"href":"https:\/\/terragina.de\/blog\/wp-json\/wp\/v2\/categories?post=7884"},{"taxonomy":"post_tag","embeddable":true,"href":"https:\/\/terragina.de\/blog\/wp-json\/wp\/v2\/tags?post=7884"}],"curies":[{"name":"wp","href":"https:\/\/api.w.org\/{rel}","templated":true}]}}